{"id":9979,"date":"2021-03-04T15:19:41","date_gmt":"2021-03-04T15:19:41","guid":{"rendered":"https:\/\/cinemachile.cl\/?p=9979"},"modified":"2021-03-15T01:11:35","modified_gmt":"2021-03-15T01:11:35","slug":"premios-goya-maite-alberdi-participa-en-conversatorio-previo-a-la-ceremonia-de-este-sabado","status":"publish","type":"post","link":"https:\/\/antes.cinemachile.cl\/en\/premios-goya-maite-alberdi-participa-en-conversatorio-previo-a-la-ceremonia-de-este-sabado\/","title":{"rendered":"Premios Goya: Maite Alberdi participa en conversatorio previo a la ceremonia de este s\u00e1bado"},"content":{"rendered":"<p><span style=\"font-weight: 400;\">\u00a1Los Premios Goya se acercan a pasos agigantados! Y, como antesala a la gala que se realizar\u00e1 este s\u00e1bado 6 de marzo, la Fundaci\u00f3n Academia de Cine program\u00f3 un <a href=\"https:\/\/www.youtube.com\/watch?v=yV7dw-xMIRk&amp;ab_channel=AcademiadeCine\">conversatorio online<\/a> con los nominados. Maite Alberdi, directora de <\/span><b><i>El agente topo<\/i><\/b><span style=\"font-weight: 400;\">, convers\u00f3 con otros tres cineastas de la regi\u00f3n acerca de las motivaciones, contextos y rodajes de sus pel\u00edculas.<\/span><\/p>\n<p><span style=\"font-weight: 400;\">Fernando Trueba (<em>El olvido que seremos<\/em>); Jayro Bustamante (<em>La llorona<\/em>) y Fernando Fr\u00edas de la Parra (<em>Ya no estoy aqu\u00ed<\/em>) junto a Alberdi abordaron tambi\u00e9n la deuda del audiovisual de Am\u00e9rica Latina en t\u00e9rminos de distribuci\u00f3n y difusi\u00f3n.\u00a0\u00a0<\/span><\/p>\n<p><span style=\"font-weight: 400;\">\u201cLa riqueza y diversidad del cine iberoamericano ha costado mucho que llegue a salas <\/span><span style=\"font-weight: 400;\">internacionales<\/span><span style=\"font-weight: 400;\">\u201d, mencion\u00f3 Maite. Sin embargo, destac\u00f3 c\u00f3mo la pandemia y el estallido social del 18 de octubre de 2019 han potenciado el visionado de pel\u00edculas chilenas.<\/span><\/p>\n<h3 style=\"text-align: center;\"><strong>\u00a1Disfruta y comparte este gran conversatorio previo a los Goya!<\/strong><\/h3>\n<p style=\"text-align: center;\"><iframe loading=\"lazy\" src=\"https:\/\/www.youtube.com\/embed\/yV7dw-xMIRk\" width=\"560\" height=\"315\" frameborder=\"0\" allowfullscreen=\"allowfullscreen\"><\/iframe><\/p>\n<!-- AddThis Advanced Settings generic via filter on the_content --><!-- AddThis Share Buttons generic via filter on the_content -->","protected":false},"excerpt":{"rendered":"<p>\u00a1Los Premios Goya se acercan a pasos agigantados! Y, como antesala a la gala que se realizar\u00e1 este s\u00e1bado 6 de marzo, la Fundaci\u00f3n Academia de Cine program\u00f3 un conversatorio online con los nominados. Maite Alberdi, directora de El agente topo, convers\u00f3 con otros tres cineastas de la regi\u00f3n acerca de las motivaciones, contextos y [&hellip;]<!-- AddThis Advanced Settings generic via filter on wp_trim_excerpt --><!-- AddThis Share Buttons generic via filter on wp_trim_excerpt --><\/p>\n","protected":false},"author":4,"featured_media":8432,"comment_status":"open","ping_status":"open","sticky":false,"template":"","format":"standard","meta":{"loftloader_page_shortcode":""},"categories":[1],"tags":[106,108,93,110,105,107,109],"yoast_head":"<!-- This site is optimized with the Yoast SEO plugin v16.2 - https:\/\/yoast.com\/wordpress\/plugins\/seo\/ -->\n<title>Premios Goya: Maite Alberdi participa en conversatorio<\/title>\n<meta name=\"description\" content=\"La directora nacional Maite Alberdi participa en conversatorio con los otros nominados a Mejor Pel\u00edcula Iberoamericana de los Premios Goya\" \/>\n<meta name=\"robots\" content=\"index, follow, max-snippet:-1, max-image-preview:large, max-video-preview:-1\" \/>\n<link rel=\"canonical\" href=\"https:\/\/antes.cinemachile.cl\/?p=9979\" \/>\n<meta property=\"og:locale\" content=\"en_US\" \/>\n<meta property=\"og:type\" content=\"article\" \/>\n<meta property=\"og:title\" content=\"Premios Goya: Maite Alberdi participa en conversatorio\" \/>\n<meta property=\"og:description\" content=\"La directora nacional Maite Alberdi participa en conversatorio con los otros nominados a Mejor Pel\u00edcula Iberoamericana de los Premios Goya\" \/>\n<meta property=\"og:url\" content=\"https:\/\/antes.cinemachile.cl\/?p=9979\" \/>\n<meta property=\"article:publisher\" content=\"https:\/\/www.facebook.com\/cinemachile\" \/>\n<meta property=\"article:published_time\" content=\"2021-03-04T15:19:41+00:00\" \/>\n<meta property=\"article:modified_time\" content=\"2021-03-15T01:11:35+00:00\" \/>\n<meta property=\"og:image\" content=\"https:\/\/cinemachile.cl\/wp-content\/uploads\/2020\/09\/el-agente-topo-goya.jpg\" \/>\n\t<meta property=\"og:image:width\" content=\"1351\" \/>\n\t<meta property=\"og:image:height\" content=\"756\" \/>\n<meta name=\"twitter:card\" content=\"summary_large_image\" \/>\n<meta name=\"twitter:creator\" content=\"@cinemachile\" \/>\n<meta name=\"twitter:site\" content=\"@cinemachile\" \/>\n<meta name=\"twitter:label1\" content=\"Est. reading time\">\n\t<meta name=\"twitter:data1\" content=\"1 minute\">\n<script type=\"application\/ld+json\" class=\"yoast-schema-graph\">{\"@context\":\"https:\/\/schema.org\",\"@graph\":[{\"@type\":\"Organization\",\"@id\":\"https:\/\/antes.cinemachile.cl\/#organization\",\"name\":\"CinemaChile\",\"url\":\"https:\/\/antes.cinemachile.cl\/\",\"sameAs\":[\"https:\/\/www.facebook.com\/cinemachile\",\"https:\/\/www.instagram.com\/cinemachile\/\",\"https:\/\/twitter.com\/cinemachile\"],\"logo\":{\"@type\":\"ImageObject\",\"@id\":\"https:\/\/antes.cinemachile.cl\/#logo\",\"inLanguage\":\"en-US\",\"url\":\"https:\/\/cinemachile.cl\/wp-content\/uploads\/2020\/06\/logo-cinema-gif.gif\",\"contentUrl\":\"https:\/\/cinemachile.cl\/wp-content\/uploads\/2020\/06\/logo-cinema-gif.gif\",\"width\":330,\"height\":150,\"caption\":\"CinemaChile\"},\"image\":{\"@id\":\"https:\/\/antes.cinemachile.cl\/#logo\"}},{\"@type\":\"WebSite\",\"@id\":\"https:\/\/antes.cinemachile.cl\/#website\",\"url\":\"https:\/\/antes.cinemachile.cl\/\",\"name\":\"\",\"description\":\"\",\"publisher\":{\"@id\":\"https:\/\/antes.cinemachile.cl\/#organization\"},\"potentialAction\":[{\"@type\":\"SearchAction\",\"target\":\"https:\/\/antes.cinemachile.cl\/?s={search_term_string}\",\"query-input\":\"required name=search_term_string\"}],\"inLanguage\":\"en-US\"},{\"@type\":\"ImageObject\",\"@id\":\"https:\/\/antes.cinemachile.cl\/?p=9979#primaryimage\",\"inLanguage\":\"en-US\",\"url\":\"https:\/\/antes.cinemachile.cl\/wp-content\/uploads\/2020\/09\/el-agente-topo-goya.jpg\",\"contentUrl\":\"https:\/\/antes.cinemachile.cl\/wp-content\/uploads\/2020\/09\/el-agente-topo-goya.jpg\",\"width\":1351,\"height\":756,\"caption\":\"agente topo mirando por una lupa\"},{\"@type\":\"WebPage\",\"@id\":\"https:\/\/antes.cinemachile.cl\/?p=9979#webpage\",\"url\":\"https:\/\/antes.cinemachile.cl\/?p=9979\",\"name\":\"Premios Goya: Maite Alberdi participa en conversatorio\",\"isPartOf\":{\"@id\":\"https:\/\/antes.cinemachile.cl\/#website\"},\"primaryImageOfPage\":{\"@id\":\"https:\/\/antes.cinemachile.cl\/?p=9979#primaryimage\"},\"datePublished\":\"2021-03-04T15:19:41+00:00\",\"dateModified\":\"2021-03-15T01:11:35+00:00\",\"description\":\"La directora nacional Maite Alberdi participa en conversatorio con los otros nominados a Mejor Pel\\u00edcula Iberoamericana de los Premios Goya\",\"breadcrumb\":{\"@id\":\"https:\/\/antes.cinemachile.cl\/?p=9979#breadcrumb\"},\"inLanguage\":\"en-US\",\"potentialAction\":[{\"@type\":\"ReadAction\",\"target\":[\"https:\/\/antes.cinemachile.cl\/?p=9979\"]}]},{\"@type\":\"BreadcrumbList\",\"@id\":\"https:\/\/antes.cinemachile.cl\/?p=9979#breadcrumb\",\"itemListElement\":[{\"@type\":\"ListItem\",\"position\":1,\"item\":{\"@type\":\"WebPage\",\"@id\":\"https:\/\/antes.cinemachile.cl\/\",\"url\":\"https:\/\/antes.cinemachile.cl\/\",\"name\":\"Portada\"}},{\"@type\":\"ListItem\",\"position\":2,\"item\":{\"@id\":\"https:\/\/antes.cinemachile.cl\/?p=9979#webpage\"}}]},{\"@type\":\"Article\",\"@id\":\"https:\/\/antes.cinemachile.cl\/?p=9979#article\",\"isPartOf\":{\"@id\":\"https:\/\/antes.cinemachile.cl\/?p=9979#webpage\"},\"author\":{\"@id\":\"https:\/\/antes.cinemachile.cl\/#\/schema\/person\/ee02b79f2dae650098562382a24d21d1\"},\"headline\":\"Premios Goya: Maite Alberdi participa en conversatorio previo a la ceremonia de este s\\u00e1bado\",\"datePublished\":\"2021-03-04T15:19:41+00:00\",\"dateModified\":\"2021-03-15T01:11:35+00:00\",\"mainEntityOfPage\":{\"@id\":\"https:\/\/antes.cinemachile.cl\/?p=9979#webpage\"},\"commentCount\":0,\"publisher\":{\"@id\":\"https:\/\/antes.cinemachile.cl\/#organization\"},\"image\":{\"@id\":\"https:\/\/antes.cinemachile.cl\/?p=9979#primaryimage\"},\"keywords\":[\"agente topo\",\"alberdi\",\"chile\",\"espa\\u00f1a\",\"goya\",\"maite\",\"premios\"],\"articleSection\":[\"Sin categor\\u00eda\"],\"inLanguage\":\"en-US\",\"potentialAction\":[{\"@type\":\"CommentAction\",\"name\":\"Comment\",\"target\":[\"https:\/\/antes.cinemachile.cl\/?p=9979#respond\"]}]},{\"@type\":\"Person\",\"@id\":\"https:\/\/antes.cinemachile.cl\/#\/schema\/person\/ee02b79f2dae650098562382a24d21d1\",\"name\":\"Prensa CinemaChile\",\"image\":{\"@type\":\"ImageObject\",\"@id\":\"https:\/\/antes.cinemachile.cl\/#personlogo\",\"inLanguage\":\"en-US\",\"url\":\"https:\/\/secure.gravatar.com\/avatar\/b3ccb455f578dd97b84c14103abb9dcb?s=96&d=mm&r=g\",\"contentUrl\":\"https:\/\/secure.gravatar.com\/avatar\/b3ccb455f578dd97b84c14103abb9dcb?s=96&d=mm&r=g\",\"caption\":\"Prensa CinemaChile\"}}]}<\/script>\n<!-- \/ Yoast SEO plugin. -->","_links":{"self":[{"href":"https:\/\/antes.cinemachile.cl\/en\/wp-json\/wp\/v2\/posts\/9979"}],"collection":[{"href":"https:\/\/antes.cinemachile.cl\/en\/wp-json\/wp\/v2\/posts"}],"about":[{"href":"https:\/\/antes.cinemachile.cl\/en\/wp-json\/wp\/v2\/types\/post"}],"author":[{"embeddable":true,"href":"https:\/\/antes.cinemachile.cl\/en\/wp-json\/wp\/v2\/users\/4"}],"replies":[{"embeddable":true,"href":"https:\/\/antes.cinemachile.cl\/en\/wp-json\/wp\/v2\/comments?post=9979"}],"version-history":[{"count":5,"href":"https:\/\/antes.cinemachile.cl\/en\/wp-json\/wp\/v2\/posts\/9979\/revisions"}],"predecessor-version":[{"id":9984,"href":"https:\/\/antes.cinemachile.cl\/en\/wp-json\/wp\/v2\/posts\/9979\/revisions\/9984"}],"wp:featuredmedia":[{"embeddable":true,"href":"https:\/\/antes.cinemachile.cl\/en\/wp-json\/wp\/v2\/media\/8432"}],"wp:attachment":[{"href":"https:\/\/antes.cinemachile.cl\/en\/wp-json\/wp\/v2\/media?parent=9979"}],"wp:term":[{"taxonomy":"category","embeddable":true,"href":"https:\/\/antes.cinemachile.cl\/en\/wp-json\/wp\/v2\/categories?post=9979"},{"taxonomy":"post_tag","embeddable":true,"href":"https:\/\/antes.cinemachile.cl\/en\/wp-json\/wp\/v2\/tags?post=9979"}],"curies":[{"name":"wp","href":"https:\/\/api.w.org\/{rel}","templated":true}]}}