{"id":9763,"date":"2020-02-10T17:19:42","date_gmt":"2020-02-10T17:19:42","guid":{"rendered":"https:\/\/cinemachile.cl\/?p=9763"},"modified":"2021-02-12T14:34:10","modified_gmt":"2021-02-12T14:34:10","slug":"chile-en-efm-2021-noticia-en-desarrollo","status":"publish","type":"post","link":"https:\/\/antes.cinemachile.cl\/en\/chile-at-efm-2021\/","title":{"rendered":"Chile at EFM 2021 &#8211; A developing news story!"},"content":{"rendered":"<p><i><span style=\"font-weight: 400;\">-Chile is returning this year to the European Film Market\u00a0<\/span><\/i><span style=\"font-weight: 400;\">(<\/span><i><span style=\"font-weight: 400;\">EFM) with more than 20 producers participating in the virtual event and with <\/span><\/i><b><i>The Land of Savages\u00a0<\/i><\/b><i><span style=\"font-weight: 400;\">(Fernando Guzzoni, F\u00e1bula) in the Official Selection of the Co-Production Market<\/span><\/i><\/p>\n<p><b>\u00a0<\/b><\/p>\n<h2><span style=\"color: #ff0000;\"><b>Still energized by CHILE, COUNTRY IN FOCUS 2020 <\/b><b>\u00a0<\/b><\/span><\/h2>\n<p><span style=\"font-weight: 400;\">In 2020, Chile had the great honor of being\u00a0the Focus Country of the Berlinale EFM, an unprecedented milestone for our industry, reaffirming that our country is a creative powerhouse with global impact.\u00a0More than 70 producers and directors brought their projects in development to the market and set the tone for the future of Chilean cinema\u00a0 in areas such as the Producers Hub, the Berlinale Series Market, and Doc Salon, among many others.<\/span><\/p>\n<p><span style=\"font-weight: 400;\">Amid the bustling activity of the Martin Gropius, no\u00a0one would have imagined that it would be the last time during the year that a Chilean delegation would travel abroad.\u00a0Now, we are enthusiastically preparing to return to the virtual EFM to be held from March 1-5, recapturing and continuing the same energy we felt during Chile Country in Focus.<\/span><\/p>\n<p><span style=\"font-weight: 400;\">\u00a0<\/span><\/p>\n<h2><span style=\"color: #ff0000;\"><b>Co-production Market<\/b><\/span><\/h2>\n<p><span style=\"font-weight: 400;\">The Coproduction Market has brought us some exciting news: the selection of\u00a0<\/span><i><span style=\"font-weight: 400;\">The Land of the Savages<\/span><\/i><b><i>\u00a0<\/i><\/b><span style=\"font-weight: 400;\">by\u00a0Fernando Guzzoni, the director&#8217;s upcoming fourth fiction feature produced by Roc\u00edo Jadue (Fabula). The co-production market also includes the participation of 35 films, and it will be interesting to see how Guzzoni approaches a new narrative with the characteristics of his particular author-driven gaze, acclaimed in his debut feature\u00a0<\/span><b><i>Carne de perro<\/i><\/b><span style=\"font-weight: 400;\"> (San Sebasti\u00e1n, 2012) and \u00a0<\/span><b><i>JES\u00daS\u00a0<\/i><\/b><span style=\"font-weight: 400;\">(Toronto and San Sebasti\u00e1n, 2016).<\/span><span style=\"font-weight: 400;\">\u00a0<\/span><\/p>\n<p><span style=\"font-weight: 400;\">This new film also sees Guzzoni join creative forces with Roc\u00edo Jadue, Head of Latin American Film for F\u00e1bula.\u00a0More recently, Jadue worked on <\/span><b><i>Nadie sabe que estoy aqu\u00ed<\/i><\/b><span style=\"font-weight: 400;\">\u00a0(<\/span><i><span style=\"font-weight: 400;\">Nobody Knows I&#8217;m Here)<\/span><\/i><b><i>,\u00a0<\/i><\/b><span style=\"font-weight: 400;\">by Gaspar Antillo\u00a0\u00a0 (Tribeca, 2020)\u00a0and\u00a0<\/span><b><i>Una Mujer Fantastica <\/i><\/b><i><span style=\"font-weight: 400;\">(A Fantastic Woman)<\/span><\/i><b><i>\u00a0<\/i><\/b><span style=\"font-weight: 400;\">(Berlin, 2018), directed by Sebasti\u00e1n Lelio, winner of Chile\u2019s first Oscar for Best Foreign Language Film.\u00a0Roc\u00edo&#8217;s career in F\u00e1bula dates back to 2012 when she was executive producer of\u00a0<\/span><b><i>No<\/i><\/b><span style=\"font-weight: 400;\">, Chile&#8217;s first Oscar-nominated film, by Pablo Larra\u00edn.\u00a0She has worked on a total of 15 productions, which have premiered at festivals such as Cannes, Berlin, Venice, Sundance and Tribeca, among others.<\/span><span style=\"font-weight: 400;\">\u00a0<\/span><\/p>\n<p><span style=\"font-weight: 400;\">Currently, Guzzoni is also developing\u00a0<\/span><b><i>Blanquita\u00a0<\/i><\/b><span style=\"font-weight: 400;\">, produced by Giancarlo Nasi (Quijote) based on one of Chile\u2019s most gruesome political sex scandals of the last decade: the \u201cSpiniak affair\u201d.\u00a0Both this work and\u00a0<\/span><b><i>La tierra de los Salvajes\u00a0<\/i><\/b><span style=\"font-weight: 400;\">highlight the director&#8217;s interest in scandals that captivate the general public, as part of a constant search to establish a dialogue with real life.<\/span><\/p>\n<p>&nbsp;<\/p>\n<h2><span style=\"color: #ff0000;\"><b>EFM GOES VIRTUAL<\/b><\/span><\/h2>\n<p><span style=\"font-weight: 400;\">This year, the online market offers a wide networking platform for producers, sales agents, and international institutions, offering online film screenings and meeting spaces.\u00a0\u00a0With the support of ProChile and the Ministry of Cultures, Chile will participate via a virtual stand and a delegation that includes more than 20 producers.<\/span><\/p>\n<p><b>THIS IS A DEVELOPING NEWS STORY!\u00a0We will be updating this article soon with the latest news about Chile&#8217;s participation in EFM 2021!<\/b><\/p>\n<!-- AddThis Advanced Settings generic via filter on the_content --><!-- AddThis Share Buttons generic via filter on the_content -->","protected":false},"excerpt":{"rendered":"<p>-Chile is returning this year to the European Film Market\u00a0(EFM) with more than 20 producers participating in the virtual event and with The Land of Savages\u00a0(Fernando Guzzoni, F\u00e1bula) in the Official Selection of the Co-Production Market \u00a0 Still energized by CHILE, COUNTRY IN FOCUS 2020 \u00a0 In 2020, Chile had the great honor of being\u00a0the [&hellip;]<!-- AddThis Advanced Settings generic via filter on wp_trim_excerpt --><!-- AddThis Share Buttons generic via filter on wp_trim_excerpt --><\/p>\n","protected":false},"author":3,"featured_media":9764,"comment_status":"open","ping_status":"open","sticky":false,"template":"","format":"standard","meta":{"loftloader_page_shortcode":""},"categories":[1],"tags":[],"yoast_head":"<!-- This site is optimized with the Yoast SEO plugin v16.2 - https:\/\/yoast.com\/wordpress\/plugins\/seo\/ -->\n<title>Chile at EFM 2021 - A developing news story! &raquo;<\/title>\n<meta name=\"robots\" content=\"index, follow, max-snippet:-1, max-image-preview:large, max-video-preview:-1\" \/>\n<link rel=\"canonical\" href=\"https:\/\/antes.cinemachile.cl\/?p=9763\" \/>\n<meta property=\"og:locale\" content=\"en_US\" \/>\n<meta property=\"og:type\" content=\"article\" \/>\n<meta property=\"og:title\" content=\"[:es]CHILE VUELVE AL EFM! - Noticia en desarrollo! Siguenos atentos para descubrir qu\u00e9 sorpresas traer\u00e1 la delegaci\u00f3n chilena en la Berlinale 2021[:en]Chile at EFM 2021 - A developing news story![:] &raquo;\" \/>\n<meta property=\"og:description\" content=\"-Chile is returning this year to the European Film Market\u00a0(EFM) with more than 20 producers participating in the virtual event and with The Land of Savages\u00a0(Fernando Guzzoni, F\u00e1bula) in the Official Selection of the Co-Production Market \u00a0 Still energized by CHILE, COUNTRY IN FOCUS 2020 \u00a0 In 2020, Chile had the great honor of being\u00a0the [&hellip;]\" \/>\n<meta property=\"og:url\" content=\"https:\/\/antes.cinemachile.cl\/?p=9763\" \/>\n<meta property=\"article:publisher\" content=\"https:\/\/www.facebook.com\/cinemachile\" \/>\n<meta property=\"article:published_time\" content=\"2020-02-10T17:19:42+00:00\" \/>\n<meta property=\"article:modified_time\" content=\"2021-02-12T14:34:10+00:00\" \/>\n<meta property=\"og:image\" content=\"https:\/\/cinemachile.cl\/wp-content\/uploads\/2021\/02\/banner-cinemachile-web.jpg\" \/>\n\t<meta property=\"og:image:width\" content=\"1351\" \/>\n\t<meta property=\"og:image:height\" content=\"756\" \/>\n<meta name=\"twitter:card\" content=\"summary_large_image\" \/>\n<meta name=\"twitter:creator\" content=\"@cinemachile\" \/>\n<meta name=\"twitter:site\" content=\"@cinemachile\" \/>\n<meta name=\"twitter:label1\" content=\"Est. reading time\">\n\t<meta name=\"twitter:data1\" content=\"4 minutes\">\n<script type=\"application\/ld+json\" class=\"yoast-schema-graph\">{\"@context\":\"https:\/\/schema.org\",\"@graph\":[{\"@type\":\"Organization\",\"@id\":\"https:\/\/antes.cinemachile.cl\/#organization\",\"name\":\"CinemaChile\",\"url\":\"https:\/\/antes.cinemachile.cl\/\",\"sameAs\":[\"https:\/\/www.facebook.com\/cinemachile\",\"https:\/\/www.instagram.com\/cinemachile\/\",\"https:\/\/twitter.com\/cinemachile\"],\"logo\":{\"@type\":\"ImageObject\",\"@id\":\"https:\/\/antes.cinemachile.cl\/#logo\",\"inLanguage\":\"en-US\",\"url\":\"https:\/\/cinemachile.cl\/wp-content\/uploads\/2020\/06\/logo-cinema-gif.gif\",\"contentUrl\":\"https:\/\/cinemachile.cl\/wp-content\/uploads\/2020\/06\/logo-cinema-gif.gif\",\"width\":330,\"height\":150,\"caption\":\"CinemaChile\"},\"image\":{\"@id\":\"https:\/\/antes.cinemachile.cl\/#logo\"}},{\"@type\":\"WebSite\",\"@id\":\"https:\/\/antes.cinemachile.cl\/#website\",\"url\":\"https:\/\/antes.cinemachile.cl\/\",\"name\":\"\",\"description\":\"\",\"publisher\":{\"@id\":\"https:\/\/antes.cinemachile.cl\/#organization\"},\"potentialAction\":[{\"@type\":\"SearchAction\",\"target\":\"https:\/\/antes.cinemachile.cl\/?s={search_term_string}\",\"query-input\":\"required name=search_term_string\"}],\"inLanguage\":\"en-US\"},{\"@type\":\"ImageObject\",\"@id\":\"https:\/\/antes.cinemachile.cl\/?p=9763#primaryimage\",\"inLanguage\":\"en-US\",\"url\":\"https:\/\/antes.cinemachile.cl\/wp-content\/uploads\/2021\/02\/banner-cinemachile-web.jpg\",\"contentUrl\":\"https:\/\/antes.cinemachile.cl\/wp-content\/uploads\/2021\/02\/banner-cinemachile-web.jpg\",\"width\":1351,\"height\":756},{\"@type\":\"WebPage\",\"@id\":\"https:\/\/antes.cinemachile.cl\/?p=9763#webpage\",\"url\":\"https:\/\/antes.cinemachile.cl\/?p=9763\",\"name\":\"[:es]CHILE VUELVE AL EFM! - Noticia en desarrollo! Siguenos atentos para descubrir qu\\u00e9 sorpresas traer\\u00e1 la delegaci\\u00f3n chilena en la Berlinale 2021[:en]Chile at EFM 2021 - A developing news story![:] &raquo;\",\"isPartOf\":{\"@id\":\"https:\/\/antes.cinemachile.cl\/#website\"},\"primaryImageOfPage\":{\"@id\":\"https:\/\/antes.cinemachile.cl\/?p=9763#primaryimage\"},\"datePublished\":\"2020-02-10T17:19:42+00:00\",\"dateModified\":\"2021-02-12T14:34:10+00:00\",\"breadcrumb\":{\"@id\":\"https:\/\/antes.cinemachile.cl\/?p=9763#breadcrumb\"},\"inLanguage\":\"en-US\",\"potentialAction\":[{\"@type\":\"ReadAction\",\"target\":[\"https:\/\/antes.cinemachile.cl\/?p=9763\"]}]},{\"@type\":\"BreadcrumbList\",\"@id\":\"https:\/\/antes.cinemachile.cl\/?p=9763#breadcrumb\",\"itemListElement\":[{\"@type\":\"ListItem\",\"position\":1,\"item\":{\"@type\":\"WebPage\",\"@id\":\"https:\/\/antes.cinemachile.cl\/\",\"url\":\"https:\/\/antes.cinemachile.cl\/\",\"name\":\"Portada\"}},{\"@type\":\"ListItem\",\"position\":2,\"item\":{\"@id\":\"https:\/\/antes.cinemachile.cl\/?p=9763#webpage\"}}]},{\"@type\":\"Article\",\"@id\":\"https:\/\/antes.cinemachile.cl\/?p=9763#article\",\"isPartOf\":{\"@id\":\"https:\/\/antes.cinemachile.cl\/?p=9763#webpage\"},\"author\":{\"@id\":\"https:\/\/antes.cinemachile.cl\/#\/schema\/person\/4d418e8c155e0e6c7f6824d46930c359\"},\"headline\":\"Chile at EFM 2021 &#8211; A developing news story!\",\"datePublished\":\"2020-02-10T17:19:42+00:00\",\"dateModified\":\"2021-02-12T14:34:10+00:00\",\"mainEntityOfPage\":{\"@id\":\"https:\/\/antes.cinemachile.cl\/?p=9763#webpage\"},\"commentCount\":0,\"publisher\":{\"@id\":\"https:\/\/antes.cinemachile.cl\/#organization\"},\"image\":{\"@id\":\"https:\/\/antes.cinemachile.cl\/?p=9763#primaryimage\"},\"articleSection\":[\"Sin categor\\u00eda\"],\"inLanguage\":\"en-US\",\"potentialAction\":[{\"@type\":\"CommentAction\",\"name\":\"Comment\",\"target\":[\"https:\/\/antes.cinemachile.cl\/?p=9763#respond\"]}]},{\"@type\":\"Person\",\"@id\":\"https:\/\/antes.cinemachile.cl\/#\/schema\/person\/4d418e8c155e0e6c7f6824d46930c359\",\"name\":\"Javi\",\"image\":{\"@type\":\"ImageObject\",\"@id\":\"https:\/\/antes.cinemachile.cl\/#personlogo\",\"inLanguage\":\"en-US\",\"url\":\"https:\/\/secure.gravatar.com\/avatar\/910b1edd78db85cb2357db80f6b4f20e?s=96&d=mm&r=g\",\"contentUrl\":\"https:\/\/secure.gravatar.com\/avatar\/910b1edd78db85cb2357db80f6b4f20e?s=96&d=mm&r=g\",\"caption\":\"Javi\"}}]}<\/script>\n<!-- \/ Yoast SEO plugin. -->","_links":{"self":[{"href":"https:\/\/antes.cinemachile.cl\/en\/wp-json\/wp\/v2\/posts\/9763"}],"collection":[{"href":"https:\/\/antes.cinemachile.cl\/en\/wp-json\/wp\/v2\/posts"}],"about":[{"href":"https:\/\/antes.cinemachile.cl\/en\/wp-json\/wp\/v2\/types\/post"}],"author":[{"embeddable":true,"href":"https:\/\/antes.cinemachile.cl\/en\/wp-json\/wp\/v2\/users\/3"}],"replies":[{"embeddable":true,"href":"https:\/\/antes.cinemachile.cl\/en\/wp-json\/wp\/v2\/comments?post=9763"}],"version-history":[{"count":6,"href":"https:\/\/antes.cinemachile.cl\/en\/wp-json\/wp\/v2\/posts\/9763\/revisions"}],"predecessor-version":[{"id":11244,"href":"https:\/\/antes.cinemachile.cl\/en\/wp-json\/wp\/v2\/posts\/9763\/revisions\/11244"}],"wp:featuredmedia":[{"embeddable":true,"href":"https:\/\/antes.cinemachile.cl\/en\/wp-json\/wp\/v2\/media\/9764"}],"wp:attachment":[{"href":"https:\/\/antes.cinemachile.cl\/en\/wp-json\/wp\/v2\/media?parent=9763"}],"wp:term":[{"taxonomy":"category","embeddable":true,"href":"https:\/\/antes.cinemachile.cl\/en\/wp-json\/wp\/v2\/categories?post=9763"},{"taxonomy":"post_tag","embeddable":true,"href":"https:\/\/antes.cinemachile.cl\/en\/wp-json\/wp\/v2\/tags?post=9763"}],"curies":[{"name":"wp","href":"https:\/\/api.w.org\/{rel}","templated":true}]}}