{"id":9419,"date":"2020-12-17T15:45:15","date_gmt":"2020-12-17T15:45:15","guid":{"rendered":"https:\/\/cinemachile.cl\/?p=9419"},"modified":"2021-02-22T20:47:30","modified_gmt":"2021-02-22T20:47:30","slug":"abrimos-la-convocatoria-para-el-catalogo-internacional-de-cine-2021","status":"publish","type":"post","link":"https:\/\/antes.cinemachile.cl\/en\/espanol-abrimos-la-convocatoria-para-el-catalogo-internacional-de-cine-2021\/","title":{"rendered":"\u00a1Abrimos la convocatoria para el Cat\u00e1logo Internacional de Cine 2021!"},"content":{"rendered":"<p>A partir de hoy y hasta el 29 de enero,\u00a0 estaremos recibiendo las postulaciones de todas y todos quienes deseen integrar con sus nuevos proyectos el <b>Cat\u00e1logo Internacional de Cine 2021<\/b>, una publicaci\u00f3n que realizamos cada a\u00f1o y que ser\u00e1 lanzada en el marco del <strong>March\u00e9 du Film de Cannes 2021<\/strong> (as\u00ed sea de formal presencial o virtual, todo depende del estado de la pandemia).<\/p>\n<p>Como bien deben saber, esta pieza gr\u00e1fica es una <strong>publicaci\u00f3n clave para nuestro trabajo de promoci\u00f3n<\/strong>\u00a0 y ser\u00e1 exhibida en los principales mercados y festivales de cine del orbe y en los que participamos desde hace a\u00f1os, como Berl\u00edn, Guadalajara, Cannes, Venecia, San Sebasti\u00e1n, entre otros; sirviendo como herramienta para la difusi\u00f3n y comercializaci\u00f3n de todas las nuevas pel\u00edculas nacionales y dando cuenta de la alta calidad, diversidad y\u00a0 talento de nuestro pa\u00eds.<\/p>\n<p>El <strong>Cat\u00e1logo Internacional de Cine<\/strong> llega de m\u00faltiples formas (reuniones, newsletters, etc.) a <strong>potenciales compradores, agentes de venta y distribuidores internacionales, inversionistas, productores, programadores, directores de festivales y, en resumen, a todos los profesionales de la industria extranjera<\/strong> que podr\u00edan ser relevantes para el desarrollo futuro de una pel\u00edcula o de una casa productora incluida en esta pieza.<\/p>\n<h2><b>\u00bfQUI\u00c9NES PUEDEN POSTULAR AL NUEVO CAT\u00c1LOGO?<\/b><\/h2>\n<p>Todas las casas productoras con cada uno de sus proyectos que tendr\u00e1n su estreno nacional y\/o internacional entre <b>mayo 2021 y mayo 2022.<\/b><\/p>\n<p>Largometrajes de ficci\u00f3n<\/p>\n<p>Largometrajes documental<\/p>\n<p>Largometrajes de animaci\u00f3n<\/p>\n<p>Cortometrajes de ficci\u00f3n<\/p>\n<p>Cortometrajes documental<\/p>\n<p>Cortometrajes de animaci\u00f3n<\/p>\n<p>Realidad Virtual<\/p>\n<p>El criterio de selecci\u00f3n SOLO responde a la fecha de estreno de la pel\u00edcula, con el objetivo de beneficiar y potenciar su circulaci\u00f3n internacional en el per\u00edodo indicado. De todas formas, le pedimos y agradecemos que env\u00eden el detalle de TODOS\u00a0 sus proyectos en desarrollo, para llevar un registro del estado de producci\u00f3n del cine chileno y as\u00ed tambi\u00e9n contribuir a su crecimiento aportando a nuestro catastro anual.<\/p>\n<p>Cabe mencionar que NO podr\u00e1n formar parte del cat\u00e1logo las producciones que ya fueron incluidas en cat\u00e1logos de a\u00f1os anteriores.<\/p>\n<h2><b>\u00bfC\u00d3MO POSTULAR?<\/b><\/h2>\n<p>Completar rigurosamente el\u00a0<a href=\"https:\/\/docs.google.com\/forms\/d\/e\/1FAIpQLSeszivbo0cbD2gh11atQhqI-bKHEQL8EIvEWHlAnqPBcB_lGQ\/viewform?gxids=7628\"><span style=\"color: #ff0000;\"><b>FORMULARIO DE INSCRIPCI\u00d3N<\/b><\/span><\/a><\/p>\n<p>El formulario estar\u00e1 disponible hasta las <b>17.00 HRS. DEL VIERNES 29 DE ENERO DE 2021<\/b><b>.<\/b> Todo proyecto inscrito fuera de este plazo, NO podr\u00e1 ser incluido en el Cat\u00e1logo.<\/p>\n<p><b>\u00bfCU\u00c1NDO PUBLICAR\u00c1N LOS RESULTADOS DE LA CONVOCATORIA?<\/b><\/p>\n<p>La selecci\u00f3n definitiva ser\u00e1 anunciada durante la primera semana de marzo. Los proyectos que NO cumplan con los requerimientos de las bases (formulario completo), NO podr\u00e1n ser incluidos en el Cat\u00e1logo.<\/p>\n<p>Ante cualquier duda, escriban, por favor, a catalogo@cinemachile.cl<\/p>\n<p>&nbsp;<\/p>\n<!-- AddThis Advanced Settings generic via filter on the_content --><!-- AddThis Share Buttons generic via filter on the_content -->","protected":false},"excerpt":{"rendered":"<p>A partir de hoy y hasta el 29 de enero,\u00a0 estaremos recibiendo las postulaciones de todas y todos quienes deseen integrar con sus nuevos proyectos el Cat\u00e1logo Internacional de Cine 2021, una publicaci\u00f3n que realizamos cada a\u00f1o y que ser\u00e1 lanzada en el marco del March\u00e9 du Film de Cannes 2021 (as\u00ed sea de formal [&hellip;]<!-- AddThis Advanced Settings generic via filter on wp_trim_excerpt --><!-- AddThis Share Buttons generic via filter on wp_trim_excerpt --><\/p>\n","protected":false},"author":4,"featured_media":9663,"comment_status":"open","ping_status":"open","sticky":false,"template":"","format":"standard","meta":{"loftloader_page_shortcode":""},"categories":[1],"tags":[],"yoast_head":"<!-- This site is optimized with the Yoast SEO plugin v16.2 - https:\/\/yoast.com\/wordpress\/plugins\/seo\/ -->\n<title>\u00a1Abrimos la convocatoria para el Cat\u00e1logo Internacional de Cine 2021! &raquo;<\/title>\n<meta name=\"robots\" content=\"index, follow, max-snippet:-1, max-image-preview:large, max-video-preview:-1\" \/>\n<link rel=\"canonical\" href=\"https:\/\/antes.cinemachile.cl\/?p=9419\" \/>\n<meta property=\"og:locale\" content=\"en_US\" \/>\n<meta property=\"og:type\" content=\"article\" \/>\n<meta property=\"og:title\" content=\"\u00a1Abrimos la convocatoria para el Cat\u00e1logo Internacional de Cine 2021! &raquo;\" \/>\n<meta property=\"og:description\" content=\"A partir de hoy y hasta el 29 de enero,\u00a0 estaremos recibiendo las postulaciones de todas y todos quienes deseen integrar con sus nuevos proyectos el Cat\u00e1logo Internacional de Cine 2021, una publicaci\u00f3n que realizamos cada a\u00f1o y que ser\u00e1 lanzada en el marco del March\u00e9 du Film de Cannes 2021 (as\u00ed sea de formal [&hellip;]\" \/>\n<meta property=\"og:url\" content=\"https:\/\/antes.cinemachile.cl\/?p=9419\" \/>\n<meta property=\"article:publisher\" content=\"https:\/\/www.facebook.com\/cinemachile\" \/>\n<meta property=\"article:published_time\" content=\"2020-12-17T15:45:15+00:00\" \/>\n<meta property=\"article:modified_time\" content=\"2021-02-22T20:47:30+00:00\" \/>\n<meta property=\"og:image\" content=\"https:\/\/cinemachile.cl\/wp-content\/uploads\/2020\/12\/banner-web-convocatoria-extendida.jpg\" \/>\n\t<meta property=\"og:image:width\" content=\"1920\" \/>\n\t<meta property=\"og:image:height\" content=\"1080\" \/>\n<meta name=\"twitter:card\" content=\"summary_large_image\" \/>\n<meta name=\"twitter:creator\" content=\"@cinemachile\" \/>\n<meta name=\"twitter:site\" content=\"@cinemachile\" \/>\n<meta name=\"twitter:label1\" content=\"Est. reading time\">\n\t<meta name=\"twitter:data1\" content=\"2 minutes\">\n<script type=\"application\/ld+json\" class=\"yoast-schema-graph\">{\"@context\":\"https:\/\/schema.org\",\"@graph\":[{\"@type\":\"Organization\",\"@id\":\"https:\/\/antes.cinemachile.cl\/#organization\",\"name\":\"CinemaChile\",\"url\":\"https:\/\/antes.cinemachile.cl\/\",\"sameAs\":[\"https:\/\/www.facebook.com\/cinemachile\",\"https:\/\/www.instagram.com\/cinemachile\/\",\"https:\/\/twitter.com\/cinemachile\"],\"logo\":{\"@type\":\"ImageObject\",\"@id\":\"https:\/\/antes.cinemachile.cl\/#logo\",\"inLanguage\":\"en-US\",\"url\":\"https:\/\/cinemachile.cl\/wp-content\/uploads\/2020\/06\/logo-cinema-gif.gif\",\"contentUrl\":\"https:\/\/cinemachile.cl\/wp-content\/uploads\/2020\/06\/logo-cinema-gif.gif\",\"width\":330,\"height\":150,\"caption\":\"CinemaChile\"},\"image\":{\"@id\":\"https:\/\/antes.cinemachile.cl\/#logo\"}},{\"@type\":\"WebSite\",\"@id\":\"https:\/\/antes.cinemachile.cl\/#website\",\"url\":\"https:\/\/antes.cinemachile.cl\/\",\"name\":\"\",\"description\":\"\",\"publisher\":{\"@id\":\"https:\/\/antes.cinemachile.cl\/#organization\"},\"potentialAction\":[{\"@type\":\"SearchAction\",\"target\":\"https:\/\/antes.cinemachile.cl\/?s={search_term_string}\",\"query-input\":\"required name=search_term_string\"}],\"inLanguage\":\"en-US\"},{\"@type\":\"ImageObject\",\"@id\":\"https:\/\/antes.cinemachile.cl\/?p=9419#primaryimage\",\"inLanguage\":\"en-US\",\"url\":\"https:\/\/antes.cinemachile.cl\/wp-content\/uploads\/2020\/12\/banner-web-convocatoria-extendida.jpg\",\"contentUrl\":\"https:\/\/antes.cinemachile.cl\/wp-content\/uploads\/2020\/12\/banner-web-convocatoria-extendida.jpg\",\"width\":1920,\"height\":1080},{\"@type\":\"WebPage\",\"@id\":\"https:\/\/antes.cinemachile.cl\/?p=9419#webpage\",\"url\":\"https:\/\/antes.cinemachile.cl\/?p=9419\",\"name\":\"\\u00a1Abrimos la convocatoria para el Cat\\u00e1logo Internacional de Cine 2021! &raquo;\",\"isPartOf\":{\"@id\":\"https:\/\/antes.cinemachile.cl\/#website\"},\"primaryImageOfPage\":{\"@id\":\"https:\/\/antes.cinemachile.cl\/?p=9419#primaryimage\"},\"datePublished\":\"2020-12-17T15:45:15+00:00\",\"dateModified\":\"2021-02-22T20:47:30+00:00\",\"breadcrumb\":{\"@id\":\"https:\/\/antes.cinemachile.cl\/?p=9419#breadcrumb\"},\"inLanguage\":\"en-US\",\"potentialAction\":[{\"@type\":\"ReadAction\",\"target\":[\"https:\/\/antes.cinemachile.cl\/?p=9419\"]}]},{\"@type\":\"BreadcrumbList\",\"@id\":\"https:\/\/antes.cinemachile.cl\/?p=9419#breadcrumb\",\"itemListElement\":[{\"@type\":\"ListItem\",\"position\":1,\"item\":{\"@type\":\"WebPage\",\"@id\":\"https:\/\/antes.cinemachile.cl\/\",\"url\":\"https:\/\/antes.cinemachile.cl\/\",\"name\":\"Portada\"}},{\"@type\":\"ListItem\",\"position\":2,\"item\":{\"@id\":\"https:\/\/antes.cinemachile.cl\/?p=9419#webpage\"}}]},{\"@type\":\"Article\",\"@id\":\"https:\/\/antes.cinemachile.cl\/?p=9419#article\",\"isPartOf\":{\"@id\":\"https:\/\/antes.cinemachile.cl\/?p=9419#webpage\"},\"author\":{\"@id\":\"https:\/\/antes.cinemachile.cl\/#\/schema\/person\/aaa6dcc847338ae51ef50498533f9ed6\"},\"headline\":\"\\u00a1Abrimos la convocatoria para el Cat\\u00e1logo Internacional de Cine 2021!\",\"datePublished\":\"2020-12-17T15:45:15+00:00\",\"dateModified\":\"2021-02-22T20:47:30+00:00\",\"mainEntityOfPage\":{\"@id\":\"https:\/\/antes.cinemachile.cl\/?p=9419#webpage\"},\"commentCount\":0,\"publisher\":{\"@id\":\"https:\/\/antes.cinemachile.cl\/#organization\"},\"image\":{\"@id\":\"https:\/\/antes.cinemachile.cl\/?p=9419#primaryimage\"},\"articleSection\":[\"Sin categor\\u00eda\"],\"inLanguage\":\"en-US\",\"potentialAction\":[{\"@type\":\"CommentAction\",\"name\":\"Comment\",\"target\":[\"https:\/\/antes.cinemachile.cl\/?p=9419#respond\"]}]},{\"@type\":\"Person\",\"@id\":\"https:\/\/antes.cinemachile.cl\/#\/schema\/person\/aaa6dcc847338ae51ef50498533f9ed6\",\"name\":\"Prensa CinemaChile\",\"image\":{\"@type\":\"ImageObject\",\"@id\":\"https:\/\/antes.cinemachile.cl\/#personlogo\",\"inLanguage\":\"en-US\",\"url\":\"https:\/\/secure.gravatar.com\/avatar\/b3ccb455f578dd97b84c14103abb9dcb?s=96&d=mm&r=g\",\"contentUrl\":\"https:\/\/secure.gravatar.com\/avatar\/b3ccb455f578dd97b84c14103abb9dcb?s=96&d=mm&r=g\",\"caption\":\"Prensa CinemaChile\"}}]}<\/script>\n<!-- \/ Yoast SEO plugin. -->","_links":{"self":[{"href":"https:\/\/antes.cinemachile.cl\/en\/wp-json\/wp\/v2\/posts\/9419"}],"collection":[{"href":"https:\/\/antes.cinemachile.cl\/en\/wp-json\/wp\/v2\/posts"}],"about":[{"href":"https:\/\/antes.cinemachile.cl\/en\/wp-json\/wp\/v2\/types\/post"}],"author":[{"embeddable":true,"href":"https:\/\/antes.cinemachile.cl\/en\/wp-json\/wp\/v2\/users\/4"}],"replies":[{"embeddable":true,"href":"https:\/\/antes.cinemachile.cl\/en\/wp-json\/wp\/v2\/comments?post=9419"}],"version-history":[{"count":9,"href":"https:\/\/antes.cinemachile.cl\/en\/wp-json\/wp\/v2\/posts\/9419\/revisions"}],"predecessor-version":[{"id":9665,"href":"https:\/\/antes.cinemachile.cl\/en\/wp-json\/wp\/v2\/posts\/9419\/revisions\/9665"}],"wp:featuredmedia":[{"embeddable":true,"href":"https:\/\/antes.cinemachile.cl\/en\/wp-json\/wp\/v2\/media\/9663"}],"wp:attachment":[{"href":"https:\/\/antes.cinemachile.cl\/en\/wp-json\/wp\/v2\/media?parent=9419"}],"wp:term":[{"taxonomy":"category","embeddable":true,"href":"https:\/\/antes.cinemachile.cl\/en\/wp-json\/wp\/v2\/categories?post=9419"},{"taxonomy":"post_tag","embeddable":true,"href":"https:\/\/antes.cinemachile.cl\/en\/wp-json\/wp\/v2\/tags?post=9419"}],"curies":[{"name":"wp","href":"https:\/\/api.w.org\/{rel}","templated":true}]}}