{"id":8793,"date":"2020-10-05T11:36:42","date_gmt":"2020-10-05T15:36:42","guid":{"rendered":"https:\/\/cinemachile.cl\/?p=8793"},"modified":"2020-10-05T11:36:42","modified_gmt":"2020-10-05T15:36:42","slug":"jovenes-de-valparaiso-ganan-premio-internacional-para-el-desarrollo-de-largometraje-documental","status":"publish","type":"post","link":"https:\/\/antes.cinemachile.cl\/en\/jovenes-de-valparaiso-ganan-premio-internacional-para-el-desarrollo-de-largometraje-documental\/","title":{"rendered":"J\u00f3venes de Valpara\u00edso ganan premio internacional para el desarrollo de largometraje documental"},"content":{"rendered":"<p><em>El proyecto documental <strong>Aqu\u00ed se escucha el silencio, <\/strong>que nace en los cerros de Valpara\u00edso, result\u00f3 ganador de la segunda versi\u00f3n del laboratorio de desarrollo de proyectos \u2018Assembly\u2019, del festival Open City Documentary Festival, de Londres<\/em><\/p>\n<p>La realizadora Gabriela Pena y el productor Picho Garc\u00eda se adjudicaron un fondo de \u00a310,000 <em>(10 millones de pesos chilenos)<\/em> para seguir con el desarrollo de su pel\u00edcula documental en la segunda versi\u00f3n del laboratorio de desarrollo de proyectos Assembly del <strong>Open City Documentary Festival del Reino Unido<\/strong>. Adem\u00e1s, fue el \u00fanico proyecto chileno y latinoamericano escogido entre los 6 seleccionados.<\/p>\n<p><strong><em>Aqu\u00ed se escucha el silencio<\/em><\/strong>, es un largometraje documental que se encuentra en pleno proceso de desarrollo y la realizaci\u00f3n est\u00e1 a cargo de Grieta Cine, joven productora audiovisual situada en Valpara\u00edso y Co-fundada por Pena y Garc\u00eda.<\/p>\n<p>La cinta retratar\u00e1 la historia de la primera integrante de una familia chilena de exiliados en Espa\u00f1a, que vuelve a habitar la casa que sus abuelos tuvieron que abandonar durante la dictadura militar y los acompa\u00f1a a escribir sus memorias.<\/p>\n<p>Respecto a la experiencia de haber participado en este laboratorio, desde Grieta Cine <strong>Picho Garc\u00eda<\/strong> afirma: \u201cPara nosotros resulta importante haber podido nutrir el proyecto con visiones de compa\u00f1eros profesionales de todo el mundo y sentimos que es una ventana internacional de exhibici\u00f3n y posicionamiento del trabajo que hemos venido haciendo con nuestra productora\u201d.<\/p>\n<p>Tambi\u00e9n, durante el programa Assembly Lab, laboratorio dedicado al desarrollo de proyectos audiovisuales de no ficci\u00f3n, tuvieron oportunidad de tener la <strong>mentor\u00eda de Mila Turajli\u0107<\/strong>, reconocida directora Serbia <em>(The other side of everything)<\/em>. Tambi\u00e9n,\u00a0 asistieron a <strong>charlas, workshops y una masterclass<\/strong> con la multipremiada realizadora nacional Maite Alberdi.<\/p>\n<p>Sobre la pel\u00edcula, la directora y comunicadora audiovisual chileno-espa\u00f1ola, <strong>Gabriela Pena<\/strong> nos deja saber: \u201cAqu\u00ed se escucha el silencio, habla de los efectos actuales de la dictadura y el exilio chileno en los 70\u2019, desde una perspectiva generacional y personal, acerca de quienes nacimos con una identidad cultural dividida a causa de estos estragos hist\u00f3ricos y pol\u00edticos.\u201d<\/p>\n<p><strong>Chloe Trayner<\/strong>, directora del laboratorio y de Open City Documentary Festival dijo sobre el proyecto que \u201cEn <em><strong>Aqu\u00ed se escucha el silencio<\/strong><\/em>, los ecos del trauma resuenan a trav\u00e9s de m\u00faltiples generaciones. A trav\u00e9s de una historia \u00edntima y profundamente personal sobre la familia, la identidad y la memoria en Chile, este proyecto revela una emocionante voz emergente en el Nuevo Cine Latinoamericano&#8221;.<em>\u00a0<\/em><\/p>\n<p>El proyecto ganador fue <strong>evaluado por un distinguido jurado<\/strong> como Orwa Nyrabia (Director art\u00edstico IDFA), Kristin Feeley (Directora de Labs and Artist Support Programs de Sundance Institute Documentary Film Program (DFP)); y Kristen Fritzpatrick (managing director de Field of vision).<\/p>\n<p>La pel\u00edcula <em><strong>Aqu\u00ed se escucha el silencio<\/strong><\/em>, se estrenar\u00e1 aproximadamente en 2022 y es el segundo largometraje de la directora Gabriela Pena, quien recientemente finaliz\u00f3 <em><strong>Zoila<\/strong><\/em>, su \u00f3pera prima documental.<\/p>\n<!-- AddThis Advanced Settings generic via filter on the_content --><!-- AddThis Share Buttons generic via filter on the_content -->","protected":false},"excerpt":{"rendered":"<p>El proyecto documental Aqu\u00ed se escucha el silencio, que nace en los cerros de Valpara\u00edso, result\u00f3 ganador de la segunda versi\u00f3n del laboratorio de desarrollo de proyectos \u2018Assembly\u2019, del festival Open City Documentary Festival, de Londres La realizadora Gabriela Pena y el productor Picho Garc\u00eda se adjudicaron un fondo de \u00a310,000 (10 millones de pesos [&hellip;]<!-- AddThis Advanced Settings generic via filter on wp_trim_excerpt --><!-- AddThis Share Buttons generic via filter on wp_trim_excerpt --><\/p>\n","protected":false},"author":3,"featured_media":8795,"comment_status":"open","ping_status":"open","sticky":false,"template":"","format":"standard","meta":{"loftloader_page_shortcode":""},"categories":[1],"tags":[],"yoast_head":"<!-- This site is optimized with the Yoast SEO plugin v16.2 - https:\/\/yoast.com\/wordpress\/plugins\/seo\/ -->\n<title>J\u00f3venes de Valpara\u00edso ganan premio internacional para el desarrollo de largometraje documental &raquo;<\/title>\n<meta name=\"robots\" content=\"index, follow, max-snippet:-1, max-image-preview:large, max-video-preview:-1\" \/>\n<link rel=\"canonical\" href=\"https:\/\/antes.cinemachile.cl\/jovenes-de-valparaiso-ganan-premio-internacional-para-el-desarrollo-de-largometraje-documental\/\" \/>\n<meta property=\"og:locale\" content=\"en_US\" \/>\n<meta property=\"og:type\" content=\"article\" \/>\n<meta property=\"og:title\" content=\"J\u00f3venes de Valpara\u00edso ganan premio internacional para el desarrollo de largometraje documental &raquo;\" \/>\n<meta property=\"og:description\" content=\"El proyecto documental Aqu\u00ed se escucha el silencio, que nace en los cerros de Valpara\u00edso, result\u00f3 ganador de la segunda versi\u00f3n del laboratorio de desarrollo de proyectos \u2018Assembly\u2019, del festival Open City Documentary Festival, de Londres La realizadora Gabriela Pena y el productor Picho Garc\u00eda se adjudicaron un fondo de \u00a310,000 (10 millones de pesos [&hellip;]\" \/>\n<meta property=\"og:url\" content=\"https:\/\/antes.cinemachile.cl\/jovenes-de-valparaiso-ganan-premio-internacional-para-el-desarrollo-de-largometraje-documental\/\" \/>\n<meta property=\"article:publisher\" content=\"https:\/\/www.facebook.com\/cinemachile\" \/>\n<meta property=\"article:published_time\" content=\"2020-10-05T15:36:42+00:00\" \/>\n<meta property=\"og:image\" content=\"https:\/\/cinemachile.cl\/wp-content\/uploads\/2020\/10\/Aqui\u0301-se-escucha-el-silencio_still-2-1.jpg\" \/>\n\t<meta property=\"og:image:width\" content=\"1351\" \/>\n\t<meta property=\"og:image:height\" content=\"756\" \/>\n<meta name=\"twitter:card\" content=\"summary_large_image\" \/>\n<meta name=\"twitter:creator\" content=\"@cinemachile\" \/>\n<meta name=\"twitter:site\" content=\"@cinemachile\" \/>\n<meta name=\"twitter:label1\" content=\"Est. reading time\">\n\t<meta name=\"twitter:data1\" content=\"2 minutes\">\n<script type=\"application\/ld+json\" class=\"yoast-schema-graph\">{\"@context\":\"https:\/\/schema.org\",\"@graph\":[{\"@type\":\"Organization\",\"@id\":\"https:\/\/antes.cinemachile.cl\/#organization\",\"name\":\"CinemaChile\",\"url\":\"https:\/\/antes.cinemachile.cl\/\",\"sameAs\":[\"https:\/\/www.facebook.com\/cinemachile\",\"https:\/\/www.instagram.com\/cinemachile\/\",\"https:\/\/twitter.com\/cinemachile\"],\"logo\":{\"@type\":\"ImageObject\",\"@id\":\"https:\/\/antes.cinemachile.cl\/#logo\",\"inLanguage\":\"en-US\",\"url\":\"https:\/\/cinemachile.cl\/wp-content\/uploads\/2020\/06\/logo-cinema-gif.gif\",\"contentUrl\":\"https:\/\/cinemachile.cl\/wp-content\/uploads\/2020\/06\/logo-cinema-gif.gif\",\"width\":330,\"height\":150,\"caption\":\"CinemaChile\"},\"image\":{\"@id\":\"https:\/\/antes.cinemachile.cl\/#logo\"}},{\"@type\":\"WebSite\",\"@id\":\"https:\/\/antes.cinemachile.cl\/#website\",\"url\":\"https:\/\/antes.cinemachile.cl\/\",\"name\":\"\",\"description\":\"\",\"publisher\":{\"@id\":\"https:\/\/antes.cinemachile.cl\/#organization\"},\"potentialAction\":[{\"@type\":\"SearchAction\",\"target\":\"https:\/\/antes.cinemachile.cl\/?s={search_term_string}\",\"query-input\":\"required name=search_term_string\"}],\"inLanguage\":\"en-US\"},{\"@type\":\"ImageObject\",\"@id\":\"https:\/\/antes.cinemachile.cl\/jovenes-de-valparaiso-ganan-premio-internacional-para-el-desarrollo-de-largometraje-documental\/#primaryimage\",\"inLanguage\":\"en-US\",\"url\":\"https:\/\/antes.cinemachile.cl\/wp-content\/uploads\/2020\/10\/Aqui\\u0301-se-escucha-el-silencio_still-2-1.jpg\",\"contentUrl\":\"https:\/\/antes.cinemachile.cl\/wp-content\/uploads\/2020\/10\/Aqui\\u0301-se-escucha-el-silencio_still-2-1.jpg\",\"width\":1351,\"height\":756},{\"@type\":\"WebPage\",\"@id\":\"https:\/\/antes.cinemachile.cl\/jovenes-de-valparaiso-ganan-premio-internacional-para-el-desarrollo-de-largometraje-documental\/#webpage\",\"url\":\"https:\/\/antes.cinemachile.cl\/jovenes-de-valparaiso-ganan-premio-internacional-para-el-desarrollo-de-largometraje-documental\/\",\"name\":\"J\\u00f3venes de Valpara\\u00edso ganan premio internacional para el desarrollo de largometraje documental &raquo;\",\"isPartOf\":{\"@id\":\"https:\/\/antes.cinemachile.cl\/#website\"},\"primaryImageOfPage\":{\"@id\":\"https:\/\/antes.cinemachile.cl\/jovenes-de-valparaiso-ganan-premio-internacional-para-el-desarrollo-de-largometraje-documental\/#primaryimage\"},\"datePublished\":\"2020-10-05T15:36:42+00:00\",\"dateModified\":\"2020-10-05T15:36:42+00:00\",\"breadcrumb\":{\"@id\":\"https:\/\/antes.cinemachile.cl\/jovenes-de-valparaiso-ganan-premio-internacional-para-el-desarrollo-de-largometraje-documental\/#breadcrumb\"},\"inLanguage\":\"en-US\",\"potentialAction\":[{\"@type\":\"ReadAction\",\"target\":[\"https:\/\/antes.cinemachile.cl\/jovenes-de-valparaiso-ganan-premio-internacional-para-el-desarrollo-de-largometraje-documental\/\"]}]},{\"@type\":\"BreadcrumbList\",\"@id\":\"https:\/\/antes.cinemachile.cl\/jovenes-de-valparaiso-ganan-premio-internacional-para-el-desarrollo-de-largometraje-documental\/#breadcrumb\",\"itemListElement\":[{\"@type\":\"ListItem\",\"position\":1,\"item\":{\"@type\":\"WebPage\",\"@id\":\"https:\/\/antes.cinemachile.cl\/\",\"url\":\"https:\/\/antes.cinemachile.cl\/\",\"name\":\"Portada\"}},{\"@type\":\"ListItem\",\"position\":2,\"item\":{\"@id\":\"https:\/\/antes.cinemachile.cl\/jovenes-de-valparaiso-ganan-premio-internacional-para-el-desarrollo-de-largometraje-documental\/#webpage\"}}]},{\"@type\":\"Article\",\"@id\":\"https:\/\/antes.cinemachile.cl\/jovenes-de-valparaiso-ganan-premio-internacional-para-el-desarrollo-de-largometraje-documental\/#article\",\"isPartOf\":{\"@id\":\"https:\/\/antes.cinemachile.cl\/jovenes-de-valparaiso-ganan-premio-internacional-para-el-desarrollo-de-largometraje-documental\/#webpage\"},\"author\":{\"@id\":\"https:\/\/antes.cinemachile.cl\/#\/schema\/person\/4d418e8c155e0e6c7f6824d46930c359\"},\"headline\":\"J\\u00f3venes de Valpara\\u00edso ganan premio internacional para el desarrollo de largometraje documental\",\"datePublished\":\"2020-10-05T15:36:42+00:00\",\"dateModified\":\"2020-10-05T15:36:42+00:00\",\"mainEntityOfPage\":{\"@id\":\"https:\/\/antes.cinemachile.cl\/jovenes-de-valparaiso-ganan-premio-internacional-para-el-desarrollo-de-largometraje-documental\/#webpage\"},\"commentCount\":0,\"publisher\":{\"@id\":\"https:\/\/antes.cinemachile.cl\/#organization\"},\"image\":{\"@id\":\"https:\/\/antes.cinemachile.cl\/jovenes-de-valparaiso-ganan-premio-internacional-para-el-desarrollo-de-largometraje-documental\/#primaryimage\"},\"articleSection\":[\"Sin categor\\u00eda\"],\"inLanguage\":\"en-US\",\"potentialAction\":[{\"@type\":\"CommentAction\",\"name\":\"Comment\",\"target\":[\"https:\/\/antes.cinemachile.cl\/jovenes-de-valparaiso-ganan-premio-internacional-para-el-desarrollo-de-largometraje-documental\/#respond\"]}]},{\"@type\":\"Person\",\"@id\":\"https:\/\/antes.cinemachile.cl\/#\/schema\/person\/4d418e8c155e0e6c7f6824d46930c359\",\"name\":\"Javi\",\"image\":{\"@type\":\"ImageObject\",\"@id\":\"https:\/\/antes.cinemachile.cl\/#personlogo\",\"inLanguage\":\"en-US\",\"url\":\"https:\/\/secure.gravatar.com\/avatar\/910b1edd78db85cb2357db80f6b4f20e?s=96&d=mm&r=g\",\"contentUrl\":\"https:\/\/secure.gravatar.com\/avatar\/910b1edd78db85cb2357db80f6b4f20e?s=96&d=mm&r=g\",\"caption\":\"Javi\"}}]}<\/script>\n<!-- \/ Yoast SEO plugin. -->","_links":{"self":[{"href":"https:\/\/antes.cinemachile.cl\/en\/wp-json\/wp\/v2\/posts\/8793"}],"collection":[{"href":"https:\/\/antes.cinemachile.cl\/en\/wp-json\/wp\/v2\/posts"}],"about":[{"href":"https:\/\/antes.cinemachile.cl\/en\/wp-json\/wp\/v2\/types\/post"}],"author":[{"embeddable":true,"href":"https:\/\/antes.cinemachile.cl\/en\/wp-json\/wp\/v2\/users\/3"}],"replies":[{"embeddable":true,"href":"https:\/\/antes.cinemachile.cl\/en\/wp-json\/wp\/v2\/comments?post=8793"}],"version-history":[{"count":2,"href":"https:\/\/antes.cinemachile.cl\/en\/wp-json\/wp\/v2\/posts\/8793\/revisions"}],"predecessor-version":[{"id":8796,"href":"https:\/\/antes.cinemachile.cl\/en\/wp-json\/wp\/v2\/posts\/8793\/revisions\/8796"}],"wp:featuredmedia":[{"embeddable":true,"href":"https:\/\/antes.cinemachile.cl\/en\/wp-json\/wp\/v2\/media\/8795"}],"wp:attachment":[{"href":"https:\/\/antes.cinemachile.cl\/en\/wp-json\/wp\/v2\/media?parent=8793"}],"wp:term":[{"taxonomy":"category","embeddable":true,"href":"https:\/\/antes.cinemachile.cl\/en\/wp-json\/wp\/v2\/categories?post=8793"},{"taxonomy":"post_tag","embeddable":true,"href":"https:\/\/antes.cinemachile.cl\/en\/wp-json\/wp\/v2\/tags?post=8793"}],"curies":[{"name":"wp","href":"https:\/\/api.w.org\/{rel}","templated":true}]}}