{"id":8737,"date":"2020-09-28T18:10:30","date_gmt":"2020-09-28T22:10:30","guid":{"rendered":"https:\/\/cinemachile.cl\/?p=8737"},"modified":"2020-09-28T18:14:44","modified_gmt":"2020-09-28T22:14:44","slug":"chile-se-despide-de-san-sebastian-con-cuatro-premios","status":"publish","type":"post","link":"https:\/\/antes.cinemachile.cl\/en\/chile-se-despide-de-san-sebastian-con-cuatro-premios-en-sus-haberes\/","title":{"rendered":"Chile se despide triunfante de San Sebasti\u00e1n con cuatro premios"},"content":{"rendered":"<p><span style=\"font-weight: 400;\">Chile se retira airoso de la recientemente finalizada edici\u00f3n del Festival de San Sebasti\u00e1n, evento que durante este fin de semana despidi\u00f3 a cientos de participantes de todo el mundo que durante ocho d\u00edas disfrutaron presencial o digitalmente lo mejor de la cinematograf\u00eda mundial. Los creativos de nuestro pa\u00eds regresan a casa cargados de aplausos y reconocimientos, entre los que se incluyen cuatro premios.<\/span><\/p>\n<p><span style=\"font-weight: 400;\">La pel\u00edcula participante de la secci\u00f3n Perlak, <\/span><b><i>El agente topo, <\/i><\/b><span style=\"font-weight: 400;\">de Maite Alberdi (Chile, EE.UU, Alemania, Holanda, Espa\u00f1a) fue bien acogida tras su regreso a las salas festivaleras luego de su estreno en Sundance en enero de este a\u00f1o. La cinta fue ganadora del Premio del P\u00fablico a la Mejor pel\u00edcula europea.<\/span><\/p>\n<p><span style=\"font-weight: 400;\">Por otro lado, la cinta protagonizada por Mariana Di Girolamo, <\/span><b><i>La Ver\u00f3nica, <\/i><\/b><span style=\"font-weight: 400;\">de Leo Medel, se qued\u00f3 <\/span><span style=\"font-weight: 400;\">con el <\/span><span style=\"font-weight: 400;\">segundo premio del p\u00fablico TCM de la Juventud<\/span><span style=\"font-weight: 400;\">, tras una importante presencia en el evento espa\u00f1ol marcada por ovaciones y reconocimientos de la audiencia.<\/span><\/p>\n<p><span style=\"font-weight: 400;\">El \u00e1rea de industria tambi\u00e9n cosech\u00f3 triunfos, obteniendo incentivos para que nuestra cinematograf\u00eda siga creciendo. El Premio de la industria Wip Latam fue para <\/span><b><i>Piedra Noche<\/i><\/b><span style=\"font-weight: 400;\"> de Iv\u00e1n Fund (Argentina &#8211; Chile).\u00a0 Mientras que el Premio Irusoin a la postproducci\u00f3n fue para <\/span><b><i>La misteriosa mirada del flamenco, <\/i><\/b><span style=\"font-weight: 400;\">\u00f3pera prima del director Diego C\u00e9spedes. Estamos expectantes por ver el camino que estas cintas llevar\u00e1n a cabo hacia su finalizaci\u00f3n.<\/span><\/p>\n<!-- AddThis Advanced Settings generic via filter on the_content --><!-- AddThis Share Buttons generic via filter on the_content -->","protected":false},"excerpt":{"rendered":"<p>Chile se retira airoso de la recientemente finalizada edici\u00f3n del Festival de San Sebasti\u00e1n, evento que durante este fin de semana despidi\u00f3 a cientos de participantes de todo el mundo que durante ocho d\u00edas disfrutaron presencial o digitalmente lo mejor de la cinematograf\u00eda mundial. Los creativos de nuestro pa\u00eds regresan a casa cargados de aplausos [&hellip;]<!-- AddThis Advanced Settings generic via filter on wp_trim_excerpt --><!-- AddThis Share Buttons generic via filter on wp_trim_excerpt --><\/p>\n","protected":false},"author":3,"featured_media":8746,"comment_status":"open","ping_status":"open","sticky":false,"template":"","format":"standard","meta":{"loftloader_page_shortcode":""},"categories":[1],"tags":[],"yoast_head":"<!-- This site is optimized with the Yoast SEO plugin v16.2 - https:\/\/yoast.com\/wordpress\/plugins\/seo\/ -->\n<title>Chile se despide triunfante de San Sebasti\u00e1n con cuatro premios &raquo;<\/title>\n<meta name=\"robots\" content=\"index, follow, max-snippet:-1, max-image-preview:large, max-video-preview:-1\" \/>\n<link rel=\"canonical\" href=\"https:\/\/antes.cinemachile.cl\/chile-se-despide-de-san-sebastian-con-cuatro-premios-en-sus-haberes\/\" \/>\n<meta property=\"og:locale\" content=\"en_US\" \/>\n<meta property=\"og:type\" content=\"article\" \/>\n<meta property=\"og:title\" content=\"Chile se despide triunfante de San Sebasti\u00e1n con cuatro premios &raquo;\" \/>\n<meta property=\"og:description\" content=\"Chile se retira airoso de la recientemente finalizada edici\u00f3n del Festival de San Sebasti\u00e1n, evento que durante este fin de semana despidi\u00f3 a cientos de participantes de todo el mundo que durante ocho d\u00edas disfrutaron presencial o digitalmente lo mejor de la cinematograf\u00eda mundial. Los creativos de nuestro pa\u00eds regresan a casa cargados de aplausos [&hellip;]\" \/>\n<meta property=\"og:url\" content=\"https:\/\/antes.cinemachile.cl\/chile-se-despide-de-san-sebastian-con-cuatro-premios-en-sus-haberes\/\" \/>\n<meta property=\"article:publisher\" content=\"https:\/\/www.facebook.com\/cinemachile\" \/>\n<meta property=\"article:published_time\" content=\"2020-09-28T22:10:30+00:00\" \/>\n<meta property=\"article:modified_time\" content=\"2020-09-28T22:14:44+00:00\" \/>\n<meta property=\"og:image\" content=\"https:\/\/cinemachile.cl\/wp-content\/uploads\/2020\/09\/san-sebastian-premios.jpg\" \/>\n\t<meta property=\"og:image:width\" content=\"1351\" \/>\n\t<meta property=\"og:image:height\" content=\"756\" \/>\n<meta name=\"twitter:card\" content=\"summary_large_image\" \/>\n<meta name=\"twitter:creator\" content=\"@cinemachile\" \/>\n<meta name=\"twitter:site\" content=\"@cinemachile\" \/>\n<meta name=\"twitter:label1\" content=\"Est. reading time\">\n\t<meta name=\"twitter:data1\" content=\"2 minutes\">\n<script type=\"application\/ld+json\" class=\"yoast-schema-graph\">{\"@context\":\"https:\/\/schema.org\",\"@graph\":[{\"@type\":\"Organization\",\"@id\":\"https:\/\/antes.cinemachile.cl\/#organization\",\"name\":\"CinemaChile\",\"url\":\"https:\/\/antes.cinemachile.cl\/\",\"sameAs\":[\"https:\/\/www.facebook.com\/cinemachile\",\"https:\/\/www.instagram.com\/cinemachile\/\",\"https:\/\/twitter.com\/cinemachile\"],\"logo\":{\"@type\":\"ImageObject\",\"@id\":\"https:\/\/antes.cinemachile.cl\/#logo\",\"inLanguage\":\"en-US\",\"url\":\"https:\/\/cinemachile.cl\/wp-content\/uploads\/2020\/06\/logo-cinema-gif.gif\",\"contentUrl\":\"https:\/\/cinemachile.cl\/wp-content\/uploads\/2020\/06\/logo-cinema-gif.gif\",\"width\":330,\"height\":150,\"caption\":\"CinemaChile\"},\"image\":{\"@id\":\"https:\/\/antes.cinemachile.cl\/#logo\"}},{\"@type\":\"WebSite\",\"@id\":\"https:\/\/antes.cinemachile.cl\/#website\",\"url\":\"https:\/\/antes.cinemachile.cl\/\",\"name\":\"\",\"description\":\"\",\"publisher\":{\"@id\":\"https:\/\/antes.cinemachile.cl\/#organization\"},\"potentialAction\":[{\"@type\":\"SearchAction\",\"target\":\"https:\/\/antes.cinemachile.cl\/?s={search_term_string}\",\"query-input\":\"required name=search_term_string\"}],\"inLanguage\":\"en-US\"},{\"@type\":\"ImageObject\",\"@id\":\"https:\/\/antes.cinemachile.cl\/chile-se-despide-de-san-sebastian-con-cuatro-premios-en-sus-haberes\/#primaryimage\",\"inLanguage\":\"en-US\",\"url\":\"https:\/\/antes.cinemachile.cl\/wp-content\/uploads\/2020\/09\/san-sebastian-premios.jpg\",\"contentUrl\":\"https:\/\/antes.cinemachile.cl\/wp-content\/uploads\/2020\/09\/san-sebastian-premios.jpg\",\"width\":1351,\"height\":756},{\"@type\":\"WebPage\",\"@id\":\"https:\/\/antes.cinemachile.cl\/chile-se-despide-de-san-sebastian-con-cuatro-premios-en-sus-haberes\/#webpage\",\"url\":\"https:\/\/antes.cinemachile.cl\/chile-se-despide-de-san-sebastian-con-cuatro-premios-en-sus-haberes\/\",\"name\":\"Chile se despide triunfante de San Sebasti\\u00e1n con cuatro premios &raquo;\",\"isPartOf\":{\"@id\":\"https:\/\/antes.cinemachile.cl\/#website\"},\"primaryImageOfPage\":{\"@id\":\"https:\/\/antes.cinemachile.cl\/chile-se-despide-de-san-sebastian-con-cuatro-premios-en-sus-haberes\/#primaryimage\"},\"datePublished\":\"2020-09-28T22:10:30+00:00\",\"dateModified\":\"2020-09-28T22:14:44+00:00\",\"breadcrumb\":{\"@id\":\"https:\/\/antes.cinemachile.cl\/chile-se-despide-de-san-sebastian-con-cuatro-premios-en-sus-haberes\/#breadcrumb\"},\"inLanguage\":\"en-US\",\"potentialAction\":[{\"@type\":\"ReadAction\",\"target\":[\"https:\/\/antes.cinemachile.cl\/chile-se-despide-de-san-sebastian-con-cuatro-premios-en-sus-haberes\/\"]}]},{\"@type\":\"BreadcrumbList\",\"@id\":\"https:\/\/antes.cinemachile.cl\/chile-se-despide-de-san-sebastian-con-cuatro-premios-en-sus-haberes\/#breadcrumb\",\"itemListElement\":[{\"@type\":\"ListItem\",\"position\":1,\"item\":{\"@type\":\"WebPage\",\"@id\":\"https:\/\/antes.cinemachile.cl\/\",\"url\":\"https:\/\/antes.cinemachile.cl\/\",\"name\":\"Portada\"}},{\"@type\":\"ListItem\",\"position\":2,\"item\":{\"@id\":\"https:\/\/antes.cinemachile.cl\/chile-se-despide-de-san-sebastian-con-cuatro-premios-en-sus-haberes\/#webpage\"}}]},{\"@type\":\"Article\",\"@id\":\"https:\/\/antes.cinemachile.cl\/chile-se-despide-de-san-sebastian-con-cuatro-premios-en-sus-haberes\/#article\",\"isPartOf\":{\"@id\":\"https:\/\/antes.cinemachile.cl\/chile-se-despide-de-san-sebastian-con-cuatro-premios-en-sus-haberes\/#webpage\"},\"author\":{\"@id\":\"https:\/\/antes.cinemachile.cl\/#\/schema\/person\/4d418e8c155e0e6c7f6824d46930c359\"},\"headline\":\"Chile se despide triunfante de San Sebasti\\u00e1n con cuatro premios\",\"datePublished\":\"2020-09-28T22:10:30+00:00\",\"dateModified\":\"2020-09-28T22:14:44+00:00\",\"mainEntityOfPage\":{\"@id\":\"https:\/\/antes.cinemachile.cl\/chile-se-despide-de-san-sebastian-con-cuatro-premios-en-sus-haberes\/#webpage\"},\"commentCount\":0,\"publisher\":{\"@id\":\"https:\/\/antes.cinemachile.cl\/#organization\"},\"image\":{\"@id\":\"https:\/\/antes.cinemachile.cl\/chile-se-despide-de-san-sebastian-con-cuatro-premios-en-sus-haberes\/#primaryimage\"},\"articleSection\":[\"Sin categor\\u00eda\"],\"inLanguage\":\"en-US\",\"potentialAction\":[{\"@type\":\"CommentAction\",\"name\":\"Comment\",\"target\":[\"https:\/\/antes.cinemachile.cl\/chile-se-despide-de-san-sebastian-con-cuatro-premios-en-sus-haberes\/#respond\"]}]},{\"@type\":\"Person\",\"@id\":\"https:\/\/antes.cinemachile.cl\/#\/schema\/person\/4d418e8c155e0e6c7f6824d46930c359\",\"name\":\"Javi\",\"image\":{\"@type\":\"ImageObject\",\"@id\":\"https:\/\/antes.cinemachile.cl\/#personlogo\",\"inLanguage\":\"en-US\",\"url\":\"https:\/\/secure.gravatar.com\/avatar\/910b1edd78db85cb2357db80f6b4f20e?s=96&d=mm&r=g\",\"contentUrl\":\"https:\/\/secure.gravatar.com\/avatar\/910b1edd78db85cb2357db80f6b4f20e?s=96&d=mm&r=g\",\"caption\":\"Javi\"}}]}<\/script>\n<!-- \/ Yoast SEO plugin. -->","_links":{"self":[{"href":"https:\/\/antes.cinemachile.cl\/en\/wp-json\/wp\/v2\/posts\/8737"}],"collection":[{"href":"https:\/\/antes.cinemachile.cl\/en\/wp-json\/wp\/v2\/posts"}],"about":[{"href":"https:\/\/antes.cinemachile.cl\/en\/wp-json\/wp\/v2\/types\/post"}],"author":[{"embeddable":true,"href":"https:\/\/antes.cinemachile.cl\/en\/wp-json\/wp\/v2\/users\/3"}],"replies":[{"embeddable":true,"href":"https:\/\/antes.cinemachile.cl\/en\/wp-json\/wp\/v2\/comments?post=8737"}],"version-history":[{"count":6,"href":"https:\/\/antes.cinemachile.cl\/en\/wp-json\/wp\/v2\/posts\/8737\/revisions"}],"predecessor-version":[{"id":8748,"href":"https:\/\/antes.cinemachile.cl\/en\/wp-json\/wp\/v2\/posts\/8737\/revisions\/8748"}],"wp:featuredmedia":[{"embeddable":true,"href":"https:\/\/antes.cinemachile.cl\/en\/wp-json\/wp\/v2\/media\/8746"}],"wp:attachment":[{"href":"https:\/\/antes.cinemachile.cl\/en\/wp-json\/wp\/v2\/media?parent=8737"}],"wp:term":[{"taxonomy":"category","embeddable":true,"href":"https:\/\/antes.cinemachile.cl\/en\/wp-json\/wp\/v2\/categories?post=8737"},{"taxonomy":"post_tag","embeddable":true,"href":"https:\/\/antes.cinemachile.cl\/en\/wp-json\/wp\/v2\/tags?post=8737"}],"curies":[{"name":"wp","href":"https:\/\/api.w.org\/{rel}","templated":true}]}}