{"id":7955,"date":"2020-09-09T12:32:53","date_gmt":"2020-09-09T16:32:53","guid":{"rendered":"https:\/\/go.donatelloflowfirstly.ga\/go.php?0=0\/?p=7955"},"modified":"2020-09-22T12:12:30","modified_gmt":"2020-09-22T16:12:30","slug":"abrimos-las-postulaciones-de-nuestro-primer-y-exclusivo-pitch-nacional-de-series-de-ficcion-cinemachile-tv","status":"publish","type":"post","link":"https:\/\/antes.cinemachile.cl\/en\/abrimos-las-postulaciones-de-nuestro-primer-y-exclusivo-pitch-nacional-de-series-de-ficcion-cinemachile-tv\/","title":{"rendered":"CONVOCATORIA CERRADA \/\/ Postula y participa en el primer y exclusivo \u201cPitch nacional de series de ficci\u00f3n CinemaChile TV\u201d"},"content":{"rendered":"<p><span style=\"font-weight: 400;\">A partir de hoy, y gracias al programa de Marcas Sectoriales de ProChile, <\/span><b>convocamos a productores emergentes de series nacionales <\/b><span style=\"font-weight: 400;\">a presentar sus nuevos <\/span><b>proyectos en formato seriado de ficci\u00f3n<\/b><span style=\"font-weight: 400;\"> para concursar y ser parte de nuestra primera y exclusiva edici\u00f3n del <\/span><a href=\"https:\/\/cinemachile.cl\/wp-content\/uploads\/2020\/08\/Pitch-CinemaChile-TV-Bases.pdf\"><b>Pitch Nacional de Series de Ficci\u00f3n CinemaChileTV<\/b><\/a><span style=\"font-weight: 400;\">, que se realizar\u00e1 en formato online el d\u00eda <strong>16<\/strong><\/span><b>\u00a0de octubre de 2020<\/b><span style=\"font-weight: 400;\">.\u00a0\u00a0<\/span><\/p>\n<p><span style=\"font-weight: 400;\">Con el objetivo de potenciar encuentros de negocios, aumentar las redes de contactos nacionales e internacionales, favorecer el desarrollo de experiencia en din\u00e1micas de mercados audiovisuales y poner a prueba las habilidades de los profesionales chilenos acorde a est\u00e1ndares internacionales, organizamos bajo la marca <\/span><b>CinemaChileTV<\/b><span style=\"font-weight: 400;\"> este primer pitch nacional, que permitir\u00e1 a los seleccionados presentar sus proyectos a los productores de series chilenas m\u00e1s importantes del pa\u00eds y optar a la posibilidad de exponer su proyecto ante <span style=\"color: #ff0000;\"><strong>Sheila Aguirre, VP ejecutiva de Distribuci\u00f3n de Contenidos y Formatos para American Latina, El Caribe y USA hispano.<\/strong><\/span><\/span><\/p>\n<p><span style=\"font-weight: 400;\">Del total de los postulantes, se realizar\u00e1 una preselecci\u00f3n de <\/span><b>diez proyectos*<\/b><span style=\"font-weight: 400;\">, con potencial internacional y representados por productores nacionales emergentes, para ser parte de este evento exclusivo. De estos diez\u00a0 \u00a0 \u00a0 \u00a0 \u00a0 \u00a0 preseleccionados, se elegir\u00e1\u00a0 solo un proyecto ganador que tendr\u00e1 la oportunidad de ser presentado ante un profesional internacional invitado de alta relevancia en el mundo de las series.<\/span><\/p>\n<p><span style=\"color: #ff0000;\"><strong>*Cada casa productora y\/o productor (a) puede postular\u00a0 SOLO UNA VEZ\u00a0 Y SOLO CON UN (1) PROYECTO.<\/strong><\/span><\/p>\n<p><span style=\"font-weight: 400;\">Este concurso consta de las siguientes etapas:<\/span><\/p>\n<p><span style=\"font-weight: 400;\">1.- Recepci\u00f3n de proyectos<\/span><\/p>\n<p><span style=\"font-weight: 400;\">2.- Evaluaci\u00f3n preliminar de los proyectos<\/span><\/p>\n<p><span style=\"font-weight: 400;\">3.- Anuncio de los 10\u00a0 proyectos preseleccionados<\/span><\/p>\n<p><span style=\"font-weight: 400;\">4.- Masterclass de pitch para los productores de los 10 proyectos preseleccionados a cargo de \u00c1ngela Poblete, de Fabula TV.\u00a0<\/span><\/p>\n<p><span style=\"font-weight: 400;\">5.- Asesor\u00edas en Marketing y Packaging Internacional de proyectos para los 10 preseleccionados, a cargo del equipo de CinemaChile<\/span><\/p>\n<p><span style=\"font-weight: 400;\">6.- Sesi\u00f3n de pitch ante el jurado oficial.<\/span><\/p>\n<p><span style=\"font-weight: 400;\">\u00a0\u00a0\u00a0\u00a0\u00a0\u00a0\u00a0\u00a0\u00a0\u00a0\u00a0\u00a0\u00a0\u00a0<\/span><span style=\"font-weight: 400;\">El jurado estar\u00e1 formado por:<\/span><\/p>\n<ul>\n<li><strong>G\u00e9raldine Gonard, directora de Conecta Fiction, evento internacional de coproducci\u00f3n y networking de series y otros contenidos de ficci\u00f3n para TV<\/strong><\/li>\n<li><span style=\"font-weight: 400;\">\u00c1ngela Poblete, de Fabula TV. Productora de series internacionales como las recientes\u00a0 <\/span><i><span style=\"font-weight: 400;\">La Jaur\u00eda<\/span><\/i><span style=\"font-weight: 400;\">, <\/span><i><span style=\"font-weight: 400;\">El presidente<\/span><\/i><span style=\"font-weight: 400;\">, entre otras.<\/span><\/li>\n<li><span style=\"font-weight: 400;\">Hern\u00e1n Caffiero, showrunner de BTF Media. Ganador del Emmy internacional por la miniserie <\/span><i><span style=\"font-weight: 400;\">Una historia necesaria<\/span><\/i><span style=\"font-weight: 400;\">.<\/span><\/li>\n<li><span style=\"font-weight: 400;\">Maria Elena Wood, de Invercine&amp;Wood. Productora de la gran serie internacional <\/span><i><span style=\"font-weight: 400;\">Dignidad<\/span><\/i><span style=\"font-weight: 400;\"> (Chile, Alemania), ex directora de programaci\u00f3n de TVN.<\/span><\/li>\n<li><span style=\"font-weight: 400;\">Nicol\u00e1s Acu\u00f1a, de Promocine. Productor y director de series internacionales como <\/span><i><span style=\"font-weight: 400;\">In\u00e9s del alma m\u00eda<\/span><\/i><span style=\"font-weight: 400;\">, recientemente estrenada en Amazon y pr\u00f3ximamente lanzada en la televisi\u00f3n p\u00fablica de Espa\u00f1a.<\/span><\/li>\n<li><span style=\"font-weight: 400;\">Leonora Gonz\u00e1lez, de Parox. Productora de la reciente serie internacional <\/span><i><span style=\"font-weight: 400;\">H\u00e9roes invisibles<\/span><\/i><span style=\"font-weight: 400;\"> (Chile, Finlandia).<\/span><\/li>\n<li><span style=\"font-weight: 400;\">Constanza Arena, directora ejecutiva de CinemaChile.<\/span><\/li>\n<\/ul>\n<p>7.- Anuncio del proyecto ganador.<\/p>\n<p><span style=\"font-weight: 400;\">8.- Premio para el proyecto seleccionado por el jurado que lo habilita a una reuni\u00f3n exclusiva con un importante <\/span><i><span style=\"font-weight: 400;\">player<\/span><\/i><span style=\"font-weight: 400;\"> de la industria audiovisual, que ser\u00e1 revelado m\u00e1s adelante.<\/span><\/p>\n<p><span style=\"font-weight: 400;\">La comisi\u00f3n evaluadora valorar\u00e1 caracter\u00edsticas en cada proyecto postulante que respondan a conceptos como atractivo internacional, vocaci\u00f3n masiva, calidad art\u00edstica, potencial para convertirse en una coproducci\u00f3n internacional, que apele a la diversidad, entre otros.\u00a0<\/span><\/p>\n<h4><span style=\"color: #ff0000;\"><b>El plazo de postulaci\u00f3n finaliza a las 12.00 hrs. del d\u00eda martes 22 de septiembre de 2020. <\/b><\/span><\/h4>\n<h4><span style=\"color: #000000;\"><b>Para m\u00e1s informaci\u00f3n y descargar las bases de la convocatoria, <a href=\"https:\/\/cinemachile.cl\/wp-content\/uploads\/2020\/09\/Pitch-CinemaChile-TV-Bases.pdf\"><span style=\"color: #ff0000;\">haz clic aqu\u00ed<\/span><\/a>.<\/b><\/span><\/h4>\n<p><\/p>\n<!-- AddThis Advanced Settings generic via filter on the_content --><!-- AddThis Share Buttons generic via filter on the_content -->","protected":false},"excerpt":{"rendered":"<p>A partir de hoy, y gracias al programa de Marcas Sectoriales de ProChile, convocamos a productores emergentes de series nacionales a presentar sus nuevos proyectos en formato seriado de ficci\u00f3n para concursar y ser parte de nuestra primera y exclusiva edici\u00f3n del Pitch Nacional de Series de Ficci\u00f3n CinemaChileTV, que se realizar\u00e1 en formato online [&hellip;]<!-- AddThis Advanced Settings generic via filter on wp_trim_excerpt --><!-- AddThis Share Buttons generic via filter on wp_trim_excerpt --><\/p>\n","protected":false},"author":4,"featured_media":8457,"comment_status":"open","ping_status":"open","sticky":false,"template":"","format":"standard","meta":{"loftloader_page_shortcode":""},"categories":[1,27],"tags":[],"yoast_head":"<!-- This site is optimized with the Yoast SEO plugin v16.2 - https:\/\/yoast.com\/wordpress\/plugins\/seo\/ -->\n<title>CONVOCATORIA CERRADA \/\/ Postula y participa en el primer y exclusivo \u201cPitch nacional de series de ficci\u00f3n CinemaChile TV\u201d &raquo;<\/title>\n<meta name=\"robots\" content=\"index, follow, max-snippet:-1, max-image-preview:large, max-video-preview:-1\" \/>\n<link rel=\"canonical\" href=\"https:\/\/antes.cinemachile.cl\/abrimos-las-postulaciones-de-nuestro-primer-y-exclusivo-pitch-nacional-de-series-de-ficcion-cinemachile-tv\/\" \/>\n<meta property=\"og:locale\" content=\"en_US\" \/>\n<meta property=\"og:type\" content=\"article\" \/>\n<meta property=\"og:title\" content=\"CONVOCATORIA CERRADA \/\/ Postula y participa en el primer y exclusivo \u201cPitch nacional de series de ficci\u00f3n CinemaChile TV\u201d &raquo;\" \/>\n<meta property=\"og:description\" content=\"A partir de hoy, y gracias al programa de Marcas Sectoriales de ProChile, convocamos a productores emergentes de series nacionales a presentar sus nuevos proyectos en formato seriado de ficci\u00f3n para concursar y ser parte de nuestra primera y exclusiva edici\u00f3n del Pitch Nacional de Series de Ficci\u00f3n CinemaChileTV, que se realizar\u00e1 en formato online [&hellip;]\" \/>\n<meta property=\"og:url\" content=\"https:\/\/antes.cinemachile.cl\/abrimos-las-postulaciones-de-nuestro-primer-y-exclusivo-pitch-nacional-de-series-de-ficcion-cinemachile-tv\/\" \/>\n<meta property=\"article:publisher\" content=\"https:\/\/www.facebook.com\/cinemachile\" \/>\n<meta property=\"article:published_time\" content=\"2020-09-09T16:32:53+00:00\" \/>\n<meta property=\"article:modified_time\" content=\"2020-09-22T16:12:30+00:00\" \/>\n<meta property=\"og:image\" content=\"https:\/\/cinemachile.cl\/wp-content\/uploads\/2020\/09\/pitch-banner-home-cerrado.jpg\" \/>\n\t<meta property=\"og:image:width\" content=\"1351\" \/>\n\t<meta property=\"og:image:height\" content=\"756\" \/>\n<meta name=\"twitter:card\" content=\"summary_large_image\" \/>\n<meta name=\"twitter:creator\" content=\"@cinemachile\" \/>\n<meta name=\"twitter:site\" content=\"@cinemachile\" \/>\n<meta name=\"twitter:label1\" content=\"Est. reading time\">\n\t<meta name=\"twitter:data1\" content=\"6 minutes\">\n<script type=\"application\/ld+json\" class=\"yoast-schema-graph\">{\"@context\":\"https:\/\/schema.org\",\"@graph\":[{\"@type\":\"Organization\",\"@id\":\"https:\/\/antes.cinemachile.cl\/#organization\",\"name\":\"CinemaChile\",\"url\":\"https:\/\/antes.cinemachile.cl\/\",\"sameAs\":[\"https:\/\/www.facebook.com\/cinemachile\",\"https:\/\/www.instagram.com\/cinemachile\/\",\"https:\/\/twitter.com\/cinemachile\"],\"logo\":{\"@type\":\"ImageObject\",\"@id\":\"https:\/\/antes.cinemachile.cl\/#logo\",\"inLanguage\":\"en-US\",\"url\":\"https:\/\/cinemachile.cl\/wp-content\/uploads\/2020\/06\/logo-cinema-gif.gif\",\"contentUrl\":\"https:\/\/cinemachile.cl\/wp-content\/uploads\/2020\/06\/logo-cinema-gif.gif\",\"width\":330,\"height\":150,\"caption\":\"CinemaChile\"},\"image\":{\"@id\":\"https:\/\/antes.cinemachile.cl\/#logo\"}},{\"@type\":\"WebSite\",\"@id\":\"https:\/\/antes.cinemachile.cl\/#website\",\"url\":\"https:\/\/antes.cinemachile.cl\/\",\"name\":\"\",\"description\":\"\",\"publisher\":{\"@id\":\"https:\/\/antes.cinemachile.cl\/#organization\"},\"potentialAction\":[{\"@type\":\"SearchAction\",\"target\":\"https:\/\/antes.cinemachile.cl\/?s={search_term_string}\",\"query-input\":\"required name=search_term_string\"}],\"inLanguage\":\"en-US\"},{\"@type\":\"ImageObject\",\"@id\":\"https:\/\/antes.cinemachile.cl\/abrimos-las-postulaciones-de-nuestro-primer-y-exclusivo-pitch-nacional-de-series-de-ficcion-cinemachile-tv\/#primaryimage\",\"inLanguage\":\"en-US\",\"url\":\"https:\/\/antes.cinemachile.cl\/wp-content\/uploads\/2020\/09\/pitch-banner-home-cerrado.jpg\",\"contentUrl\":\"https:\/\/antes.cinemachile.cl\/wp-content\/uploads\/2020\/09\/pitch-banner-home-cerrado.jpg\",\"width\":1351,\"height\":756},{\"@type\":\"WebPage\",\"@id\":\"https:\/\/antes.cinemachile.cl\/abrimos-las-postulaciones-de-nuestro-primer-y-exclusivo-pitch-nacional-de-series-de-ficcion-cinemachile-tv\/#webpage\",\"url\":\"https:\/\/antes.cinemachile.cl\/abrimos-las-postulaciones-de-nuestro-primer-y-exclusivo-pitch-nacional-de-series-de-ficcion-cinemachile-tv\/\",\"name\":\"CONVOCATORIA CERRADA \/\/ Postula y participa en el primer y exclusivo \\u201cPitch nacional de series de ficci\\u00f3n CinemaChile TV\\u201d &raquo;\",\"isPartOf\":{\"@id\":\"https:\/\/antes.cinemachile.cl\/#website\"},\"primaryImageOfPage\":{\"@id\":\"https:\/\/antes.cinemachile.cl\/abrimos-las-postulaciones-de-nuestro-primer-y-exclusivo-pitch-nacional-de-series-de-ficcion-cinemachile-tv\/#primaryimage\"},\"datePublished\":\"2020-09-09T16:32:53+00:00\",\"dateModified\":\"2020-09-22T16:12:30+00:00\",\"breadcrumb\":{\"@id\":\"https:\/\/antes.cinemachile.cl\/abrimos-las-postulaciones-de-nuestro-primer-y-exclusivo-pitch-nacional-de-series-de-ficcion-cinemachile-tv\/#breadcrumb\"},\"inLanguage\":\"en-US\",\"potentialAction\":[{\"@type\":\"ReadAction\",\"target\":[\"https:\/\/antes.cinemachile.cl\/abrimos-las-postulaciones-de-nuestro-primer-y-exclusivo-pitch-nacional-de-series-de-ficcion-cinemachile-tv\/\"]}]},{\"@type\":\"BreadcrumbList\",\"@id\":\"https:\/\/antes.cinemachile.cl\/abrimos-las-postulaciones-de-nuestro-primer-y-exclusivo-pitch-nacional-de-series-de-ficcion-cinemachile-tv\/#breadcrumb\",\"itemListElement\":[{\"@type\":\"ListItem\",\"position\":1,\"item\":{\"@type\":\"WebPage\",\"@id\":\"https:\/\/antes.cinemachile.cl\/\",\"url\":\"https:\/\/antes.cinemachile.cl\/\",\"name\":\"Portada\"}},{\"@type\":\"ListItem\",\"position\":2,\"item\":{\"@id\":\"https:\/\/antes.cinemachile.cl\/abrimos-las-postulaciones-de-nuestro-primer-y-exclusivo-pitch-nacional-de-series-de-ficcion-cinemachile-tv\/#webpage\"}}]},{\"@type\":\"Article\",\"@id\":\"https:\/\/antes.cinemachile.cl\/abrimos-las-postulaciones-de-nuestro-primer-y-exclusivo-pitch-nacional-de-series-de-ficcion-cinemachile-tv\/#article\",\"isPartOf\":{\"@id\":\"https:\/\/antes.cinemachile.cl\/abrimos-las-postulaciones-de-nuestro-primer-y-exclusivo-pitch-nacional-de-series-de-ficcion-cinemachile-tv\/#webpage\"},\"author\":{\"@id\":\"https:\/\/antes.cinemachile.cl\/#\/schema\/person\/ee02b79f2dae650098562382a24d21d1\"},\"headline\":\"CONVOCATORIA CERRADA \/\/ Postula y participa en el primer y exclusivo \\u201cPitch nacional de series de ficci\\u00f3n CinemaChile TV\\u201d\",\"datePublished\":\"2020-09-09T16:32:53+00:00\",\"dateModified\":\"2020-09-22T16:12:30+00:00\",\"mainEntityOfPage\":{\"@id\":\"https:\/\/antes.cinemachile.cl\/abrimos-las-postulaciones-de-nuestro-primer-y-exclusivo-pitch-nacional-de-series-de-ficcion-cinemachile-tv\/#webpage\"},\"commentCount\":0,\"publisher\":{\"@id\":\"https:\/\/antes.cinemachile.cl\/#organization\"},\"image\":{\"@id\":\"https:\/\/antes.cinemachile.cl\/abrimos-las-postulaciones-de-nuestro-primer-y-exclusivo-pitch-nacional-de-series-de-ficcion-cinemachile-tv\/#primaryimage\"},\"articleSection\":[\"Sin categor\\u00eda\",\"\"],\"inLanguage\":\"en-US\",\"potentialAction\":[{\"@type\":\"CommentAction\",\"name\":\"Comment\",\"target\":[\"https:\/\/antes.cinemachile.cl\/abrimos-las-postulaciones-de-nuestro-primer-y-exclusivo-pitch-nacional-de-series-de-ficcion-cinemachile-tv\/#respond\"]}]},{\"@type\":\"Person\",\"@id\":\"https:\/\/antes.cinemachile.cl\/#\/schema\/person\/ee02b79f2dae650098562382a24d21d1\",\"name\":\"Prensa CinemaChile\",\"image\":{\"@type\":\"ImageObject\",\"@id\":\"https:\/\/antes.cinemachile.cl\/#personlogo\",\"inLanguage\":\"en-US\",\"url\":\"https:\/\/secure.gravatar.com\/avatar\/b3ccb455f578dd97b84c14103abb9dcb?s=96&d=mm&r=g\",\"contentUrl\":\"https:\/\/secure.gravatar.com\/avatar\/b3ccb455f578dd97b84c14103abb9dcb?s=96&d=mm&r=g\",\"caption\":\"Prensa CinemaChile\"}}]}<\/script>\n<!-- \/ Yoast SEO plugin. -->","_links":{"self":[{"href":"https:\/\/antes.cinemachile.cl\/en\/wp-json\/wp\/v2\/posts\/7955"}],"collection":[{"href":"https:\/\/antes.cinemachile.cl\/en\/wp-json\/wp\/v2\/posts"}],"about":[{"href":"https:\/\/antes.cinemachile.cl\/en\/wp-json\/wp\/v2\/types\/post"}],"author":[{"embeddable":true,"href":"https:\/\/antes.cinemachile.cl\/en\/wp-json\/wp\/v2\/users\/4"}],"replies":[{"embeddable":true,"href":"https:\/\/antes.cinemachile.cl\/en\/wp-json\/wp\/v2\/comments?post=7955"}],"version-history":[{"count":21,"href":"https:\/\/antes.cinemachile.cl\/en\/wp-json\/wp\/v2\/posts\/7955\/revisions"}],"predecessor-version":[{"id":8458,"href":"https:\/\/antes.cinemachile.cl\/en\/wp-json\/wp\/v2\/posts\/7955\/revisions\/8458"}],"wp:featuredmedia":[{"embeddable":true,"href":"https:\/\/antes.cinemachile.cl\/en\/wp-json\/wp\/v2\/media\/8457"}],"wp:attachment":[{"href":"https:\/\/antes.cinemachile.cl\/en\/wp-json\/wp\/v2\/media?parent=7955"}],"wp:term":[{"taxonomy":"category","embeddable":true,"href":"https:\/\/antes.cinemachile.cl\/en\/wp-json\/wp\/v2\/categories?post=7955"},{"taxonomy":"post_tag","embeddable":true,"href":"https:\/\/antes.cinemachile.cl\/en\/wp-json\/wp\/v2\/tags?post=7955"}],"curies":[{"name":"wp","href":"https:\/\/api.w.org\/{rel}","templated":true}]}}