{"id":7942,"date":"2020-08-14T18:39:32","date_gmt":"2020-08-14T18:39:32","guid":{"rendered":"https:\/\/cinemachile.cl\/?p=7942"},"modified":"2020-08-14T18:39:32","modified_gmt":"2020-08-14T18:39:32","slug":"imperdible-este-domingo-comienza-la-16-edicion-de-santiago-festival-internacional-de-cine-sanfic","status":"publish","type":"post","link":"https:\/\/antes.cinemachile.cl\/en\/espanol-este-domingo-comienza-la-16-edicion-de-santiago-festival-internacional-de-cine-sanfic\/","title":{"rendered":"\u00a1Imperdible! Este domingo comienza la 16 edici\u00f3n de Santiago Festival Internacional de Cine SANFIC"},"content":{"rendered":"<p>La decimosexta versi\u00f3n de <strong>Santiago Festival Internacional de Cine SANFIC<\/strong>, que este a\u00f1o se llevar\u00e1 a cabo por primera vez de forma digital, gratuita y para todo Chile, comenzar\u00e1 este domingo 16\u00a0 hasta el domingo 23 de agosto. Esta nueva edici\u00f3n contar\u00e1 con 84 producciones tanto nacionales como internacionales, entre los que se encuentran 21 estrenos mundiales, 32 latinoamericanos y 31 nacionales. <strong>El festival es organizado por Fundaci\u00f3n CorpArtes y producido por Storyboard Media.<\/strong><\/p>\n<p>Sobre la programaci\u00f3n, el <strong>director art\u00edstico<\/strong> del certamen <strong>Carlos Nu\u00f1ez (Storyboard Media)<\/strong>\u00a0coment\u00f3 que \u201ceste a\u00f1o, de las 84 pel\u00edculas que tiene programado SANFIC, 29 son chilenas. B\u00e1sicamente estamos muy contentos con la selecci\u00f3n de estas pel\u00edculas porque son nuevas y todas se mostrar\u00e1n por primera vez en Chile. En ese contexto, me parece que el material que tenemos es diverso, con distintas tem\u00e1ticas y hay un balance entre las directoras y los directores porque nos interesa mucho generar esta paridad de g\u00e9nero. La variedad de las tem\u00e1ticas y pel\u00edculas que tenemos nos parece que est\u00e1n muy interesantes con distintos puntos de vista, con distintas tem\u00e1ticas y g\u00e9neros. Es una programaci\u00f3n s\u00faper fresca y novedosa de lo reciente del cine chileno y de las pel\u00edculas que est\u00e1n termin\u00e1ndose y saliendo para mostrarse en agosto&#8221;.<\/p>\n<h2><strong>Cortometraje Talento Nacional<\/strong><\/h2>\n<p>21 producciones fueron seleccionadas para participar en la categor\u00eda Cortometraje Talento Nacional, que ser\u00e1n evaluadas por un jurado compuesto por la actriz nacional Antonia Giesen, la realizadora argentina Sabrina Blanco y por el programador italiano Massimiliano Nardulli. Este a\u00f1o, primeras producciones de directores como <strong>Ignacio Palma, Valentina Arango y Valentina Flores<\/strong> y de otros m\u00e1s experimentados como M<strong>auricio Corco y Nicol\u00e1s Postiglione<\/strong>, formar\u00e1n un entramado de narrativas que van desde las relaciones enjuiciadas por la sociedad, vejez, revisitar recuerdos de infancia, problem\u00e1ticas de inmigrantes, entre otras.<\/p>\n<h2><strong>Competencia de Cine Chileno<\/strong><\/h2>\n<p>Siete pel\u00edculas competir\u00e1n por los galardones a <strong>Mejor Director, Mejor Pel\u00edcula y Mejor Actuaci\u00f3n<\/strong> en la Competencia de Cine Chileno que ser\u00e1 evaluada por un jurado integrado por el realizador nacional Fernando Guzzoni, el cineasta mexicano Everardo Gonz\u00e1lez y la realizadora uruguaya Micaela Sol\u00e9.<\/p>\n<p>Una de las seleccionadas es <strong><em>Piola<\/em> <\/strong>(foto portada), de <strong>Luis Alejandro P\u00e9rez<\/strong>, una de las cintas chilenas m\u00e1s esperadas del a\u00f1o y que se suma a SANFIC tras haber sido seleccionada en los Festivales de M\u00e1laga y Guadalajara, que no pudieron ser realizados tras la crisis sanitaria.\u00a0 Junta a \u00e9sta, participar\u00e1n las nuevas producciones de directores como <strong>Peter McPhee<\/strong>, con una obra que gira en torno a lo desconocido, y <strong>Manuel Ferrari<\/strong>, con una pel\u00edcula de introspecci\u00f3n y decisiones. Adem\u00e1s, se presentar\u00e1n obras de nuevos directores que tratan narrativas ligadas a las fracturas familiares, ejercicios de memoria y vida en la selva.<\/p>\n<h2><strong>Competencia internacional<\/strong><\/h2>\n<p>La Competencia Internacional contar\u00e1 con ocho producciones de Espa\u00f1a, M\u00e9xico, China, Alemania, Per\u00fa, Argentina, Lesotho y tambi\u00e9n Chile, las que competir\u00e1n en las categor\u00edas a Mejor Director, Mejor Pel\u00edcula y Mejor Actuaci\u00f3n. Nuestro pa\u00eds ser\u00e1 representado\u00a0 por la pel\u00edcula <strong><em>Blanco en blanco<\/em><\/strong> de<strong> Theo Court<\/strong>, ganadora del Le\u00f3n de Plata a Mejor Director de la Secci\u00f3n Orizzonti en el Festival de Cine de Venecia de 2019, y que adem\u00e1s particip\u00f3 en los festivales de Viena,\u00a0 Bus\u00e1n, R\u00f3terdam, entre muchos otros.<\/p>\n<p>El jurado de esta categor\u00eda lo constituyen el ganador del Goya <strong>\u00c1lvaro Longoria<\/strong>, la actriz nacional y ganadora del Oso de Plata en la Berlinale por su interpretaci\u00f3n en <em>Gloria<\/em>, <strong>Paulina Garc\u00eda<\/strong> y la ganadora de tres premios en el Festival del Nuevo Cine Latinoamericano de La Habana por\u00a0<em>Los son\u00e1mbulos<\/em>, <strong>Paula Hern\u00e1ndez.<\/strong><\/p>\n<h2><strong>SANFIC Industria: se reagenda y espera concretar una versi\u00f3n h\u00edbrida<\/strong><\/h2>\n<p>El prestigioso espacio de industria que cada a\u00f1o se realiza de manera paralela al festival, se desarrollar\u00e1 excepcionalmente entre el 9 y el 13 de noviembre pr\u00f3ximo. La <strong>directoria de SANFIC Industria, Gabriela Sandoval (Storyboard Media)<\/strong>, cuenta que \u201cse separ\u00f3 del festival, de las pel\u00edculas, actividades y conversatorios que van a ver, con el objetivo de poder hacer una instancia relevante y coherente a los requerimientos del sector, tanto nacional como iberoamericano. Entonces, quer\u00edamos por un lado explorar y ver c\u00f3mo hab\u00edan estado los otros espacios de mercado, industria o laboratorios que se hicieron en Latinoam\u00e9rica, como en el resto del mundo y tambi\u00e9n sacar experiencias para poder generar un espacio de fomento y desarrollo para las distintas instancias que tenemos para el sector\u201d. Y agreg\u00f3: \u201cestamos proyectando hacer una modalidad mixta entre online y presencial. Vamos a depender de c\u00f3mo avance la situaci\u00f3n respecto del Covid-19.\u00a0 Son s\u00faper importante estas instancias de fomento y desarrollo, estos espacios de conexi\u00f3n, de reuniones, de reuniones <em>one to one<\/em> y tambi\u00e9n los espacios de laboratorio porque siguen apoyando la reactivaci\u00f3n de la industria. Por otro lado, son claves para impulsar el trabajo de directoras y productoras mujeres, y el trabajo fuertemente con las regiones. Adem\u00e1s, la modalidad <em>online<\/em> nos permitir\u00e1 abrir m\u00e1s la participaci\u00f3n\u00a0 y contar con mayores cupos\u00a0 para regiones\u201d.<\/p>\n<h3><strong>Para m\u00e1s informaci\u00f3n y disfrutar gratuitamente lo mejor del cine mundial en tu pantalla, ingresa a<\/strong><strong>\u00a0<a href=\"https:\/\/sanfic.com\/\">www.sanfic.com<\/a><\/strong><\/h3>\n<!-- AddThis Advanced Settings generic via filter on the_content --><!-- AddThis Share Buttons generic via filter on the_content -->","protected":false},"excerpt":{"rendered":"<p>La decimosexta versi\u00f3n de Santiago Festival Internacional de Cine SANFIC, que este a\u00f1o se llevar\u00e1 a cabo por primera vez de forma digital, gratuita y para todo Chile, comenzar\u00e1 este domingo 16\u00a0 hasta el domingo 23 de agosto. Esta nueva edici\u00f3n contar\u00e1 con 84 producciones tanto nacionales como internacionales, entre los que se encuentran 21 [&hellip;]<!-- AddThis Advanced Settings generic via filter on wp_trim_excerpt --><!-- AddThis Share Buttons generic via filter on wp_trim_excerpt --><\/p>\n","protected":false},"author":3,"featured_media":1195,"comment_status":"open","ping_status":"open","sticky":false,"template":"","format":"standard","meta":{"loftloader_page_shortcode":""},"categories":[1],"tags":[],"yoast_head":"<!-- This site is optimized with the Yoast SEO plugin v16.2 - https:\/\/yoast.com\/wordpress\/plugins\/seo\/ -->\n<title>\u00a1Imperdible! Este domingo comienza la 16 edici\u00f3n de Santiago Festival Internacional de Cine SANFIC &raquo;<\/title>\n<meta name=\"robots\" content=\"index, follow, max-snippet:-1, max-image-preview:large, max-video-preview:-1\" \/>\n<link rel=\"canonical\" href=\"https:\/\/antes.cinemachile.cl\/este-domingo-comienza-la-16-edicion-de-santiago-festival-internacional-de-cine-sanfic\/\" \/>\n<meta property=\"og:locale\" content=\"en_US\" \/>\n<meta property=\"og:type\" content=\"article\" \/>\n<meta property=\"og:title\" content=\"\u00a1Imperdible! Este domingo comienza la 16 edici\u00f3n de Santiago Festival Internacional de Cine SANFIC &raquo;\" \/>\n<meta property=\"og:description\" content=\"La decimosexta versi\u00f3n de Santiago Festival Internacional de Cine SANFIC, que este a\u00f1o se llevar\u00e1 a cabo por primera vez de forma digital, gratuita y para todo Chile, comenzar\u00e1 este domingo 16\u00a0 hasta el domingo 23 de agosto. Esta nueva edici\u00f3n contar\u00e1 con 84 producciones tanto nacionales como internacionales, entre los que se encuentran 21 [&hellip;]\" \/>\n<meta property=\"og:url\" content=\"https:\/\/antes.cinemachile.cl\/este-domingo-comienza-la-16-edicion-de-santiago-festival-internacional-de-cine-sanfic\/\" \/>\n<meta property=\"article:publisher\" content=\"https:\/\/www.facebook.com\/cinemachile\" \/>\n<meta property=\"article:published_time\" content=\"2020-08-14T18:39:32+00:00\" \/>\n<meta property=\"og:image\" content=\"https:\/\/cinemachile.cl\/wp-content\/uploads\/2019\/05\/sl-piola.jpg\" \/>\n\t<meta property=\"og:image:width\" content=\"1130\" \/>\n\t<meta property=\"og:image:height\" content=\"633\" \/>\n<meta name=\"twitter:card\" content=\"summary_large_image\" \/>\n<meta name=\"twitter:creator\" content=\"@cinemachile\" \/>\n<meta name=\"twitter:site\" content=\"@cinemachile\" \/>\n<meta name=\"twitter:label1\" content=\"Est. reading time\">\n\t<meta name=\"twitter:data1\" content=\"5 minutes\">\n<script type=\"application\/ld+json\" class=\"yoast-schema-graph\">{\"@context\":\"https:\/\/schema.org\",\"@graph\":[{\"@type\":\"Organization\",\"@id\":\"https:\/\/antes.cinemachile.cl\/#organization\",\"name\":\"CinemaChile\",\"url\":\"https:\/\/antes.cinemachile.cl\/\",\"sameAs\":[\"https:\/\/www.facebook.com\/cinemachile\",\"https:\/\/www.instagram.com\/cinemachile\/\",\"https:\/\/twitter.com\/cinemachile\"],\"logo\":{\"@type\":\"ImageObject\",\"@id\":\"https:\/\/antes.cinemachile.cl\/#logo\",\"inLanguage\":\"en-US\",\"url\":\"https:\/\/cinemachile.cl\/wp-content\/uploads\/2020\/06\/logo-cinema-gif.gif\",\"contentUrl\":\"https:\/\/cinemachile.cl\/wp-content\/uploads\/2020\/06\/logo-cinema-gif.gif\",\"width\":330,\"height\":150,\"caption\":\"CinemaChile\"},\"image\":{\"@id\":\"https:\/\/antes.cinemachile.cl\/#logo\"}},{\"@type\":\"WebSite\",\"@id\":\"https:\/\/antes.cinemachile.cl\/#website\",\"url\":\"https:\/\/antes.cinemachile.cl\/\",\"name\":\"\",\"description\":\"\",\"publisher\":{\"@id\":\"https:\/\/antes.cinemachile.cl\/#organization\"},\"potentialAction\":[{\"@type\":\"SearchAction\",\"target\":\"https:\/\/antes.cinemachile.cl\/?s={search_term_string}\",\"query-input\":\"required name=search_term_string\"}],\"inLanguage\":\"en-US\"},{\"@type\":\"ImageObject\",\"@id\":\"https:\/\/antes.cinemachile.cl\/este-domingo-comienza-la-16-edicion-de-santiago-festival-internacional-de-cine-sanfic\/#primaryimage\",\"inLanguage\":\"en-US\",\"url\":\"https:\/\/antes.cinemachile.cl\/wp-content\/uploads\/2019\/05\/sl-piola.jpg\",\"contentUrl\":\"https:\/\/antes.cinemachile.cl\/wp-content\/uploads\/2019\/05\/sl-piola.jpg\",\"width\":1130,\"height\":633,\"caption\":\"Piola\"},{\"@type\":\"WebPage\",\"@id\":\"https:\/\/antes.cinemachile.cl\/este-domingo-comienza-la-16-edicion-de-santiago-festival-internacional-de-cine-sanfic\/#webpage\",\"url\":\"https:\/\/antes.cinemachile.cl\/este-domingo-comienza-la-16-edicion-de-santiago-festival-internacional-de-cine-sanfic\/\",\"name\":\"\\u00a1Imperdible! Este domingo comienza la 16 edici\\u00f3n de Santiago Festival Internacional de Cine SANFIC &raquo;\",\"isPartOf\":{\"@id\":\"https:\/\/antes.cinemachile.cl\/#website\"},\"primaryImageOfPage\":{\"@id\":\"https:\/\/antes.cinemachile.cl\/este-domingo-comienza-la-16-edicion-de-santiago-festival-internacional-de-cine-sanfic\/#primaryimage\"},\"datePublished\":\"2020-08-14T18:39:32+00:00\",\"dateModified\":\"2020-08-14T18:39:32+00:00\",\"breadcrumb\":{\"@id\":\"https:\/\/antes.cinemachile.cl\/este-domingo-comienza-la-16-edicion-de-santiago-festival-internacional-de-cine-sanfic\/#breadcrumb\"},\"inLanguage\":\"en-US\",\"potentialAction\":[{\"@type\":\"ReadAction\",\"target\":[\"https:\/\/antes.cinemachile.cl\/este-domingo-comienza-la-16-edicion-de-santiago-festival-internacional-de-cine-sanfic\/\"]}]},{\"@type\":\"BreadcrumbList\",\"@id\":\"https:\/\/antes.cinemachile.cl\/este-domingo-comienza-la-16-edicion-de-santiago-festival-internacional-de-cine-sanfic\/#breadcrumb\",\"itemListElement\":[{\"@type\":\"ListItem\",\"position\":1,\"item\":{\"@type\":\"WebPage\",\"@id\":\"https:\/\/antes.cinemachile.cl\/\",\"url\":\"https:\/\/antes.cinemachile.cl\/\",\"name\":\"Portada\"}},{\"@type\":\"ListItem\",\"position\":2,\"item\":{\"@id\":\"https:\/\/antes.cinemachile.cl\/este-domingo-comienza-la-16-edicion-de-santiago-festival-internacional-de-cine-sanfic\/#webpage\"}}]},{\"@type\":\"Article\",\"@id\":\"https:\/\/antes.cinemachile.cl\/este-domingo-comienza-la-16-edicion-de-santiago-festival-internacional-de-cine-sanfic\/#article\",\"isPartOf\":{\"@id\":\"https:\/\/antes.cinemachile.cl\/este-domingo-comienza-la-16-edicion-de-santiago-festival-internacional-de-cine-sanfic\/#webpage\"},\"author\":{\"@id\":\"https:\/\/antes.cinemachile.cl\/#\/schema\/person\/398f7119e5fa6cbddeedbc92c83c9dc8\"},\"headline\":\"\\u00a1Imperdible! Este domingo comienza la 16 edici\\u00f3n de Santiago Festival Internacional de Cine SANFIC\",\"datePublished\":\"2020-08-14T18:39:32+00:00\",\"dateModified\":\"2020-08-14T18:39:32+00:00\",\"mainEntityOfPage\":{\"@id\":\"https:\/\/antes.cinemachile.cl\/este-domingo-comienza-la-16-edicion-de-santiago-festival-internacional-de-cine-sanfic\/#webpage\"},\"commentCount\":0,\"publisher\":{\"@id\":\"https:\/\/antes.cinemachile.cl\/#organization\"},\"image\":{\"@id\":\"https:\/\/antes.cinemachile.cl\/este-domingo-comienza-la-16-edicion-de-santiago-festival-internacional-de-cine-sanfic\/#primaryimage\"},\"articleSection\":[\"Sin categor\\u00eda\"],\"inLanguage\":\"en-US\",\"potentialAction\":[{\"@type\":\"CommentAction\",\"name\":\"Comment\",\"target\":[\"https:\/\/antes.cinemachile.cl\/este-domingo-comienza-la-16-edicion-de-santiago-festival-internacional-de-cine-sanfic\/#respond\"]}]},{\"@type\":\"Person\",\"@id\":\"https:\/\/antes.cinemachile.cl\/#\/schema\/person\/398f7119e5fa6cbddeedbc92c83c9dc8\",\"name\":\"Javi\",\"image\":{\"@type\":\"ImageObject\",\"@id\":\"https:\/\/antes.cinemachile.cl\/#personlogo\",\"inLanguage\":\"en-US\",\"url\":\"https:\/\/secure.gravatar.com\/avatar\/910b1edd78db85cb2357db80f6b4f20e?s=96&d=mm&r=g\",\"contentUrl\":\"https:\/\/secure.gravatar.com\/avatar\/910b1edd78db85cb2357db80f6b4f20e?s=96&d=mm&r=g\",\"caption\":\"Javi\"}}]}<\/script>\n<!-- \/ Yoast SEO plugin. -->","_links":{"self":[{"href":"https:\/\/antes.cinemachile.cl\/en\/wp-json\/wp\/v2\/posts\/7942"}],"collection":[{"href":"https:\/\/antes.cinemachile.cl\/en\/wp-json\/wp\/v2\/posts"}],"about":[{"href":"https:\/\/antes.cinemachile.cl\/en\/wp-json\/wp\/v2\/types\/post"}],"author":[{"embeddable":true,"href":"https:\/\/antes.cinemachile.cl\/en\/wp-json\/wp\/v2\/users\/3"}],"replies":[{"embeddable":true,"href":"https:\/\/antes.cinemachile.cl\/en\/wp-json\/wp\/v2\/comments?post=7942"}],"version-history":[{"count":6,"href":"https:\/\/antes.cinemachile.cl\/en\/wp-json\/wp\/v2\/posts\/7942\/revisions"}],"predecessor-version":[{"id":7954,"href":"https:\/\/antes.cinemachile.cl\/en\/wp-json\/wp\/v2\/posts\/7942\/revisions\/7954"}],"wp:featuredmedia":[{"embeddable":true,"href":"https:\/\/antes.cinemachile.cl\/en\/wp-json\/wp\/v2\/media\/1195"}],"wp:attachment":[{"href":"https:\/\/antes.cinemachile.cl\/en\/wp-json\/wp\/v2\/media?parent=7942"}],"wp:term":[{"taxonomy":"category","embeddable":true,"href":"https:\/\/antes.cinemachile.cl\/en\/wp-json\/wp\/v2\/categories?post=7942"},{"taxonomy":"post_tag","embeddable":true,"href":"https:\/\/antes.cinemachile.cl\/en\/wp-json\/wp\/v2\/tags?post=7942"}],"curies":[{"name":"wp","href":"https:\/\/api.w.org\/{rel}","templated":true}]}}