{"id":7237,"date":"2020-07-03T17:06:33","date_gmt":"2020-07-03T21:06:33","guid":{"rendered":"http:\/\/cinemachile.cl\/?p=7237"},"modified":"2020-07-03T17:35:02","modified_gmt":"2020-07-03T21:35:02","slug":"laboratorios-festivales-y-premios-de-la-industria-audiovisual-mundial-abren-y-extienden-los-plazos-de-sus-convocatorias","status":"publish","type":"post","link":"https:\/\/antes.cinemachile.cl\/en\/espanol-festivales-y-mercados-anuncian-convocatorias\/","title":{"rendered":"Laboratorios, festivales y premios de la industria audiovisual mundial abren y extienden los plazos de sus convocatorias"},"content":{"rendered":"<p><\/p>\n<h2><span style=\"color: #ff0000;\">BR LAB:<\/span><\/h2>\n<p>Hasta el 13 de julio el Br Lab mantendr\u00e1 abierta su convocatoria para participar en su d\u00e9cima edici\u00f3n a realizar entre el 5 y el 27 de noviembre. Este a\u00f1o el evento se realizar\u00e1 de manera online y ser\u00e1n seleccionados 10 proyectos que participar\u00e1n de actividades que se dirigen al desarrollo de proyectos de largometraje de ficci\u00f3n de Am\u00e9rica Latina y de la Pen\u00ednsula Ib\u00e9rica.<\/p>\n<p><strong><span style=\"text-decoration: underline;\"><span style=\"color: #ff0000; text-decoration: underline;\">Haz clic aqu\u00ed para revisar toda la informaci\u00f3n sobre c\u00f3mo participar<\/span><\/span><\/strong><\/p>\n<p>&nbsp;<\/p>\n<h2><span style=\"color: #ff0000;\">DOK Leipzig,Festival Internacional de Documentales y Cine Animado de Leipzig<\/span><\/h2>\n<p>El DOK Leipzig se encuentra recibiendo pel\u00edculas para su edici\u00f3n n\u00famero 63 que se realizar\u00e1 entre el 26 de octubre y el 1 de noviembre. El llamado es a participar en una de las seis competencias oficiales que recibir\u00e1 producciones realizadas entre 2019 y 2020.<\/p>\n<p>Adem\u00e1s, abrieron convocatoria para el DOK Co-pro Market, evento que recibir\u00e1 35 obras entre ellas largometrajes documentales, obras interactivas y series de no ficci\u00f3n para conocer posibles coproducciones, financiadores, fondos, distribuidores, agentes de venta, entre otros. Este evento se llevar\u00e1 a cabo los d\u00edas 26 y 27 de octubre,<\/p>\n<p><a href=\"https:\/\/www.dok-leipzig.de\/en\/submission\"><span style=\"text-decoration: underline; color: #ff0000;\"><strong>Para suscribirte y revisar m\u00e1s informaci\u00f3n haz clic aqu\u00ed<\/strong><\/span><\/a><\/p>\n<h2><span style=\"color: #ff0000;\">Ikusmira Berriak, Festival de San Sebasti\u00e1n<\/span><\/h2>\n<p>El programa de residencias y desarrollo de proyectos audiovisuales Ikusmira Berriak, organizado por el Festival de San Sebasti\u00e1n, el Centro Internacional de Cultura Contempor\u00e1nea Tabakalera y El\u00edas Querejeta Zine Eskola (EQZE), ya abri\u00f3 su s\u00e9ptima convocatoria.<\/p>\n<p>Hasta el 31 de agosto, podr\u00e1n presentar sus proyectos cineastas procedentes del Pa\u00eds Vasco, Espa\u00f1a y otros pa\u00edses, y tambi\u00e9n quienes hayan participado en la secci\u00f3n Nest y el alumnado de EQZE. En noviembre se dar\u00e1n a conocer los trabajos seleccionados en cada una de las cinco categor\u00edas.<\/p>\n<p><span style=\"text-decoration: underline;\"><strong><span style=\"color: #ff0000; text-decoration: underline;\"><a style=\"color: #ff0000; text-decoration: underline;\" href=\"http:\/\/ikusmiraberriak.eu\/acceso\">Haz clic aqu\u00ed para tener acceso al formulario de inscripci\u00f3n<\/a><\/span><\/strong><\/span><\/p>\n<h2><span style=\"color: #ff0000;\">Festival Internacional de Cine de El Cairo (CIFF)<\/span><\/h2>\n<p>La organizaci\u00f3n de este festival comenz\u00f3 a aceptar propuestas para su edici\u00f3n 42\u00aa, prevista para los d\u00edas 19 al 28 de noviembre de 2020. Las postulaciones estar\u00e1n abiertas\u00a0 hasta el 31 de agosto de 2020, y se aceptar\u00e1n solicitudes de participantes de todo el mundo, a trav\u00e9s del sitio web oficial del CIFF. Es importante mencionar que este Festival es una actividad de gran renombre entre los pa\u00edses de esta regi\u00f3n.<\/p>\n<p><span style=\"text-decoration: underline;\"><strong><span style=\"color: #ff0000; text-decoration: underline;\"><a style=\"color: #ff0000; text-decoration: underline;\" href=\"https:\/\/www.ciff.org.eg\/\">Haz clic aqu\u00ed para revisar toda la informaci\u00f3n del evento<\/a><\/span><\/strong><\/span><\/p>\n<h2><span style=\"color: #ff0000;\">World Cinema Fund, Berlinale<\/span><\/h2>\n<p>Junto con la Fundaci\u00f3n Federal para la Cultura y en cooperaci\u00f3n con el Instituto Goethe, el Ministerio de Relaciones Exteriores y los productores alemanes, el World Cinema Fund trabaja para desarrollar y apoyar el cine en regiones, al tiempo que fomenta la diversidad cultural en los cines alemanes. El World Cinema Fund apoya pel\u00edculas que no podr\u00edan realizarse sin fondos adicionales; pel\u00edculas que se destacan con un enfoque est\u00e9tico poco convencional, que cuentan historias poderosas y transmiten una imagen aut\u00e9ntica de sus ra\u00edces culturales.<\/p>\n<p>El fondo cuenta con dos l\u00edneas enfocadas en\u00a0 la producci\u00f3n y distribuci\u00f3n y puedes encontrar toda la informaci\u00f3n haciendo clic <span style=\"text-decoration: underline;\"><strong><span style=\"color: #ff0000; text-decoration: underline;\"><a style=\"color: #ff0000; text-decoration: underline;\" href=\"https:\/\/www.berlinale.de\/\">aqu\u00ed para revisar bases y requisitos.<\/a><\/span><\/strong><\/span><\/p>\n<p>&nbsp;<\/p>\n<h2><span style=\"color: #ff0000;\">Bolivia Lab\u00a0\u00a0\u00a0\u00a0\u00a0\u00a0\u00a0\u00a0\u00a0\u00a0\u00a0\u00a0\u00a0<\/span><\/h2>\n<p>Bolivia Lab recibir\u00e1 hasta el 13 de julio postulaciones para participar en las actividades y talleres nueva edici\u00f3n, que se realizar\u00e1n entre el 7 y el 25 de septiembre. El llamado es a postular en el Laboratorio de Proyectos en Desarrollo y el Taller Internacional de Gui\u00f3n. Tambi\u00e9n se har\u00e1 entrega del Premio Finaliza destinado a una cinta que se encuentre en proceso de postproducci\u00f3n.<\/p>\n<p><strong><span style=\"text-decoration: underline;\"><span style=\"color: #ff0000; text-decoration: underline;\"><a style=\"color: #ff0000; text-decoration: underline;\" href=\"http:\/\/www.bolivialab.com.bo\/\">Haz clic aqu\u00ed para leer acerca de esta convocatoria<\/a><\/span><\/span><\/strong><\/p>\n<p>&nbsp;<\/p>\n<h2><strong><span style=\"color: #ff0000;\">El Festival de Cine de Miami<\/span><\/strong><\/h2>\n<p>Hasta el 31 de julio estar\u00e1 abierta la convocatoria para participar en el principal certamen de exhibici\u00f3n y difusi\u00f3n del cine iberoamericano en Estados Unidos. El Festival de Miami comenz\u00f3 a recibir obras para su edici\u00f3n 38, que se realizar\u00e1 del 5 al 14 de marzo de 2021 y que repartir\u00e1 m\u00e1s de 100 mil d\u00f3lares en premios.<\/p>\n<p>El reglamento para las distintas categor\u00edas a las que se pueden postular obras est\u00e1 disponible en la p\u00e1gina web del evento,<span style=\"text-decoration: underline; color: #ff0000;\">\u00a0<a style=\"color: #ff0000; text-decoration: underline;\" href=\"https:\/\/miamifilmfestival.com\/2021-call-for-entries\/#competition-categories\">que puedes revisar haciendo clic aqu\u00ed<\/a><\/span><\/p>\n<p>&nbsp;<\/p>\n<h2><span style=\"color: #ff0000;\">Fondo Visions Sud Est<\/span><\/h2>\n<p>La segunda convocatoria anual del fondo suizo Visions Sud Est estar\u00e1 disponible hasta el 30 de julio. All\u00ed podr\u00e1n postular proyectos de ficci\u00f3n y documental provenientes de Latinoam\u00e9rica.<\/p>\n<p>El fondo cuenta con dos l\u00edneas de fomento: 1. Apoyo a la finalizaci\u00f3n de cintas de ficci\u00f3n y no ficci\u00f3n que cuenten con primer corte y 2. Apoyo a la producci\u00f3n de filmes de ficci\u00f3n que al menos cuenten con un 30 por ciento de su financiamiento.<\/p>\n<p><strong><span style=\"text-decoration: underline; color: #ff0000;\"><a style=\"color: #ff0000; text-decoration: underline;\" href=\"http:\/\/www.visionssudest.ch\/en\/regulations\">Haz clic aqu\u00ed para ver los requisitos y detalles de este gran apoyo econ\u00f3mico.<\/a><\/span><\/strong><\/p>\n<h2><span style=\"color: #ff0000;\"><strong>Encuentros Platino Industria<\/strong><\/span><\/h2>\n<p>A partir del martes 14 de julio, Platino Industria, llevar\u00e1 a cabo 6 encuentros en los que se conversar\u00e1 sobre distintos tema que interesan a la industria audiovisual.<\/p>\n<p>La nueva normalidad, plantea nuevos retos y oportunidades para la animaci\u00f3n, y es por esto que productores, creadores y estudiantes iberoamericanos en la primera sesi\u00f3n podr\u00e1n escuchar a los protagonistas de la industria y dialogar sobre las rutas alternas para fortalecer su negocio.<\/p>\n<p><span style=\"text-decoration: underline; color: #ff0000;\"><strong><a style=\"color: #ff0000; text-decoration: underline;\" href=\"https:\/\/www.premiosplatino.com\/?fbclid=IwAR2ovXt6KB3TfldNbr7RerY4PKmh4J8CNyi4QSnZJ_NlMAOJ9OyvQ_HX6Xc&amp;fbclid=IwAR2ovXt6KB3TfldNbr7RerY4PKmh4J8CNyi4QSnZJ_NlMAOJ9OyvQ_HX6Xc\">La inscripci\u00f3n es online y gratuita a trav\u00e9s de la p\u00e1gina web del sitio<\/a><\/strong><\/span><\/p>\n<h2><span style=\"color: #ff0000;\">Premio Solinas Italia-Espa\u00f1a<\/span><\/h2>\n<p>El Premio Solinas Italia- Espa\u00f1a invita a guionistas de cualquier nacionalidad a escribir argumentos cinematogr\u00e1ficos para proponerlos al mundo de la producci\u00f3n y del cine italiano, espa\u00f1ol e internacional.<\/p>\n<p>Cada concursante puede participar con un m\u00e1ximo de un argumento en lengua italiana o espa\u00f1ola apto para una coproducci\u00f3n entre Italia y Espa\u00f1a, y posiblemente tambi\u00e9n con pa\u00edses de Am\u00e9rica Latina, escrito por un solo autor o por un grupo de autores.<\/p>\n<p><span style=\"color: #ff0000;\"><strong><span style=\"text-decoration: underline;\"><a style=\"color: #ff0000; text-decoration: underline;\" href=\"http:\/\/www.festivaldecineitalianodemadrid.com\/\">M\u00e1s informaci\u00f3n haciendo clic aqu\u00ed<\/a><\/span><\/strong><\/span><\/p>\n<p>&nbsp;<\/p>\n<!-- AddThis Advanced Settings generic via filter on the_content --><!-- AddThis Share Buttons generic via filter on the_content -->","protected":false},"excerpt":{"rendered":"<p>BR LAB: Hasta el 13 de julio el Br Lab mantendr\u00e1 abierta su convocatoria para participar en su d\u00e9cima edici\u00f3n a realizar entre el 5 y el 27 de noviembre. Este a\u00f1o el evento se realizar\u00e1 de manera online y ser\u00e1n seleccionados 10 proyectos que participar\u00e1n de actividades que se dirigen al desarrollo de proyectos [&hellip;]<!-- AddThis Advanced Settings generic via filter on wp_trim_excerpt --><!-- AddThis Share Buttons generic via filter on wp_trim_excerpt --><\/p>\n","protected":false},"author":3,"featured_media":2395,"comment_status":"open","ping_status":"open","sticky":false,"template":"","format":"standard","meta":{"loftloader_page_shortcode":""},"categories":[1],"tags":[],"yoast_head":"<!-- This site is optimized with the Yoast SEO plugin v16.2 - https:\/\/yoast.com\/wordpress\/plugins\/seo\/ -->\n<title>Laboratorios, festivales y premios de la industria audiovisual mundial abren y extienden los plazos de sus convocatorias &raquo;<\/title>\n<meta name=\"robots\" content=\"index, follow, max-snippet:-1, max-image-preview:large, max-video-preview:-1\" \/>\n<link rel=\"canonical\" href=\"https:\/\/antes.cinemachile.cl\/festivales-y-mercados-anuncian-convocatorias\/\" \/>\n<meta property=\"og:locale\" content=\"en_US\" \/>\n<meta property=\"og:type\" content=\"article\" \/>\n<meta property=\"og:title\" content=\"Laboratorios, festivales y premios de la industria audiovisual mundial abren y extienden los plazos de sus convocatorias &raquo;\" \/>\n<meta property=\"og:description\" content=\"BR LAB: Hasta el 13 de julio el Br Lab mantendr\u00e1 abierta su convocatoria para participar en su d\u00e9cima edici\u00f3n a realizar entre el 5 y el 27 de noviembre. Este a\u00f1o el evento se realizar\u00e1 de manera online y ser\u00e1n seleccionados 10 proyectos que participar\u00e1n de actividades que se dirigen al desarrollo de proyectos [&hellip;]\" \/>\n<meta property=\"og:url\" content=\"https:\/\/antes.cinemachile.cl\/festivales-y-mercados-anuncian-convocatorias\/\" \/>\n<meta property=\"article:publisher\" content=\"https:\/\/www.facebook.com\/cinemachile\" \/>\n<meta property=\"article:published_time\" content=\"2020-07-03T21:06:33+00:00\" \/>\n<meta property=\"article:modified_time\" content=\"2020-07-03T21:35:02+00:00\" \/>\n<meta property=\"og:image\" content=\"https:\/\/cinemachile.cl\/wp-content\/uploads\/2019\/08\/convocatorias-y-mercados-1.jpg\" \/>\n\t<meta property=\"og:image:width\" content=\"1212\" \/>\n\t<meta property=\"og:image:height\" content=\"880\" \/>\n<meta name=\"twitter:card\" content=\"summary_large_image\" \/>\n<meta name=\"twitter:creator\" content=\"@cinemachile\" \/>\n<meta name=\"twitter:site\" content=\"@cinemachile\" \/>\n<meta name=\"twitter:label1\" content=\"Est. reading time\">\n\t<meta name=\"twitter:data1\" content=\"10 minutes\">\n<script type=\"application\/ld+json\" class=\"yoast-schema-graph\">{\"@context\":\"https:\/\/schema.org\",\"@graph\":[{\"@type\":\"Organization\",\"@id\":\"https:\/\/antes.cinemachile.cl\/#organization\",\"name\":\"CinemaChile\",\"url\":\"https:\/\/antes.cinemachile.cl\/\",\"sameAs\":[\"https:\/\/www.facebook.com\/cinemachile\",\"https:\/\/www.instagram.com\/cinemachile\/\",\"https:\/\/twitter.com\/cinemachile\"],\"logo\":{\"@type\":\"ImageObject\",\"@id\":\"https:\/\/antes.cinemachile.cl\/#logo\",\"inLanguage\":\"en-US\",\"url\":\"https:\/\/cinemachile.cl\/wp-content\/uploads\/2020\/06\/logo-cinema-gif.gif\",\"contentUrl\":\"https:\/\/cinemachile.cl\/wp-content\/uploads\/2020\/06\/logo-cinema-gif.gif\",\"width\":330,\"height\":150,\"caption\":\"CinemaChile\"},\"image\":{\"@id\":\"https:\/\/antes.cinemachile.cl\/#logo\"}},{\"@type\":\"WebSite\",\"@id\":\"https:\/\/antes.cinemachile.cl\/#website\",\"url\":\"https:\/\/antes.cinemachile.cl\/\",\"name\":\"\",\"description\":\"\",\"publisher\":{\"@id\":\"https:\/\/antes.cinemachile.cl\/#organization\"},\"potentialAction\":[{\"@type\":\"SearchAction\",\"target\":\"https:\/\/antes.cinemachile.cl\/?s={search_term_string}\",\"query-input\":\"required name=search_term_string\"}],\"inLanguage\":\"en-US\"},{\"@type\":\"ImageObject\",\"@id\":\"https:\/\/antes.cinemachile.cl\/festivales-y-mercados-anuncian-convocatorias\/#primaryimage\",\"inLanguage\":\"en-US\",\"url\":\"https:\/\/antes.cinemachile.cl\/wp-content\/uploads\/2019\/08\/convocatorias-y-mercados-1.jpg\",\"contentUrl\":\"https:\/\/antes.cinemachile.cl\/wp-content\/uploads\/2019\/08\/convocatorias-y-mercados-1.jpg\",\"width\":1212,\"height\":880},{\"@type\":\"WebPage\",\"@id\":\"https:\/\/antes.cinemachile.cl\/festivales-y-mercados-anuncian-convocatorias\/#webpage\",\"url\":\"https:\/\/antes.cinemachile.cl\/festivales-y-mercados-anuncian-convocatorias\/\",\"name\":\"Laboratorios, festivales y premios de la industria audiovisual mundial abren y extienden los plazos de sus convocatorias &raquo;\",\"isPartOf\":{\"@id\":\"https:\/\/antes.cinemachile.cl\/#website\"},\"primaryImageOfPage\":{\"@id\":\"https:\/\/antes.cinemachile.cl\/festivales-y-mercados-anuncian-convocatorias\/#primaryimage\"},\"datePublished\":\"2020-07-03T21:06:33+00:00\",\"dateModified\":\"2020-07-03T21:35:02+00:00\",\"breadcrumb\":{\"@id\":\"https:\/\/antes.cinemachile.cl\/festivales-y-mercados-anuncian-convocatorias\/#breadcrumb\"},\"inLanguage\":\"en-US\",\"potentialAction\":[{\"@type\":\"ReadAction\",\"target\":[\"https:\/\/antes.cinemachile.cl\/festivales-y-mercados-anuncian-convocatorias\/\"]}]},{\"@type\":\"BreadcrumbList\",\"@id\":\"https:\/\/antes.cinemachile.cl\/festivales-y-mercados-anuncian-convocatorias\/#breadcrumb\",\"itemListElement\":[{\"@type\":\"ListItem\",\"position\":1,\"item\":{\"@type\":\"WebPage\",\"@id\":\"https:\/\/antes.cinemachile.cl\/\",\"url\":\"https:\/\/antes.cinemachile.cl\/\",\"name\":\"Portada\"}},{\"@type\":\"ListItem\",\"position\":2,\"item\":{\"@id\":\"https:\/\/antes.cinemachile.cl\/festivales-y-mercados-anuncian-convocatorias\/#webpage\"}}]},{\"@type\":\"Article\",\"@id\":\"https:\/\/antes.cinemachile.cl\/festivales-y-mercados-anuncian-convocatorias\/#article\",\"isPartOf\":{\"@id\":\"https:\/\/antes.cinemachile.cl\/festivales-y-mercados-anuncian-convocatorias\/#webpage\"},\"author\":{\"@id\":\"https:\/\/antes.cinemachile.cl\/#\/schema\/person\/4d418e8c155e0e6c7f6824d46930c359\"},\"headline\":\"Laboratorios, festivales y premios de la industria audiovisual mundial abren y extienden los plazos de sus convocatorias\",\"datePublished\":\"2020-07-03T21:06:33+00:00\",\"dateModified\":\"2020-07-03T21:35:02+00:00\",\"mainEntityOfPage\":{\"@id\":\"https:\/\/antes.cinemachile.cl\/festivales-y-mercados-anuncian-convocatorias\/#webpage\"},\"commentCount\":0,\"publisher\":{\"@id\":\"https:\/\/antes.cinemachile.cl\/#organization\"},\"image\":{\"@id\":\"https:\/\/antes.cinemachile.cl\/festivales-y-mercados-anuncian-convocatorias\/#primaryimage\"},\"articleSection\":[\"Sin categor\\u00eda\"],\"inLanguage\":\"en-US\",\"potentialAction\":[{\"@type\":\"CommentAction\",\"name\":\"Comment\",\"target\":[\"https:\/\/antes.cinemachile.cl\/festivales-y-mercados-anuncian-convocatorias\/#respond\"]}]},{\"@type\":\"Person\",\"@id\":\"https:\/\/antes.cinemachile.cl\/#\/schema\/person\/4d418e8c155e0e6c7f6824d46930c359\",\"name\":\"Javi\",\"image\":{\"@type\":\"ImageObject\",\"@id\":\"https:\/\/antes.cinemachile.cl\/#personlogo\",\"inLanguage\":\"en-US\",\"url\":\"https:\/\/secure.gravatar.com\/avatar\/910b1edd78db85cb2357db80f6b4f20e?s=96&d=mm&r=g\",\"contentUrl\":\"https:\/\/secure.gravatar.com\/avatar\/910b1edd78db85cb2357db80f6b4f20e?s=96&d=mm&r=g\",\"caption\":\"Javi\"}}]}<\/script>\n<!-- \/ Yoast SEO plugin. -->","_links":{"self":[{"href":"https:\/\/antes.cinemachile.cl\/en\/wp-json\/wp\/v2\/posts\/7237"}],"collection":[{"href":"https:\/\/antes.cinemachile.cl\/en\/wp-json\/wp\/v2\/posts"}],"about":[{"href":"https:\/\/antes.cinemachile.cl\/en\/wp-json\/wp\/v2\/types\/post"}],"author":[{"embeddable":true,"href":"https:\/\/antes.cinemachile.cl\/en\/wp-json\/wp\/v2\/users\/3"}],"replies":[{"embeddable":true,"href":"https:\/\/antes.cinemachile.cl\/en\/wp-json\/wp\/v2\/comments?post=7237"}],"version-history":[{"count":14,"href":"https:\/\/antes.cinemachile.cl\/en\/wp-json\/wp\/v2\/posts\/7237\/revisions"}],"predecessor-version":[{"id":7254,"href":"https:\/\/antes.cinemachile.cl\/en\/wp-json\/wp\/v2\/posts\/7237\/revisions\/7254"}],"wp:featuredmedia":[{"embeddable":true,"href":"https:\/\/antes.cinemachile.cl\/en\/wp-json\/wp\/v2\/media\/2395"}],"wp:attachment":[{"href":"https:\/\/antes.cinemachile.cl\/en\/wp-json\/wp\/v2\/media?parent=7237"}],"wp:term":[{"taxonomy":"category","embeddable":true,"href":"https:\/\/antes.cinemachile.cl\/en\/wp-json\/wp\/v2\/categories?post=7237"},{"taxonomy":"post_tag","embeddable":true,"href":"https:\/\/antes.cinemachile.cl\/en\/wp-json\/wp\/v2\/tags?post=7237"}],"curies":[{"name":"wp","href":"https:\/\/api.w.org\/{rel}","templated":true}]}}