{"id":7225,"date":"2020-07-02T16:39:30","date_gmt":"2020-07-02T20:39:30","guid":{"rendered":"http:\/\/cinemachile.cl\/?p=7225"},"modified":"2020-07-03T16:08:59","modified_gmt":"2020-07-03T20:08:59","slug":"quinta-edicion-de-amor-festival-anuncia-su-programacion-y-pelicula-inaugural","status":"publish","type":"post","link":"https:\/\/antes.cinemachile.cl\/en\/espanol-quinta-edicion-de-amor-festival-anuncia-su-programacion-y-pelicula-inaugural\/","title":{"rendered":"Quinta edici\u00f3n de AMOR Festival anuncia su programaci\u00f3n y pel\u00edcula inaugural"},"content":{"rendered":"<p><em>De forma gratuita y a trav\u00e9s de Cin\u00e9polis Klic<\/em><strong>\u00ae<\/strong><em> podr\u00e1n ser vistas las m\u00e1s de 30 producciones internacionales y chilenas que ser\u00e1n parte de la 5ta versi\u00f3n aniversario de AMOR Festival Internacional de Cine LGBT+.<\/em><\/p>\n<p>Programada para realizarse entre el <strong>14 y el 19 de julio<\/strong>, y financiada por el Ministerio de las Culturas, las Artes y el Patrimonio, la quinta versi\u00f3n de AMOR Festival Internacional de Cine LGBT+ se desarrollar\u00e1 a trav\u00e9s de streaming on demand y <strong>gratuitamente<\/strong> gracias a una alianza con <strong>Cin\u00e9polis Klic<\/strong><strong>\u00ae<\/strong>, plataforma digital premium de <em>Video on Demand<\/em> perteneciente a la cadena mexicana de cines Cin\u00e9polis, que opera en Chile bajo la marca CineHoyts. En ella podr\u00e1n ser vistas las m\u00e1s de 30 pel\u00edculas \u2013con un m\u00e1ximo de 500 visualizaciones por largometraje\u2013 que ser\u00e1n parte de esta nueva edici\u00f3n aniversario del certamen, y cuyas producciones fueron exhibidas y premiadas en los festivales de Berl\u00edn, Venecia, San Sebasti\u00e1n, Sundance, Rotterdam, IDFA y HotDocs, por nombrar algunos.<\/p>\n<p>La pel\u00edcula que dar\u00e1 inicio a este in\u00e9dito evento online ser\u00e1 <strong>\u201cWelcome to Chechnya\u201d<\/strong>, el m\u00e1s reciente documental del cineasta y periodista de investigaci\u00f3n en tem\u00e1ticas LGBT+ David France, nominado al Oscar por \u201cC\u00f3mo sobrevivir a una plaga\u201d y director de \u201cMuerte y vida de Marsha P. Jhonson\u201d. Un largometraje valiente, desgarrador y conmovedor, sobre un grupo de activistas rusos que, de manera encubierta ayuda a rescatar las v\u00edctimas de la brutal persecuci\u00f3n que sufren por su orientaci\u00f3n sexual, brind\u00e1ndoles casas seguras y asistencia con su visa para escapar del pa\u00eds. Ganadora del Premio Teddy 2020 en la categor\u00eda Activismo, del Premio del P\u00fablico Panorama y el Premio Amnist\u00eda Internacional de la Berlinale, y galardonada en cert\u00e1menes como Sundance, HotDocs y Tesal\u00f3nica, esta impactante producci\u00f3n tendr\u00e1 su premiere latinoamericana en AMOR Festival y estar\u00e1 disponible solo la noche inaugural del martes 14 de julio y\u00a0contar\u00e1 con hasta 650 tickets.<\/p>\n<p>El <strong>jurado <\/strong>que tendr\u00e1 la decisi\u00f3n de elegir a la <strong>Mejor Pel\u00edcula<\/strong> de la <strong>Competencia Internacional<\/strong> de AMOR Festival est\u00e1 conformado por la cineasta, productora y guionista argentina <strong>Albertina Carri<\/strong>, tambi\u00e9n exdirectora art\u00edstica de Asterisco Festival Internacional de Cine LGBTIQ; el director y productor guatemalteco <strong>Jayro Bustamante<\/strong>; y la realizadora chilena <strong>Pepa San Mart\u00edn<\/strong>. Por su parte, el <strong>jurado de la Competencia de Guerrilla <\/strong>que premiar\u00e1 al <strong>Mejor Cortometraje<\/strong> est\u00e1 integrado por el director de programaci\u00f3n del festival LesGaiCineMad, el espa\u00f1ol <strong>Miguel Lafuente<\/strong>; la cineasta argentina <strong>Clarisa Navas<\/strong>; y el actor y realizador chileno <strong>Sebasti\u00e1n Ayala<\/strong>. La audiencia podr\u00e1 hacerse parte tambi\u00e9n a trav\u00e9s del <strong>Premio Cin\u00e9polis Klic\u00ae, <\/strong>que destacar\u00e1 la <strong>Pel\u00edcula<\/strong> <strong>m\u00e1s vista<\/strong> <strong>de la Competencia Internacional <\/strong>y <strong>Guerrilla<\/strong>.<\/p>\n<p>Los siete largometrajes, de ficci\u00f3n y documental, seleccionados en la Competencia Internacional son: <strong>\u201cBeyond the Horizon\u201d<\/strong> (Suiza \u2013 B\u00e9lgica), de Delphine Lehericey; <strong>\u201cDrag Kids\u201d<\/strong> (Canad\u00e1), de Megan Wennberg; <strong>\u201cEl Cazador\u201d<\/strong> (Argentina), de Marco Berger; <strong>\u201cEl Pr\u00edncipe\u201d<\/strong> (Chile), de Sebasti\u00e1n Mu\u00f1oz; <strong>\u201cEl viaje de Monalisa\u201d<\/strong> (Chile), de Nicole Costa; <strong>\u201cMiserere\u201d<\/strong> (Argentina), de Francisco R\u00edos Flores; y <strong>\u201cVento seco\u201d <\/strong>(Brasil), de Daniel Nolasco.<\/p>\n<p>Por su parte, los trece cortometrajes de <strong>Guerrilla<\/strong>, de ficci\u00f3n, documental y experimental, provienen de <strong>Alemania, Austria, Brasil, Chile, Espa\u00f1a y Francia<\/strong>, han participado en reconocidos cert\u00e1menes de cine LGBT+ y exponen tem\u00e1ticas relacionadas a la discriminaci\u00f3n, la memoria trans, el VIH, la sexualidad en la tercera edad, lo queer y las relaciones amorosas. Los cortometrajes son: <strong>\u201cAdolescencia violenta\u201d<\/strong>, de Aura Sinclair; <strong>\u201cAquele Casal\u201d<\/strong>, de Willliam de Oliveira; <strong>\u201cEl nido\u201d<\/strong>, de Fernando Campos; <strong>\u201cFabiu\u201d<\/strong>, de Stefan Langthaler; <strong>\u201cHugo 18h30\u201d<\/strong>, de Simon Helloco y James Maciver; <strong>\u201cLeo y Alex en pleno siglo XXI\u201d<\/strong>, de Eva Garc\u00eda y Nuria Mu\u00f1oz; <strong>\u201cLesbiana reprimida\u201d<\/strong>, de Bia Lee; <strong>\u201cLolo\u201d<\/strong>, de Leandro Goddinho y Paulo Menezes; <strong>\u201cMadrid-Estocolmo\u201d<\/strong>, de Antonio Ledesma y Carmen Kaltchev; <strong>\u201cMaillot\u201d<\/strong>, de Daniela Munita; <strong>\u201cMC \u2013 Jess\u201d<\/strong>, de Carla Villa-Lobos; <strong>\u201cMemorias reveladas\u201d<\/strong>, de Quentin Worthington; y <strong>\u201cMonsieur\u201d<\/strong>, de Thomas Ducastel.<\/p>\n<p>En la secci\u00f3n <strong>Panorama Chileno<\/strong>, centrada en cortometrajes y largometrajes de reciente producci\u00f3n nacional, se encuentran: \u201cLos fuertes\u201d, de Omar Z\u00fa\u00f1iga; \u201cSi los meses siguen\u201d, de Javiera Hern\u00e1ndez; \u201cBailar y luchar\u201d, de Alejandra G. Painemal; y \u201cReinas\u201d, de Jos\u00e9 N\u00fa\u00f1ez.<\/p>\n<p><strong>Rupturistas<\/strong> cuenta con pel\u00edculas que exponen tem\u00e1ticas o personalidades que han contribuido a la representaci\u00f3n y visibilidad de la comunidad LGBT+ a trav\u00e9s de los a\u00f1os. En esta edici\u00f3n, la selecci\u00f3n est\u00e1 compuesta por obras de directoras mujeres, tales como \u201cDykes, Camera, Action!\u201d, de Caroline Berler, que muestra el recorrido de la representaci\u00f3n de la mujer lesbiana en el cine estadounidense; \u201cCuchillo de palo &#8211; 108\u201d, de Renate Costa, un documental \u00edntimo sobre el t\u00edo de la realizadora y la lista de \u201c108\u201d homosexuales perseguidos y torturados por la dictadura paraguaya; y destacando a la realizadora nacional Beatriz Maldonado como un homenaje p\u00f3stumo tras su partida hace casi un a\u00f1o, de quien exhibiremos su largometraje \u201cNi una caricia\u201d (2010), y el cortometraje \u201cSentimientos\u201d (2010).<\/p>\n<p>Finalmente, el <strong>Foco<\/strong> est\u00e1 dedicado a la representaci\u00f3n de las mujeres lesbianas y bisexuales en el cine latinoamericano, dando visibilidad a las directoras detr\u00e1s de estas historias. Se presentar\u00e1n \u201cLiz en septiembre\u201d (2013), de Fina Torres (Venezuela); \u201cUIO: S\u00e1came a pasear\u201d (2016), de Micaela Rueda (Ecuador); \u201cHoy partido a las 3\u201d (2017), de Clarisa Navas (Argentina); y \u201cSegunda estrella a la derecha\u201d (2019), de Ruth Caudelli (Colombia).<\/p>\n<p>A esta variada selecci\u00f3n de pel\u00edculas que podr\u00e1n ser vistas de manera gratuita en <a href=\"https:\/\/www.cinepolisklic.com\/\">www.cinepolisklic.c<\/a>om, se suman las siguientes actividades especiales online: \u201cH\u00e1blame de amores\u201d, c\u00e1psulas de lecturas dramatizadas de textos de Pedro Lemebel en conmemoraci\u00f3n de los 5 a\u00f1os de su fallecimiento; conversatorios en torno al VIH,\u00a0 la migraci\u00f3n y la b\u00fasqueda de la identidad en tiempos de pandemia; foro con directoras latinoamericanas y en competencia; y charla sobre voguin. Adem\u00e1s, como una forma de poder contribuir a la comunidad LGBT+ afectada por la crisis sanitaria y econ\u00f3mica, se realizar\u00e1n, previo pago (donaci\u00f3n) de inscripci\u00f3n, un taller voguin a cargo de Matti Keller, de House of Keller; y una transmisi\u00f3n en vivo del podcast \u201cWeonaQueCreici\u201d \u2013 Especial AMOR, de @weonaquerabia y @noestoycreic, para recaudar fondos que ir\u00e1n en ayuda de la Casa de Acogida para Personas Trans Amanda Jofr\u00e9.<\/p>\n<p>Esta quinta edici\u00f3n de AMOR Festival es financiada por el Ministerio de las Culturas, las Artes y el Patrimonio, organizada por Colectivo AMOR, cuenta con el auspicio de Cin\u00e9polis Klic\u00ae, y la colaboraci\u00f3n del Centro Cultural Matucana 100, la Red de Festivales de Cine de Chile y los Pueblos originarios, y el Liceo Experimental Art\u00edstico.<\/p>\n<p class=\"responsive-video-wrap clr\"><iframe loading=\"lazy\" title=\"SPOT 5to AMOR Festival Internacional de Cine LGBT+\" width=\"1200\" height=\"675\" src=\"https:\/\/www.youtube.com\/embed\/cGJnChVyzR4?feature=oembed\" frameborder=\"0\" allow=\"accelerometer; autoplay; encrypted-media; gyroscope; picture-in-picture\" allowfullscreen><\/iframe><\/p>\n<!-- AddThis Advanced Settings generic via filter on the_content --><!-- AddThis Share Buttons generic via filter on the_content -->","protected":false},"excerpt":{"rendered":"<p>De forma gratuita y a trav\u00e9s de Cin\u00e9polis Klic\u00ae podr\u00e1n ser vistas las m\u00e1s de 30 producciones internacionales y chilenas que ser\u00e1n parte de la 5ta versi\u00f3n aniversario de AMOR Festival Internacional de Cine LGBT+. Programada para realizarse entre el 14 y el 19 de julio, y financiada por el Ministerio de las Culturas, las [&hellip;]<!-- AddThis Advanced Settings generic via filter on wp_trim_excerpt --><!-- AddThis Share Buttons generic via filter on wp_trim_excerpt --><\/p>\n","protected":false},"author":3,"featured_media":7247,"comment_status":"open","ping_status":"open","sticky":false,"template":"","format":"standard","meta":{"loftloader_page_shortcode":""},"categories":[1],"tags":[],"yoast_head":"<!-- This site is optimized with the Yoast SEO plugin v16.2 - https:\/\/yoast.com\/wordpress\/plugins\/seo\/ -->\n<title>Quinta edici\u00f3n de AMOR Festival anuncia su programaci\u00f3n y pel\u00edcula inaugural &raquo;<\/title>\n<meta name=\"robots\" content=\"index, follow, max-snippet:-1, max-image-preview:large, max-video-preview:-1\" \/>\n<link rel=\"canonical\" href=\"https:\/\/antes.cinemachile.cl\/quinta-edicion-de-amor-festival-anuncia-su-programacion-y-pelicula-inaugural\/\" \/>\n<meta property=\"og:locale\" content=\"en_US\" \/>\n<meta property=\"og:type\" content=\"article\" \/>\n<meta property=\"og:title\" content=\"Quinta edici\u00f3n de AMOR Festival anuncia su programaci\u00f3n y pel\u00edcula inaugural &raquo;\" \/>\n<meta property=\"og:description\" content=\"De forma gratuita y a trav\u00e9s de Cin\u00e9polis Klic\u00ae podr\u00e1n ser vistas las m\u00e1s de 30 producciones internacionales y chilenas que ser\u00e1n parte de la 5ta versi\u00f3n aniversario de AMOR Festival Internacional de Cine LGBT+. Programada para realizarse entre el 14 y el 19 de julio, y financiada por el Ministerio de las Culturas, las [&hellip;]\" \/>\n<meta property=\"og:url\" content=\"https:\/\/antes.cinemachile.cl\/quinta-edicion-de-amor-festival-anuncia-su-programacion-y-pelicula-inaugural\/\" \/>\n<meta property=\"article:publisher\" content=\"https:\/\/www.facebook.com\/cinemachile\" \/>\n<meta property=\"article:published_time\" content=\"2020-07-02T20:39:30+00:00\" \/>\n<meta property=\"article:modified_time\" content=\"2020-07-03T20:08:59+00:00\" \/>\n<meta property=\"og:image\" content=\"https:\/\/cinemachile.cl\/wp-content\/uploads\/2020\/07\/welcometochechnya_image_04.jpg\" \/>\n\t<meta property=\"og:image:width\" content=\"1080\" \/>\n\t<meta property=\"og:image:height\" content=\"608\" \/>\n<meta name=\"twitter:card\" content=\"summary_large_image\" \/>\n<meta name=\"twitter:creator\" content=\"@cinemachile\" \/>\n<meta name=\"twitter:site\" content=\"@cinemachile\" \/>\n<meta name=\"twitter:label1\" content=\"Est. reading time\">\n\t<meta name=\"twitter:data1\" content=\"11 minutes\">\n<script type=\"application\/ld+json\" class=\"yoast-schema-graph\">{\"@context\":\"https:\/\/schema.org\",\"@graph\":[{\"@type\":\"Organization\",\"@id\":\"https:\/\/antes.cinemachile.cl\/#organization\",\"name\":\"CinemaChile\",\"url\":\"https:\/\/antes.cinemachile.cl\/\",\"sameAs\":[\"https:\/\/www.facebook.com\/cinemachile\",\"https:\/\/www.instagram.com\/cinemachile\/\",\"https:\/\/twitter.com\/cinemachile\"],\"logo\":{\"@type\":\"ImageObject\",\"@id\":\"https:\/\/antes.cinemachile.cl\/#logo\",\"inLanguage\":\"en-US\",\"url\":\"https:\/\/cinemachile.cl\/wp-content\/uploads\/2020\/06\/logo-cinema-gif.gif\",\"contentUrl\":\"https:\/\/cinemachile.cl\/wp-content\/uploads\/2020\/06\/logo-cinema-gif.gif\",\"width\":330,\"height\":150,\"caption\":\"CinemaChile\"},\"image\":{\"@id\":\"https:\/\/antes.cinemachile.cl\/#logo\"}},{\"@type\":\"WebSite\",\"@id\":\"https:\/\/antes.cinemachile.cl\/#website\",\"url\":\"https:\/\/antes.cinemachile.cl\/\",\"name\":\"\",\"description\":\"\",\"publisher\":{\"@id\":\"https:\/\/antes.cinemachile.cl\/#organization\"},\"potentialAction\":[{\"@type\":\"SearchAction\",\"target\":\"https:\/\/antes.cinemachile.cl\/?s={search_term_string}\",\"query-input\":\"required name=search_term_string\"}],\"inLanguage\":\"en-US\"},{\"@type\":\"ImageObject\",\"@id\":\"https:\/\/antes.cinemachile.cl\/quinta-edicion-de-amor-festival-anuncia-su-programacion-y-pelicula-inaugural\/#primaryimage\",\"inLanguage\":\"en-US\",\"url\":\"https:\/\/antes.cinemachile.cl\/wp-content\/uploads\/2020\/07\/welcometochechnya_image_04.jpg\",\"contentUrl\":\"https:\/\/antes.cinemachile.cl\/wp-content\/uploads\/2020\/07\/welcometochechnya_image_04.jpg\",\"width\":1080,\"height\":608},{\"@type\":\"WebPage\",\"@id\":\"https:\/\/antes.cinemachile.cl\/quinta-edicion-de-amor-festival-anuncia-su-programacion-y-pelicula-inaugural\/#webpage\",\"url\":\"https:\/\/antes.cinemachile.cl\/quinta-edicion-de-amor-festival-anuncia-su-programacion-y-pelicula-inaugural\/\",\"name\":\"Quinta edici\\u00f3n de AMOR Festival anuncia su programaci\\u00f3n y pel\\u00edcula inaugural &raquo;\",\"isPartOf\":{\"@id\":\"https:\/\/antes.cinemachile.cl\/#website\"},\"primaryImageOfPage\":{\"@id\":\"https:\/\/antes.cinemachile.cl\/quinta-edicion-de-amor-festival-anuncia-su-programacion-y-pelicula-inaugural\/#primaryimage\"},\"datePublished\":\"2020-07-02T20:39:30+00:00\",\"dateModified\":\"2020-07-03T20:08:59+00:00\",\"breadcrumb\":{\"@id\":\"https:\/\/antes.cinemachile.cl\/quinta-edicion-de-amor-festival-anuncia-su-programacion-y-pelicula-inaugural\/#breadcrumb\"},\"inLanguage\":\"en-US\",\"potentialAction\":[{\"@type\":\"ReadAction\",\"target\":[\"https:\/\/antes.cinemachile.cl\/quinta-edicion-de-amor-festival-anuncia-su-programacion-y-pelicula-inaugural\/\"]}]},{\"@type\":\"BreadcrumbList\",\"@id\":\"https:\/\/antes.cinemachile.cl\/quinta-edicion-de-amor-festival-anuncia-su-programacion-y-pelicula-inaugural\/#breadcrumb\",\"itemListElement\":[{\"@type\":\"ListItem\",\"position\":1,\"item\":{\"@type\":\"WebPage\",\"@id\":\"https:\/\/antes.cinemachile.cl\/\",\"url\":\"https:\/\/antes.cinemachile.cl\/\",\"name\":\"Portada\"}},{\"@type\":\"ListItem\",\"position\":2,\"item\":{\"@id\":\"https:\/\/antes.cinemachile.cl\/quinta-edicion-de-amor-festival-anuncia-su-programacion-y-pelicula-inaugural\/#webpage\"}}]},{\"@type\":\"Article\",\"@id\":\"https:\/\/antes.cinemachile.cl\/quinta-edicion-de-amor-festival-anuncia-su-programacion-y-pelicula-inaugural\/#article\",\"isPartOf\":{\"@id\":\"https:\/\/antes.cinemachile.cl\/quinta-edicion-de-amor-festival-anuncia-su-programacion-y-pelicula-inaugural\/#webpage\"},\"author\":{\"@id\":\"https:\/\/antes.cinemachile.cl\/#\/schema\/person\/4d418e8c155e0e6c7f6824d46930c359\"},\"headline\":\"Quinta edici\\u00f3n de AMOR Festival anuncia su programaci\\u00f3n y pel\\u00edcula inaugural\",\"datePublished\":\"2020-07-02T20:39:30+00:00\",\"dateModified\":\"2020-07-03T20:08:59+00:00\",\"mainEntityOfPage\":{\"@id\":\"https:\/\/antes.cinemachile.cl\/quinta-edicion-de-amor-festival-anuncia-su-programacion-y-pelicula-inaugural\/#webpage\"},\"commentCount\":0,\"publisher\":{\"@id\":\"https:\/\/antes.cinemachile.cl\/#organization\"},\"image\":{\"@id\":\"https:\/\/antes.cinemachile.cl\/quinta-edicion-de-amor-festival-anuncia-su-programacion-y-pelicula-inaugural\/#primaryimage\"},\"articleSection\":[\"Sin categor\\u00eda\"],\"inLanguage\":\"en-US\",\"potentialAction\":[{\"@type\":\"CommentAction\",\"name\":\"Comment\",\"target\":[\"https:\/\/antes.cinemachile.cl\/quinta-edicion-de-amor-festival-anuncia-su-programacion-y-pelicula-inaugural\/#respond\"]}]},{\"@type\":\"Person\",\"@id\":\"https:\/\/antes.cinemachile.cl\/#\/schema\/person\/4d418e8c155e0e6c7f6824d46930c359\",\"name\":\"Javi\",\"image\":{\"@type\":\"ImageObject\",\"@id\":\"https:\/\/antes.cinemachile.cl\/#personlogo\",\"inLanguage\":\"en-US\",\"url\":\"https:\/\/secure.gravatar.com\/avatar\/910b1edd78db85cb2357db80f6b4f20e?s=96&d=mm&r=g\",\"contentUrl\":\"https:\/\/secure.gravatar.com\/avatar\/910b1edd78db85cb2357db80f6b4f20e?s=96&d=mm&r=g\",\"caption\":\"Javi\"}}]}<\/script>\n<!-- \/ Yoast SEO plugin. -->","_links":{"self":[{"href":"https:\/\/antes.cinemachile.cl\/en\/wp-json\/wp\/v2\/posts\/7225"}],"collection":[{"href":"https:\/\/antes.cinemachile.cl\/en\/wp-json\/wp\/v2\/posts"}],"about":[{"href":"https:\/\/antes.cinemachile.cl\/en\/wp-json\/wp\/v2\/types\/post"}],"author":[{"embeddable":true,"href":"https:\/\/antes.cinemachile.cl\/en\/wp-json\/wp\/v2\/users\/3"}],"replies":[{"embeddable":true,"href":"https:\/\/antes.cinemachile.cl\/en\/wp-json\/wp\/v2\/comments?post=7225"}],"version-history":[{"count":4,"href":"https:\/\/antes.cinemachile.cl\/en\/wp-json\/wp\/v2\/posts\/7225\/revisions"}],"predecessor-version":[{"id":7249,"href":"https:\/\/antes.cinemachile.cl\/en\/wp-json\/wp\/v2\/posts\/7225\/revisions\/7249"}],"wp:featuredmedia":[{"embeddable":true,"href":"https:\/\/antes.cinemachile.cl\/en\/wp-json\/wp\/v2\/media\/7247"}],"wp:attachment":[{"href":"https:\/\/antes.cinemachile.cl\/en\/wp-json\/wp\/v2\/media?parent=7225"}],"wp:term":[{"taxonomy":"category","embeddable":true,"href":"https:\/\/antes.cinemachile.cl\/en\/wp-json\/wp\/v2\/categories?post=7225"},{"taxonomy":"post_tag","embeddable":true,"href":"https:\/\/antes.cinemachile.cl\/en\/wp-json\/wp\/v2\/tags?post=7225"}],"curies":[{"name":"wp","href":"https:\/\/api.w.org\/{rel}","templated":true}]}}