{"id":7153,"date":"2020-06-24T18:48:22","date_gmt":"2020-06-24T22:48:22","guid":{"rendered":"http:\/\/cinemachile.cl\/?p=7153"},"modified":"2020-06-24T18:51:05","modified_gmt":"2020-06-24T22:51:05","slug":"films-boutique-adquiere-los-derechos-de-la-veronica-cinta-chilena-protagonizada-por-mariana-di-girolamo","status":"publish","type":"post","link":"https:\/\/antes.cinemachile.cl\/en\/films-boutique-boards-social-media-drama-la-veronica-a-chilean-film-starring-by-mariana-di-girolamo\/","title":{"rendered":"Films Boutique boards social media drama &#8220;La Ver\u00f3nica&#8221;, a Chilean film starring by Mariana Di Gir\u00f3lamo"},"content":{"rendered":"<p>FUENTE: <a href=\"https:\/\/www.screendaily.com\/news\/films-boutique-boards-social-media-drama-la-veronica-exclusive\/5151001.article\">SCREENDAILY<\/a><\/p>\n<p>Berlin-based Films Boutique has picked up world <a href=\"https:\/\/filmsboutique.com\/movies\/la-veronica\/\">sales rights to La Veronica<\/a>, a new social media-themed drama directed by Chile\u2019s Leonardo Medel, which is being introduced to buyers during the virtual Cannes market. The film, produced by Santiago-based outfit Merced, is in post-production and led by rising Latin American star Mariana Di Girolamo, last seen in Pablo Larra\u00edn\u2019s Venice competition title Ema.<\/p>\n<p>Girolamo plays the wife of a famous football player who spends her days by the pool, at photo shoots and taking care of her Instagram account. In order to be the new face of a beauty campaign, she needs more than 2 million followers and is ready to do whatever it takes to get them. The producer is Alejandra Rosales and executive producer is Juan Pablo Fern\u00e1ndez.<\/p>\n<p>\u201cIn a time when we spend our lives on Instagram, it is strangely rare to see filmmakers trying to deal with social media and how far we can go to get more followers,\u201d said Films Boutique CEO Jean-Christophe Simon. \u201cLa Veronica is a very unique and exciting film, trying to show what is behind all the fantasies we have about social media stars.\u201d<\/p>\n<p>Midway through the March\u00e9 du Film Online, Films Boutique has revealed further details of another new title on its slate, French comedy-drama The Voiceless.<\/p>\n<p>The film, in post-production, is directed by Pascal Rabat\u00e9 and centres on a small clan living in the underworld of a rubbish dump. They recycle the waste they find or steal, in order to piece their home together. Life there could be so sweet, were it not for a persistent chief inspector. The cast includes Yolande Moreau, Gustave Kervern and Fran\u00e7ois Morel.<\/p>\n<p>The film will be distributed in France by Jour de F\u00eate. Director Rabat\u00e9 is one of the best-selling cartoonists in France.<\/p>\n<p>\u201cWhen we started working on &#8220;La Ver\u00f3nica&#8221; we realized we had to make a radical decision: to focus on her face the whole time because it was the only way to transmit the film&#8217;s mysterious and elusive truth. That was the greatest challenge and Mariana Di Girolamo solved it delivering a truly amazing performance, powerful and delicate\u201d, says the director and scriptwriter Leonardo Medel.<\/p>\n<!-- AddThis Advanced Settings generic via filter on the_content --><!-- AddThis Share Buttons generic via filter on the_content -->","protected":false},"excerpt":{"rendered":"<p>FUENTE: SCREENDAILY Berlin-based Films Boutique has picked up world sales rights to La Veronica, a new social media-themed drama directed by Chile\u2019s Leonardo Medel, which is being introduced to buyers during the virtual Cannes market. The film, produced by Santiago-based outfit Merced, is in post-production and led by rising Latin American star Mariana Di Girolamo, [&hellip;]<!-- AddThis Advanced Settings generic via filter on wp_trim_excerpt --><!-- AddThis Share Buttons generic via filter on wp_trim_excerpt --><\/p>\n","protected":false},"author":4,"featured_media":7162,"comment_status":"open","ping_status":"open","sticky":false,"template":"","format":"standard","meta":{"loftloader_page_shortcode":""},"categories":[1],"tags":[],"yoast_head":"<!-- This site is optimized with the Yoast SEO plugin v16.2 - https:\/\/yoast.com\/wordpress\/plugins\/seo\/ -->\n<title>Films Boutique boards social media drama &quot;La Ver\u00f3nica&quot;, a Chilean film starring by Mariana Di Gir\u00f3lamo &raquo;<\/title>\n<meta name=\"robots\" content=\"index, follow, max-snippet:-1, max-image-preview:large, max-video-preview:-1\" \/>\n<link rel=\"canonical\" href=\"https:\/\/antes.cinemachile.cl\/films-boutique-adquiere-los-derechos-de-la-veronica-cinta-chilena-protagonizada-por-mariana-di-girolamo\/\" \/>\n<meta property=\"og:locale\" content=\"en_US\" \/>\n<meta property=\"og:type\" content=\"article\" \/>\n<meta property=\"og:title\" content=\"[:es]Films Boutique adquiere los derechos de &quot;La V\u00e9ronica&quot;, cinta chilena protagonizada por Mariana Di Gir\u00f3lamo[:en]Films Boutique boards social media drama &quot;La Ver\u00f3nica&quot;, a Chilean film starring by Mariana Di Gir\u00f3lamo[:] &raquo;\" \/>\n<meta property=\"og:description\" content=\"FUENTE: SCREENDAILY Berlin-based Films Boutique has picked up world sales rights to La Veronica, a new social media-themed drama directed by Chile\u2019s Leonardo Medel, which is being introduced to buyers during the virtual Cannes market. The film, produced by Santiago-based outfit Merced, is in post-production and led by rising Latin American star Mariana Di Girolamo, [&hellip;]\" \/>\n<meta property=\"og:url\" content=\"https:\/\/antes.cinemachile.cl\/films-boutique-adquiere-los-derechos-de-la-veronica-cinta-chilena-protagonizada-por-mariana-di-girolamo\/\" \/>\n<meta property=\"article:publisher\" content=\"https:\/\/www.facebook.com\/cinemachile\" \/>\n<meta property=\"article:published_time\" content=\"2020-06-24T22:48:22+00:00\" \/>\n<meta property=\"article:modified_time\" content=\"2020-06-24T22:51:05+00:00\" \/>\n<meta property=\"og:image\" content=\"https:\/\/cinemachile.cl\/wp-content\/uploads\/2020\/06\/La_Vero\u0301nica_web.jpg\" \/>\n\t<meta property=\"og:image:width\" content=\"1920\" \/>\n\t<meta property=\"og:image:height\" content=\"1060\" \/>\n<meta name=\"twitter:card\" content=\"summary_large_image\" \/>\n<meta name=\"twitter:creator\" content=\"@cinemachile\" \/>\n<meta name=\"twitter:site\" content=\"@cinemachile\" \/>\n<meta name=\"twitter:label1\" content=\"Est. reading time\">\n\t<meta name=\"twitter:data1\" content=\"4 minutes\">\n<script type=\"application\/ld+json\" class=\"yoast-schema-graph\">{\"@context\":\"https:\/\/schema.org\",\"@graph\":[{\"@type\":\"Organization\",\"@id\":\"https:\/\/antes.cinemachile.cl\/#organization\",\"name\":\"CinemaChile\",\"url\":\"https:\/\/antes.cinemachile.cl\/\",\"sameAs\":[\"https:\/\/www.facebook.com\/cinemachile\",\"https:\/\/www.instagram.com\/cinemachile\/\",\"https:\/\/twitter.com\/cinemachile\"],\"logo\":{\"@type\":\"ImageObject\",\"@id\":\"https:\/\/antes.cinemachile.cl\/#logo\",\"inLanguage\":\"en-US\",\"url\":\"https:\/\/cinemachile.cl\/wp-content\/uploads\/2020\/06\/logo-cinema-gif.gif\",\"contentUrl\":\"https:\/\/cinemachile.cl\/wp-content\/uploads\/2020\/06\/logo-cinema-gif.gif\",\"width\":330,\"height\":150,\"caption\":\"CinemaChile\"},\"image\":{\"@id\":\"https:\/\/antes.cinemachile.cl\/#logo\"}},{\"@type\":\"WebSite\",\"@id\":\"https:\/\/antes.cinemachile.cl\/#website\",\"url\":\"https:\/\/antes.cinemachile.cl\/\",\"name\":\"\",\"description\":\"\",\"publisher\":{\"@id\":\"https:\/\/antes.cinemachile.cl\/#organization\"},\"potentialAction\":[{\"@type\":\"SearchAction\",\"target\":\"https:\/\/antes.cinemachile.cl\/?s={search_term_string}\",\"query-input\":\"required name=search_term_string\"}],\"inLanguage\":\"en-US\"},{\"@type\":\"ImageObject\",\"@id\":\"https:\/\/antes.cinemachile.cl\/films-boutique-adquiere-los-derechos-de-la-veronica-cinta-chilena-protagonizada-por-mariana-di-girolamo\/#primaryimage\",\"inLanguage\":\"en-US\",\"url\":\"https:\/\/antes.cinemachile.cl\/wp-content\/uploads\/2020\/06\/La_Vero\\u0301nica_web.jpg\",\"contentUrl\":\"https:\/\/antes.cinemachile.cl\/wp-content\/uploads\/2020\/06\/La_Vero\\u0301nica_web.jpg\",\"width\":1920,\"height\":1060},{\"@type\":\"WebPage\",\"@id\":\"https:\/\/antes.cinemachile.cl\/films-boutique-adquiere-los-derechos-de-la-veronica-cinta-chilena-protagonizada-por-mariana-di-girolamo\/#webpage\",\"url\":\"https:\/\/antes.cinemachile.cl\/films-boutique-adquiere-los-derechos-de-la-veronica-cinta-chilena-protagonizada-por-mariana-di-girolamo\/\",\"name\":\"[:es]Films Boutique adquiere los derechos de \\\"La V\\u00e9ronica\\\", cinta chilena protagonizada por Mariana Di Gir\\u00f3lamo[:en]Films Boutique boards social media drama \\\"La Ver\\u00f3nica\\\", a Chilean film starring by Mariana Di Gir\\u00f3lamo[:] &raquo;\",\"isPartOf\":{\"@id\":\"https:\/\/antes.cinemachile.cl\/#website\"},\"primaryImageOfPage\":{\"@id\":\"https:\/\/antes.cinemachile.cl\/films-boutique-adquiere-los-derechos-de-la-veronica-cinta-chilena-protagonizada-por-mariana-di-girolamo\/#primaryimage\"},\"datePublished\":\"2020-06-24T22:48:22+00:00\",\"dateModified\":\"2020-06-24T22:51:05+00:00\",\"breadcrumb\":{\"@id\":\"https:\/\/antes.cinemachile.cl\/films-boutique-adquiere-los-derechos-de-la-veronica-cinta-chilena-protagonizada-por-mariana-di-girolamo\/#breadcrumb\"},\"inLanguage\":\"en-US\",\"potentialAction\":[{\"@type\":\"ReadAction\",\"target\":[\"https:\/\/antes.cinemachile.cl\/films-boutique-adquiere-los-derechos-de-la-veronica-cinta-chilena-protagonizada-por-mariana-di-girolamo\/\"]}]},{\"@type\":\"BreadcrumbList\",\"@id\":\"https:\/\/antes.cinemachile.cl\/films-boutique-adquiere-los-derechos-de-la-veronica-cinta-chilena-protagonizada-por-mariana-di-girolamo\/#breadcrumb\",\"itemListElement\":[{\"@type\":\"ListItem\",\"position\":1,\"item\":{\"@type\":\"WebPage\",\"@id\":\"https:\/\/antes.cinemachile.cl\/\",\"url\":\"https:\/\/antes.cinemachile.cl\/\",\"name\":\"Portada\"}},{\"@type\":\"ListItem\",\"position\":2,\"item\":{\"@id\":\"https:\/\/antes.cinemachile.cl\/films-boutique-adquiere-los-derechos-de-la-veronica-cinta-chilena-protagonizada-por-mariana-di-girolamo\/#webpage\"}}]},{\"@type\":\"Article\",\"@id\":\"https:\/\/antes.cinemachile.cl\/films-boutique-adquiere-los-derechos-de-la-veronica-cinta-chilena-protagonizada-por-mariana-di-girolamo\/#article\",\"isPartOf\":{\"@id\":\"https:\/\/antes.cinemachile.cl\/films-boutique-adquiere-los-derechos-de-la-veronica-cinta-chilena-protagonizada-por-mariana-di-girolamo\/#webpage\"},\"author\":{\"@id\":\"https:\/\/antes.cinemachile.cl\/#\/schema\/person\/ee02b79f2dae650098562382a24d21d1\"},\"headline\":\"Films Boutique boards social media drama &#8220;La Ver\\u00f3nica&#8221;, a Chilean film starring by Mariana Di Gir\\u00f3lamo\",\"datePublished\":\"2020-06-24T22:48:22+00:00\",\"dateModified\":\"2020-06-24T22:51:05+00:00\",\"mainEntityOfPage\":{\"@id\":\"https:\/\/antes.cinemachile.cl\/films-boutique-adquiere-los-derechos-de-la-veronica-cinta-chilena-protagonizada-por-mariana-di-girolamo\/#webpage\"},\"commentCount\":0,\"publisher\":{\"@id\":\"https:\/\/antes.cinemachile.cl\/#organization\"},\"image\":{\"@id\":\"https:\/\/antes.cinemachile.cl\/films-boutique-adquiere-los-derechos-de-la-veronica-cinta-chilena-protagonizada-por-mariana-di-girolamo\/#primaryimage\"},\"articleSection\":[\"Sin categor\\u00eda\"],\"inLanguage\":\"en-US\",\"potentialAction\":[{\"@type\":\"CommentAction\",\"name\":\"Comment\",\"target\":[\"https:\/\/antes.cinemachile.cl\/films-boutique-adquiere-los-derechos-de-la-veronica-cinta-chilena-protagonizada-por-mariana-di-girolamo\/#respond\"]}]},{\"@type\":\"Person\",\"@id\":\"https:\/\/antes.cinemachile.cl\/#\/schema\/person\/ee02b79f2dae650098562382a24d21d1\",\"name\":\"Prensa CinemaChile\",\"image\":{\"@type\":\"ImageObject\",\"@id\":\"https:\/\/antes.cinemachile.cl\/#personlogo\",\"inLanguage\":\"en-US\",\"url\":\"https:\/\/secure.gravatar.com\/avatar\/b3ccb455f578dd97b84c14103abb9dcb?s=96&d=mm&r=g\",\"contentUrl\":\"https:\/\/secure.gravatar.com\/avatar\/b3ccb455f578dd97b84c14103abb9dcb?s=96&d=mm&r=g\",\"caption\":\"Prensa CinemaChile\"}}]}<\/script>\n<!-- \/ Yoast SEO plugin. -->","_links":{"self":[{"href":"https:\/\/antes.cinemachile.cl\/en\/wp-json\/wp\/v2\/posts\/7153"}],"collection":[{"href":"https:\/\/antes.cinemachile.cl\/en\/wp-json\/wp\/v2\/posts"}],"about":[{"href":"https:\/\/antes.cinemachile.cl\/en\/wp-json\/wp\/v2\/types\/post"}],"author":[{"embeddable":true,"href":"https:\/\/antes.cinemachile.cl\/en\/wp-json\/wp\/v2\/users\/4"}],"replies":[{"embeddable":true,"href":"https:\/\/antes.cinemachile.cl\/en\/wp-json\/wp\/v2\/comments?post=7153"}],"version-history":[{"count":3,"href":"https:\/\/antes.cinemachile.cl\/en\/wp-json\/wp\/v2\/posts\/7153\/revisions"}],"predecessor-version":[{"id":7161,"href":"https:\/\/antes.cinemachile.cl\/en\/wp-json\/wp\/v2\/posts\/7153\/revisions\/7161"}],"wp:featuredmedia":[{"embeddable":true,"href":"https:\/\/antes.cinemachile.cl\/en\/wp-json\/wp\/v2\/media\/7162"}],"wp:attachment":[{"href":"https:\/\/antes.cinemachile.cl\/en\/wp-json\/wp\/v2\/media?parent=7153"}],"wp:term":[{"taxonomy":"category","embeddable":true,"href":"https:\/\/antes.cinemachile.cl\/en\/wp-json\/wp\/v2\/categories?post=7153"},{"taxonomy":"post_tag","embeddable":true,"href":"https:\/\/antes.cinemachile.cl\/en\/wp-json\/wp\/v2\/tags?post=7153"}],"curies":[{"name":"wp","href":"https:\/\/api.w.org\/{rel}","templated":true}]}}