{"id":6823,"date":"2020-04-30T20:20:00","date_gmt":"2020-05-01T00:20:00","guid":{"rendered":"http:\/\/2020.cinemachile.cl\/?p=6823"},"modified":"2020-06-22T00:47:17","modified_gmt":"2020-06-22T04:47:17","slug":"transgesoras-tematicas-acompanan-la-sexta-edicion-del-jueves-de-cine-chileno","status":"publish","type":"post","link":"https:\/\/antes.cinemachile.cl\/en\/transgesoras-tematicas-acompanan-la-sexta-edicion-del-jueves-de-cine-chileno\/","title":{"rendered":"Transgressive themes accompany the sixth \u201cThursday of Chilean Cinema\u201d"},"content":{"rendered":"<p><span style=\"font-weight: 400;\">In March, we inaugurated a new section with the sole objective of providing company and a bit of an escape to those of you staying at home, taking care of your health and everyone else\u2019s. Today, six weeks later, we\u2019re happy and thankful for the great reception this initiative has had, and we\u2019re inviting you to a new edition of \u201cThursdays of Chilean Cinema\u201d. It\u2019s a space where we promote national feature films and shorts in pursuit of connecting our cinema with the world. During the next seven days, we\u2019ll be accompanied by <\/span><b><i>The Passion of Michelangelo<\/i><\/b><span style=\"font-weight: 400;\"> and <\/span><b><i>Non Castus<\/i><\/b><span style=\"font-weight: 400;\">, both of which premiered in the last decade and will be available to be viewed by global audiences for free.<\/span><\/p>\n<p><b><i>The Passion of Michelangelo<\/i><\/b><span style=\"font-weight: 400;\"> was directed by Esteban Larra\u00edn and it\u2019s a co-production with Argentina and France, which premiered in 2012 at the Rome Film Festival.\u00a0 Starring Sebasti\u00e1n Ayala, it\u2019s based on a true story and takes place in 1983, when Miguel \u00c1ngel Poblete, a marginalized teen, claims to have visions of the Virgin Mary.<\/span><\/p>\n<p><span style=\"font-weight: 400;\">According to an interview with Larra\u00edn by <\/span><a href=\"https:\/\/www.biobiochile.cl\/noticias\/2013\/03\/02\/miguel-angel-tenia-un-carisma-especial-sebastian-ayala-y-la-pelicula-la-pasion-de-michelangelo.shtml\"><span style=\"font-weight: 400;\">Bio Bio<\/span><\/a><span style=\"font-weight: 400;\">, the most difficult part of constructing the story was \u201ccreating a character with soul that wasn\u2019t a caricature. That was my main focus. The bigger challenge was not showing the obvious, that\u2019s why I investigated, I informed myself, and I wanted to show the lesser known side of the story.\u201d<\/span><span style=\"font-weight: 400;\">\u00a0<\/span><\/p>\n<p><span style=\"font-weight: 400;\">Among its most notable recognitions are the Special Jury Prize and Award for Best Screenplay from the Festroia International Film Festival, Portugal.<\/span><\/p>\n<p><span style=\"font-weight: 400;\">Standing out among the multiple jobs Larra\u00edn has realized is writing the TV miniseries <\/span><b><i>Mary &#038; Mike<\/i><\/b><span style=\"font-weight: 400;\"> (Invercine&#038;Wood), of which he\u2019s also co-director and co-producer. He\u2019s currently developing the fiction series <\/span><b><i>Casa de campo<\/i><\/b><span style=\"font-weight: 400;\">, based on the novel by Jos\u00e9 Donoso, and the feature films <\/span><b><i>Nicanor y el Cristo Volador<\/i><\/b><span style=\"font-weight: 400;\"> and <\/span><b><i>La caza del hombre<\/i><\/b><span style=\"font-weight: 400;\">, about the capture of former Nazi, German criminal Paul Sch\u00e4fere, leader of <\/span><i><span style=\"font-weight: 400;\">Colonia Dignidad<\/span><\/i><span style=\"font-weight: 400;\"> in Chile.<\/span><span style=\"font-weight: 400;\">\u00a0<\/span><\/p>\n<h2><span style=\"color: #ff0000;\"><b>CLICK TO WATCH<\/b> <a style=\"color: #ff0000;\" href=\"https:\/\/vimeo.com\/289568165\"><b><i>THE PASSION OF MICHELANGELO<\/i><\/b><\/a><\/span><\/h2>\n<p class=\"responsive-video-wrap clr\"><iframe loading=\"lazy\" title=\"&quot;La pasi\u00f3n de Michelangelo&quot;, de Esteban Larra\u00edn - Trailer\" width=\"1200\" height=\"675\" src=\"https:\/\/www.youtube.com\/embed\/_rNdylgCnQg?feature=oembed\" frameborder=\"0\" allow=\"accelerometer; autoplay; encrypted-media; gyroscope; picture-in-picture\" allowfullscreen><\/iframe><\/p>\n<p><b><i>\u00a0<\/i><\/b><span style=\"font-weight: 400;\">Alongside this film, we\u2019re sharing <\/span><b><i>Non Castus<\/i><\/b><span style=\"font-weight: 400;\"> by young director Andrea Castillo, a 22-minute short about a mother\u2019s inner struggle when she realizes the affection she expresses toward her son isn\u2019t merely maternal. This production was done during the course of the Fiction Workshop at the University of Chile, when Castillo was in her third year in the department.<\/span><\/p>\n<p><span style=\"font-weight: 400;\">The film resonated in being selected to the 69th Locarno Film Festival in the International Short Film category, where it was distinguished with Honorable Mention by the Jury. Starring Tuti Elissegaray, Octavio Navarrete, and Sabina Ojeda, this piece formed part of the 2016 CinemaChile Film Catalogue and was present at other filmic events such as the Festival of Havana, Valdivia Film Festival, and Toulouse, among others.<\/span><\/p>\n<p><span style=\"font-weight: 400;\">Currently, Castillo is writing her first feature entitled <\/span><b><i>Sangre Propia<\/i><\/b><span style=\"font-weight: 400;\">, selected to the \u201cFilms in Development\u201d space at the Festival of Toulouse. In addition, she\u2019s working on the pre-production of her fourth short film, <\/span><b><i>Viento<\/i><\/b><span style=\"font-weight: 400;\">.\u00a0<\/span><\/p>\n<h2><span style=\"color: #ff0000;\"><b>CLICK TO WATCH<\/b> <a style=\"color: #ff0000;\" href=\"https:\/\/vimeo.com\/199352233\"><b><i>NON CASTUS<\/i><\/b><\/a><\/span><\/h2>\n<p class=\"responsive-video-wrap clr\"><iframe loading=\"lazy\" title=\"Non Castus - Trailer\" src=\"https:\/\/player.vimeo.com\/video\/162294713?dnt=1&amp;app_id=122963\" width=\"1200\" height=\"675\" frameborder=\"0\" allow=\"autoplay; fullscreen\" allowfullscreen><\/iframe><\/p>\n<p><b>We also invite you to read:<\/b><\/p>\n<p><a href=\"https:\/\/antes.cinemachile.clen\/espanol-revisa-aqui-todas-las-peliculas-del-jueves-de-cine-chileno\/\"><b><i>\u201cGet to know all the films that form part of Thursdays of Chilean Cinema\u201d<\/i><\/b><\/a><\/p>\n<p>\u00a0<\/p>\n<!-- AddThis Advanced Settings generic via filter on the_content --><!-- AddThis Share Buttons generic via filter on the_content -->","protected":false},"excerpt":{"rendered":"<p>In March, we inaugurated a new section with the sole objective of providing company and a bit of an escape to those of you staying at home, taking care of your health and everyone else\u2019s. Today, six weeks later, we\u2019re happy and thankful for the great reception this initiative has had, and we\u2019re inviting you [&hellip;]<!-- AddThis Advanced Settings generic via filter on wp_trim_excerpt --><!-- AddThis Share Buttons generic via filter on wp_trim_excerpt --><\/p>\n","protected":false},"author":3,"featured_media":6826,"comment_status":"open","ping_status":"open","sticky":false,"template":"","format":"standard","meta":{"loftloader_page_shortcode":""},"categories":[1],"tags":[],"yoast_head":"<!-- This site is optimized with the Yoast SEO plugin v16.2 - https:\/\/yoast.com\/wordpress\/plugins\/seo\/ -->\n<title>Transgressive themes accompany the sixth \u201cThursday of Chilean Cinema\u201d &raquo;<\/title>\n<meta name=\"robots\" content=\"index, follow, max-snippet:-1, max-image-preview:large, max-video-preview:-1\" \/>\n<link rel=\"canonical\" href=\"https:\/\/antes.cinemachile.cl\/transgesoras-tematicas-acompanan-la-sexta-edicion-del-jueves-de-cine-chileno\/\" \/>\n<meta property=\"og:locale\" content=\"en_US\" \/>\n<meta property=\"og:type\" content=\"article\" \/>\n<meta property=\"og:title\" content=\"[:es]Transgresoras tem\u00e1ticas acompa\u00f1an la sexta edici\u00f3n del \u201cJueves de cine chileno\u201d[:en]Transgressive themes accompany the sixth \u201cThursday of Chilean Cinema\u201d[:] &raquo;\" \/>\n<meta property=\"og:description\" content=\"In March, we inaugurated a new section with the sole objective of providing company and a bit of an escape to those of you staying at home, taking care of your health and everyone else\u2019s. Today, six weeks later, we\u2019re happy and thankful for the great reception this initiative has had, and we\u2019re inviting you [&hellip;]\" \/>\n<meta property=\"og:url\" content=\"https:\/\/antes.cinemachile.cl\/transgesoras-tematicas-acompanan-la-sexta-edicion-del-jueves-de-cine-chileno\/\" \/>\n<meta property=\"article:publisher\" content=\"https:\/\/www.facebook.com\/cinemachile\" \/>\n<meta property=\"article:published_time\" content=\"2020-05-01T00:20:00+00:00\" \/>\n<meta property=\"article:modified_time\" content=\"2020-06-22T04:47:17+00:00\" \/>\n<meta property=\"og:image\" content=\"https:\/\/cinemachile.cl\/wp-content\/uploads\/2020\/05\/home-jueves30.jpg\" \/>\n\t<meta property=\"og:image:width\" content=\"1894\" \/>\n\t<meta property=\"og:image:height\" content=\"637\" \/>\n<meta name=\"twitter:card\" content=\"summary_large_image\" \/>\n<meta name=\"twitter:creator\" content=\"@cinemachile\" \/>\n<meta name=\"twitter:site\" content=\"@cinemachile\" \/>\n<meta name=\"twitter:label1\" content=\"Est. reading time\">\n\t<meta name=\"twitter:data1\" content=\"6 minutes\">\n<script type=\"application\/ld+json\" class=\"yoast-schema-graph\">{\"@context\":\"https:\/\/schema.org\",\"@graph\":[{\"@type\":\"Organization\",\"@id\":\"https:\/\/antes.cinemachile.cl\/#organization\",\"name\":\"CinemaChile\",\"url\":\"https:\/\/antes.cinemachile.cl\/\",\"sameAs\":[\"https:\/\/www.facebook.com\/cinemachile\",\"https:\/\/www.instagram.com\/cinemachile\/\",\"https:\/\/twitter.com\/cinemachile\"],\"logo\":{\"@type\":\"ImageObject\",\"@id\":\"https:\/\/antes.cinemachile.cl\/#logo\",\"inLanguage\":\"en-US\",\"url\":\"https:\/\/cinemachile.cl\/wp-content\/uploads\/2020\/06\/logo-cinema-gif.gif\",\"contentUrl\":\"https:\/\/cinemachile.cl\/wp-content\/uploads\/2020\/06\/logo-cinema-gif.gif\",\"width\":330,\"height\":150,\"caption\":\"CinemaChile\"},\"image\":{\"@id\":\"https:\/\/antes.cinemachile.cl\/#logo\"}},{\"@type\":\"WebSite\",\"@id\":\"https:\/\/antes.cinemachile.cl\/#website\",\"url\":\"https:\/\/antes.cinemachile.cl\/\",\"name\":\"\",\"description\":\"\",\"publisher\":{\"@id\":\"https:\/\/antes.cinemachile.cl\/#organization\"},\"potentialAction\":[{\"@type\":\"SearchAction\",\"target\":\"https:\/\/antes.cinemachile.cl\/?s={search_term_string}\",\"query-input\":\"required name=search_term_string\"}],\"inLanguage\":\"en-US\"},{\"@type\":\"ImageObject\",\"@id\":\"https:\/\/antes.cinemachile.cl\/transgesoras-tematicas-acompanan-la-sexta-edicion-del-jueves-de-cine-chileno\/#primaryimage\",\"inLanguage\":\"en-US\",\"url\":\"https:\/\/antes.cinemachile.cl\/wp-content\/uploads\/2020\/05\/home-jueves30.jpg\",\"contentUrl\":\"https:\/\/antes.cinemachile.cl\/wp-content\/uploads\/2020\/05\/home-jueves30.jpg\",\"width\":1894,\"height\":637},{\"@type\":\"WebPage\",\"@id\":\"https:\/\/antes.cinemachile.cl\/transgesoras-tematicas-acompanan-la-sexta-edicion-del-jueves-de-cine-chileno\/#webpage\",\"url\":\"https:\/\/antes.cinemachile.cl\/transgesoras-tematicas-acompanan-la-sexta-edicion-del-jueves-de-cine-chileno\/\",\"name\":\"[:es]Transgresoras tem\\u00e1ticas acompa\\u00f1an la sexta edici\\u00f3n del \\u201cJueves de cine chileno\\u201d[:en]Transgressive themes accompany the sixth \\u201cThursday of Chilean Cinema\\u201d[:] &raquo;\",\"isPartOf\":{\"@id\":\"https:\/\/antes.cinemachile.cl\/#website\"},\"primaryImageOfPage\":{\"@id\":\"https:\/\/antes.cinemachile.cl\/transgesoras-tematicas-acompanan-la-sexta-edicion-del-jueves-de-cine-chileno\/#primaryimage\"},\"datePublished\":\"2020-05-01T00:20:00+00:00\",\"dateModified\":\"2020-06-22T04:47:17+00:00\",\"breadcrumb\":{\"@id\":\"https:\/\/antes.cinemachile.cl\/transgesoras-tematicas-acompanan-la-sexta-edicion-del-jueves-de-cine-chileno\/#breadcrumb\"},\"inLanguage\":\"en-US\",\"potentialAction\":[{\"@type\":\"ReadAction\",\"target\":[\"https:\/\/antes.cinemachile.cl\/transgesoras-tematicas-acompanan-la-sexta-edicion-del-jueves-de-cine-chileno\/\"]}]},{\"@type\":\"BreadcrumbList\",\"@id\":\"https:\/\/antes.cinemachile.cl\/transgesoras-tematicas-acompanan-la-sexta-edicion-del-jueves-de-cine-chileno\/#breadcrumb\",\"itemListElement\":[{\"@type\":\"ListItem\",\"position\":1,\"item\":{\"@type\":\"WebPage\",\"@id\":\"https:\/\/antes.cinemachile.cl\/\",\"url\":\"https:\/\/antes.cinemachile.cl\/\",\"name\":\"Portada\"}},{\"@type\":\"ListItem\",\"position\":2,\"item\":{\"@id\":\"https:\/\/antes.cinemachile.cl\/transgesoras-tematicas-acompanan-la-sexta-edicion-del-jueves-de-cine-chileno\/#webpage\"}}]},{\"@type\":\"Article\",\"@id\":\"https:\/\/antes.cinemachile.cl\/transgesoras-tematicas-acompanan-la-sexta-edicion-del-jueves-de-cine-chileno\/#article\",\"isPartOf\":{\"@id\":\"https:\/\/antes.cinemachile.cl\/transgesoras-tematicas-acompanan-la-sexta-edicion-del-jueves-de-cine-chileno\/#webpage\"},\"author\":{\"@id\":\"https:\/\/antes.cinemachile.cl\/#\/schema\/person\/4d418e8c155e0e6c7f6824d46930c359\"},\"headline\":\"Transgressive themes accompany the sixth \\u201cThursday of Chilean Cinema\\u201d\",\"datePublished\":\"2020-05-01T00:20:00+00:00\",\"dateModified\":\"2020-06-22T04:47:17+00:00\",\"mainEntityOfPage\":{\"@id\":\"https:\/\/antes.cinemachile.cl\/transgesoras-tematicas-acompanan-la-sexta-edicion-del-jueves-de-cine-chileno\/#webpage\"},\"commentCount\":0,\"publisher\":{\"@id\":\"https:\/\/antes.cinemachile.cl\/#organization\"},\"image\":{\"@id\":\"https:\/\/antes.cinemachile.cl\/transgesoras-tematicas-acompanan-la-sexta-edicion-del-jueves-de-cine-chileno\/#primaryimage\"},\"articleSection\":[\"Sin categor\\u00eda\"],\"inLanguage\":\"en-US\",\"potentialAction\":[{\"@type\":\"CommentAction\",\"name\":\"Comment\",\"target\":[\"https:\/\/antes.cinemachile.cl\/transgesoras-tematicas-acompanan-la-sexta-edicion-del-jueves-de-cine-chileno\/#respond\"]}]},{\"@type\":\"Person\",\"@id\":\"https:\/\/antes.cinemachile.cl\/#\/schema\/person\/4d418e8c155e0e6c7f6824d46930c359\",\"name\":\"Javi\",\"image\":{\"@type\":\"ImageObject\",\"@id\":\"https:\/\/antes.cinemachile.cl\/#personlogo\",\"inLanguage\":\"en-US\",\"url\":\"https:\/\/secure.gravatar.com\/avatar\/910b1edd78db85cb2357db80f6b4f20e?s=96&d=mm&r=g\",\"contentUrl\":\"https:\/\/secure.gravatar.com\/avatar\/910b1edd78db85cb2357db80f6b4f20e?s=96&d=mm&r=g\",\"caption\":\"Javi\"}}]}<\/script>\n<!-- \/ Yoast SEO plugin. -->","_links":{"self":[{"href":"https:\/\/antes.cinemachile.cl\/en\/wp-json\/wp\/v2\/posts\/6823"}],"collection":[{"href":"https:\/\/antes.cinemachile.cl\/en\/wp-json\/wp\/v2\/posts"}],"about":[{"href":"https:\/\/antes.cinemachile.cl\/en\/wp-json\/wp\/v2\/types\/post"}],"author":[{"embeddable":true,"href":"https:\/\/antes.cinemachile.cl\/en\/wp-json\/wp\/v2\/users\/3"}],"replies":[{"embeddable":true,"href":"https:\/\/antes.cinemachile.cl\/en\/wp-json\/wp\/v2\/comments?post=6823"}],"version-history":[{"count":1,"href":"https:\/\/antes.cinemachile.cl\/en\/wp-json\/wp\/v2\/posts\/6823\/revisions"}],"predecessor-version":[{"id":6833,"href":"https:\/\/antes.cinemachile.cl\/en\/wp-json\/wp\/v2\/posts\/6823\/revisions\/6833"}],"wp:featuredmedia":[{"embeddable":true,"href":"https:\/\/antes.cinemachile.cl\/en\/wp-json\/wp\/v2\/media\/6826"}],"wp:attachment":[{"href":"https:\/\/antes.cinemachile.cl\/en\/wp-json\/wp\/v2\/media?parent=6823"}],"wp:term":[{"taxonomy":"category","embeddable":true,"href":"https:\/\/antes.cinemachile.cl\/en\/wp-json\/wp\/v2\/categories?post=6823"},{"taxonomy":"post_tag","embeddable":true,"href":"https:\/\/antes.cinemachile.cl\/en\/wp-json\/wp\/v2\/tags?post=6823"}],"curies":[{"name":"wp","href":"https:\/\/api.w.org\/{rel}","templated":true}]}}