{"id":3874,"date":"2020-03-12T10:42:37","date_gmt":"2020-03-12T14:42:37","guid":{"rendered":"https:\/\/antes.cinemachile.cl?p=3874"},"modified":"2020-03-20T11:24:57","modified_gmt":"2020-03-20T15:24:57","slug":"el-agente-topo-tendra-su-estreno-latinoamericano-en-el-festival-de-guadalajara","status":"publish","type":"post","link":"https:\/\/antes.cinemachile.cl\/en\/espanol-el-agente-topo-tendra-su-estreno-latinoamericano-en-el-festival-de-guadalajara\/","title":{"rendered":"\u201cThe Mole Agent\u201d will have its Latin American premiere at the Guadalajara Film Festival"},"content":{"rendered":"<p>The 34th version of the Guadalajara International Film Festival (FICG), one of the most important events for the Latin American audiovisual sector, will take place from March 20th to the 27th. There, a large delegation will participate in representation of our country, in competitive sections as well industry spaces.<\/p>\n<p>One of the films that figures in the program is The Mole Agent by Maite Alberdi, which will have its Latin American premiere in the Iberoamerican Documentary Film competition at the Mexican festival. Previously the film had a successful premiere at the Sundance Film Festival, where it was applauded at every projection and recognized by international directors.<\/p>\n<p>The film\u2019s narrative centers around a private detective who must investigate the case of a client, who needs to know how her mother is being treated inside the retirement home where she lives. The only way to solve the mission is with a \u201cmole\u201d, for which she hires Sregio, an 83-year-old man who has never in his life worked as an undercover agent, and who turns himself into a new resident at the home. There, he must balance his professional mission with the new relationships that he begins to build, which commit him to the life of the establishment.<\/p>\n<p>The Mole Agent has been highly visible and of great interest internationally since it began, being a co-production between Chile, the U.S., Spain, the Netherlands, and Germany, an exceptional case for the documentary genre.<\/p>\n<p>In the words of its director, the film shows how \u201cwe\u2019ve encouraged isolation and non-integration of senior citizens, and I believe that\u2019s key in understanding why we have a debt to the pension system, but the problematic goes beyond economic [issues]; it\u2019s a society that doesn\u2019t want to grow old, that doesn\u2019t want to confront old age, nor does it want to relate with older people or anything that is dependent.\u201d<\/p>\n<p>In addition to this film, parallel sections of the event include the participation of Piola by Luis Alejandro P\u00e9rez; Spider by Andr\u00e9 Wood; Especulaciones sobre J.R. by Fernando Vergara; and The Cordillera of Dreams by Patricio Guzm\u00e1n.<\/p>\n<p class=\"responsive-video-wrap clr\"><iframe loading=\"lazy\" width=\"1200\" height=\"675\" src=\"https:\/\/www.youtube.com\/embed\/okq4f1B2OZg?feature=oembed\" frameborder=\"0\" allow=\"accelerometer; autoplay; encrypted-media; gyroscope; picture-in-picture\" allowfullscreen><\/iframe><\/p>\n<p class=\"responsive-video-wrap clr\"><iframe loading=\"lazy\" width=\"1200\" height=\"675\" src=\"https:\/\/www.youtube.com\/embed\/vYejsI9cE0o?feature=oembed\" frameborder=\"0\" allow=\"accelerometer; autoplay; encrypted-media; gyroscope; picture-in-picture\" allowfullscreen><\/iframe><\/p>\n<p>&nbsp;<\/p>\n<!-- AddThis Advanced Settings generic via filter on the_content --><!-- AddThis Share Buttons generic via filter on the_content -->","protected":false},"excerpt":{"rendered":"<p>The 34th version of the Guadalajara International Film Festival (FICG), one of the most important events for the Latin American audiovisual sector, will take place from March 20th to the 27th. There, a large delegation will participate in representation of our country, in competitive sections as well industry spaces. One of the films that figures [&hellip;]<!-- AddThis Advanced Settings generic via filter on wp_trim_excerpt --><!-- AddThis Share Buttons generic via filter on wp_trim_excerpt --><\/p>\n","protected":false},"author":3,"featured_media":3887,"comment_status":"open","ping_status":"open","sticky":false,"template":"","format":"standard","meta":{"loftloader_page_shortcode":""},"categories":[1],"tags":[],"yoast_head":"<!-- This site is optimized with the Yoast SEO plugin v16.2 - https:\/\/yoast.com\/wordpress\/plugins\/seo\/ -->\n<title>\u201cThe Mole Agent\u201d will have its Latin American premiere at the Guadalajara Film Festival &raquo;<\/title>\n<meta name=\"description\" content=\"&quot;El agente topo&quot;, documental de Maite Alberdi tendr\u00e1 su estreno latinoamericano en el Festival de cine de Guadalajara tras su \u00e9xito el Sundance\" \/>\n<meta name=\"robots\" content=\"index, follow, max-snippet:-1, max-image-preview:large, max-video-preview:-1\" \/>\n<link rel=\"canonical\" href=\"https:\/\/antes.cinemachile.cl\/?p=3874\" \/>\n<meta property=\"og:locale\" content=\"en_US\" \/>\n<meta property=\"og:type\" content=\"article\" \/>\n<meta property=\"og:title\" content=\"[:es]&quot;El agente topo&quot; tendr\u00e1 su estreno latinoamericano en el Festival de Guadalajara[:en]\u201cThe Mole Agent\u201d will have its Latin American premiere at the Guadalajara Film Festival[:] &raquo;\" \/>\n<meta property=\"og:description\" content=\"&quot;El agente topo&quot;, documental de Maite Alberdi tendr\u00e1 su estreno latinoamericano en el Festival de cine de Guadalajara tras su \u00e9xito el Sundance\" \/>\n<meta property=\"og:url\" content=\"https:\/\/antes.cinemachile.cl\/?p=3874\" \/>\n<meta property=\"article:publisher\" content=\"https:\/\/www.facebook.com\/cinemachile\" \/>\n<meta property=\"article:published_time\" content=\"2020-03-12T14:42:37+00:00\" \/>\n<meta property=\"article:modified_time\" content=\"2020-03-20T15:24:57+00:00\" \/>\n<meta property=\"og:image\" content=\"https:\/\/cinemachile.cl\/wp-content\/uploads\/2020\/03\/elagentetopo-1.jpg\" \/>\n\t<meta property=\"og:image:width\" content=\"1130\" \/>\n\t<meta property=\"og:image:height\" content=\"633\" \/>\n<meta name=\"twitter:card\" content=\"summary_large_image\" \/>\n<meta name=\"twitter:creator\" content=\"@cinemachile\" \/>\n<meta name=\"twitter:site\" content=\"@cinemachile\" \/>\n<meta name=\"twitter:label1\" content=\"Est. reading time\">\n\t<meta name=\"twitter:data1\" content=\"4 minutes\">\n<script type=\"application\/ld+json\" class=\"yoast-schema-graph\">{\"@context\":\"https:\/\/schema.org\",\"@graph\":[{\"@type\":\"Organization\",\"@id\":\"https:\/\/antes.cinemachile.cl\/#organization\",\"name\":\"CinemaChile\",\"url\":\"https:\/\/antes.cinemachile.cl\/\",\"sameAs\":[\"https:\/\/www.facebook.com\/cinemachile\",\"https:\/\/www.instagram.com\/cinemachile\/\",\"https:\/\/twitter.com\/cinemachile\"],\"logo\":{\"@type\":\"ImageObject\",\"@id\":\"https:\/\/antes.cinemachile.cl\/#logo\",\"inLanguage\":\"en-US\",\"url\":\"https:\/\/cinemachile.cl\/wp-content\/uploads\/2020\/06\/logo-cinema-gif.gif\",\"contentUrl\":\"https:\/\/cinemachile.cl\/wp-content\/uploads\/2020\/06\/logo-cinema-gif.gif\",\"width\":330,\"height\":150,\"caption\":\"CinemaChile\"},\"image\":{\"@id\":\"https:\/\/antes.cinemachile.cl\/#logo\"}},{\"@type\":\"WebSite\",\"@id\":\"https:\/\/antes.cinemachile.cl\/#website\",\"url\":\"https:\/\/antes.cinemachile.cl\/\",\"name\":\"\",\"description\":\"\",\"publisher\":{\"@id\":\"https:\/\/antes.cinemachile.cl\/#organization\"},\"potentialAction\":[{\"@type\":\"SearchAction\",\"target\":\"https:\/\/antes.cinemachile.cl\/?s={search_term_string}\",\"query-input\":\"required name=search_term_string\"}],\"inLanguage\":\"en-US\"},{\"@type\":\"ImageObject\",\"@id\":\"https:\/\/antes.cinemachile.cl\/?p=3874#primaryimage\",\"inLanguage\":\"en-US\",\"url\":\"https:\/\/antes.cinemachile.cl\/wp-content\/uploads\/2020\/03\/elagentetopo-1.jpg\",\"contentUrl\":\"https:\/\/antes.cinemachile.cl\/wp-content\/uploads\/2020\/03\/elagentetopo-1.jpg\",\"width\":1130,\"height\":633,\"caption\":\"El agente topo\"},{\"@type\":\"WebPage\",\"@id\":\"https:\/\/antes.cinemachile.cl\/?p=3874#webpage\",\"url\":\"https:\/\/antes.cinemachile.cl\/?p=3874\",\"name\":\"[:es]\\\"El agente topo\\\" tendr\\u00e1 su estreno latinoamericano en el Festival de Guadalajara[:en]\\u201cThe Mole Agent\\u201d will have its Latin American premiere at the Guadalajara Film Festival[:] &raquo;\",\"isPartOf\":{\"@id\":\"https:\/\/antes.cinemachile.cl\/#website\"},\"primaryImageOfPage\":{\"@id\":\"https:\/\/antes.cinemachile.cl\/?p=3874#primaryimage\"},\"datePublished\":\"2020-03-12T14:42:37+00:00\",\"dateModified\":\"2020-03-20T15:24:57+00:00\",\"description\":\"\\\"El agente topo\\\", documental de Maite Alberdi tendr\\u00e1 su estreno latinoamericano en el Festival de cine de Guadalajara tras su \\u00e9xito el Sundance\",\"breadcrumb\":{\"@id\":\"https:\/\/antes.cinemachile.cl\/?p=3874#breadcrumb\"},\"inLanguage\":\"en-US\",\"potentialAction\":[{\"@type\":\"ReadAction\",\"target\":[\"https:\/\/antes.cinemachile.cl\/?p=3874\"]}]},{\"@type\":\"BreadcrumbList\",\"@id\":\"https:\/\/antes.cinemachile.cl\/?p=3874#breadcrumb\",\"itemListElement\":[{\"@type\":\"ListItem\",\"position\":1,\"item\":{\"@type\":\"WebPage\",\"@id\":\"https:\/\/antes.cinemachile.cl\/\",\"url\":\"https:\/\/antes.cinemachile.cl\/\",\"name\":\"Portada\"}},{\"@type\":\"ListItem\",\"position\":2,\"item\":{\"@id\":\"https:\/\/antes.cinemachile.cl\/?p=3874#webpage\"}}]},{\"@type\":\"Article\",\"@id\":\"https:\/\/antes.cinemachile.cl\/?p=3874#article\",\"isPartOf\":{\"@id\":\"https:\/\/antes.cinemachile.cl\/?p=3874#webpage\"},\"author\":{\"@id\":\"https:\/\/antes.cinemachile.cl\/#\/schema\/person\/4d418e8c155e0e6c7f6824d46930c359\"},\"headline\":\"\\u201cThe Mole Agent\\u201d will have its Latin American premiere at the Guadalajara Film Festival\",\"datePublished\":\"2020-03-12T14:42:37+00:00\",\"dateModified\":\"2020-03-20T15:24:57+00:00\",\"mainEntityOfPage\":{\"@id\":\"https:\/\/antes.cinemachile.cl\/?p=3874#webpage\"},\"commentCount\":0,\"publisher\":{\"@id\":\"https:\/\/antes.cinemachile.cl\/#organization\"},\"image\":{\"@id\":\"https:\/\/antes.cinemachile.cl\/?p=3874#primaryimage\"},\"articleSection\":[\"Sin categor\\u00eda\"],\"inLanguage\":\"en-US\",\"potentialAction\":[{\"@type\":\"CommentAction\",\"name\":\"Comment\",\"target\":[\"https:\/\/antes.cinemachile.cl\/?p=3874#respond\"]}]},{\"@type\":\"Person\",\"@id\":\"https:\/\/antes.cinemachile.cl\/#\/schema\/person\/4d418e8c155e0e6c7f6824d46930c359\",\"name\":\"Javi\",\"image\":{\"@type\":\"ImageObject\",\"@id\":\"https:\/\/antes.cinemachile.cl\/#personlogo\",\"inLanguage\":\"en-US\",\"url\":\"https:\/\/secure.gravatar.com\/avatar\/910b1edd78db85cb2357db80f6b4f20e?s=96&d=mm&r=g\",\"contentUrl\":\"https:\/\/secure.gravatar.com\/avatar\/910b1edd78db85cb2357db80f6b4f20e?s=96&d=mm&r=g\",\"caption\":\"Javi\"}}]}<\/script>\n<!-- \/ Yoast SEO plugin. -->","_links":{"self":[{"href":"https:\/\/antes.cinemachile.cl\/en\/wp-json\/wp\/v2\/posts\/3874"}],"collection":[{"href":"https:\/\/antes.cinemachile.cl\/en\/wp-json\/wp\/v2\/posts"}],"about":[{"href":"https:\/\/antes.cinemachile.cl\/en\/wp-json\/wp\/v2\/types\/post"}],"author":[{"embeddable":true,"href":"https:\/\/antes.cinemachile.cl\/en\/wp-json\/wp\/v2\/users\/3"}],"replies":[{"embeddable":true,"href":"https:\/\/antes.cinemachile.cl\/en\/wp-json\/wp\/v2\/comments?post=3874"}],"version-history":[{"count":17,"href":"https:\/\/antes.cinemachile.cl\/en\/wp-json\/wp\/v2\/posts\/3874\/revisions"}],"predecessor-version":[{"id":3970,"href":"https:\/\/antes.cinemachile.cl\/en\/wp-json\/wp\/v2\/posts\/3874\/revisions\/3970"}],"wp:featuredmedia":[{"embeddable":true,"href":"https:\/\/antes.cinemachile.cl\/en\/wp-json\/wp\/v2\/media\/3887"}],"wp:attachment":[{"href":"https:\/\/antes.cinemachile.cl\/en\/wp-json\/wp\/v2\/media?parent=3874"}],"wp:term":[{"taxonomy":"category","embeddable":true,"href":"https:\/\/antes.cinemachile.cl\/en\/wp-json\/wp\/v2\/categories?post=3874"},{"taxonomy":"post_tag","embeddable":true,"href":"https:\/\/antes.cinemachile.cl\/en\/wp-json\/wp\/v2\/tags?post=3874"}],"curies":[{"name":"wp","href":"https:\/\/api.w.org\/{rel}","templated":true}]}}