{"id":3822,"date":"2020-02-27T14:35:17","date_gmt":"2020-02-27T18:35:17","guid":{"rendered":"https:\/\/antes.cinemachile.cl?p=3822"},"modified":"2020-03-16T14:22:55","modified_gmt":"2020-03-16T18:22:55","slug":"por-primera-vez-chile-es-seleccionado-en-el-cannes-series-2020","status":"publish","type":"post","link":"https:\/\/antes.cinemachile.cl\/en\/espanol-por-primera-vez-chile-es-seleccionado-en-el-cannes-series-2020\/","title":{"rendered":"For the first time, a Chilean series is selected in Cannes Series 2020"},"content":{"rendered":"<p>It was announced today that the co-production Dignity is one of the series selected in the European encounter Cannes Series 2020, which will take place from March 27th to April 1st in France. The series was produced by Invercine &amp; Wood (Chile) and Story House (Germany) and backed by the 2015 National Television Council (CNTV) grant. Created by Mar\u00eda Elena Wood and Patricio Pereira and directed by Julio Jorquera, it is inspired by the lawyer who uncovered the case of Colonia Dignidad in 1997 and was shot in Villa Baviera. Its cast includes German actor G\u00f6tz Otto as Paul Sch\u00e4fer, who has acted in films like Schindler\u2019s List and The Downfall. The co-production \u2014 which in Chile will be shown on Mega \u2014 is the first international original series by Joyn, the German OTT of Discovery and ProSiebenSat.1.<\/p>\n<p>Dignity figures as one of the nine international series selected in the event, where it will have its world premiere. According to Wood, \u201cThe story delves into the life of two siblings who have been separated for 20 years at the hand of Paul Sch\u00e4fer. They are reunited, and one of them, our protagonist, will do everything in his power to save his brother and catch Paul Sch\u00e4fer.\u201d<\/p>\n<p>Meanwhile, she commented on the development process of the series. \u201cThe investigation began with a team of investigators and writers who first took on everything that\u2019s published about the Colony as well as the processes of these cults, and also about the topic of perversity. How a perverse being organizes an entire world to satisfy his perversion, which is the case of Paul Sch\u00e4fer and Colonia Dignidad.\u201d She added, \u201cWe later had the opportunity to meet the lawyer Hern\u00e1n Fern\u00e1ndez, who is the true hero of this story. It was he who followed Paul Sch\u00e4fer for 10 years until he managed to put him in prison. He was the first person who managed to get an arrest warrant against Paul Sch\u00e4fer, and thanks to his work and investigation, 10 years after this first warrant and first raid on Colonia Dignidad, he found him along with journalist from the program \u2018Contacto\u2019, Carolina Fuentes, in Argentina. If it weren\u2019t for the work of Hern\u00e1n Fern\u00e1ndez, Paul Sch\u00e4fer would have died free. It was he who inspired us to tell this story that you all will see in the series.\u201d<\/p>\n<p>In recent days, the series was presented in Berlin in the space focused on television production, Series Market, which had five Chilean professionals as its main guests, representatives of our country\u2019s contemporary series, who will participate in Series Market Showcase. The Showcase is the opening event of the section, where CinemaChile will act as co-host, and which will be dedicated to the best series content as of late. There, it participated alongside Fabula, Parox, Tridi 3D Films, and Promocine. In October, 2019, Dignity participated in MIPCOM, the French event directed toward the television industry, becoming one of the high points of said event. The first episode was shown there before the industry and press.<\/p>\n<p>The objective of Cannes Series is to bring together the best talents in the field, discover new professionals, and create an international competition for series that encompass all genres and formats. It also seeks to promote and elevate series from all over the world and to become the voice of this modern, popular, and creative art. Extracting its energy from the heart of the world-renowned city of Cannes, the festival is carried out in parallel with MIPTV (The Global Content Market for the Future), an indispensable event for industry professionals.<\/p>\n<!-- AddThis Advanced Settings generic via filter on the_content --><!-- AddThis Share Buttons generic via filter on the_content -->","protected":false},"excerpt":{"rendered":"<p>It was announced today that the co-production Dignity is one of the series selected in the European encounter Cannes Series 2020, which will take place from March 27th to April 1st in France. The series was produced by Invercine &amp; Wood (Chile) and Story House (Germany) and backed by the 2015 National Television Council (CNTV) [&hellip;]<!-- AddThis Advanced Settings generic via filter on wp_trim_excerpt --><!-- AddThis Share Buttons generic via filter on wp_trim_excerpt --><\/p>\n","protected":false},"author":3,"featured_media":2979,"comment_status":"open","ping_status":"open","sticky":false,"template":"","format":"standard","meta":{"loftloader_page_shortcode":""},"categories":[1],"tags":[],"yoast_head":"<!-- This site is optimized with the Yoast SEO plugin v16.2 - https:\/\/yoast.com\/wordpress\/plugins\/seo\/ -->\n<title>For the first time, a Chilean series is selected in Cannes Series 2020 &raquo;<\/title>\n<meta name=\"description\" content=\"Dignidad es una serie de Invercine &amp; Wood (Chile) y Story House (Alemania) que estar\u00e1 presente en la competencia internacional del Cannes Series\" \/>\n<meta name=\"robots\" content=\"index, follow, max-snippet:-1, max-image-preview:large, max-video-preview:-1\" \/>\n<link rel=\"canonical\" href=\"https:\/\/antes.cinemachile.cl\/por-primera-vez-chile-es-seleccionado-en-el-cannes-series-2020\/\" \/>\n<meta property=\"og:locale\" content=\"en_US\" \/>\n<meta property=\"og:type\" content=\"article\" \/>\n<meta property=\"og:title\" content=\"[:es]Por primera vez una serie chilena es seleccionada en el Cannes Series 2020[:en]For the first time, a Chilean series is selected in Cannes Series 2020[:] &raquo;\" \/>\n<meta property=\"og:description\" content=\"Dignidad es una serie de Invercine &amp; Wood (Chile) y Story House (Alemania) que estar\u00e1 presente en la competencia internacional del Cannes Series\" \/>\n<meta property=\"og:url\" content=\"https:\/\/antes.cinemachile.cl\/por-primera-vez-chile-es-seleccionado-en-el-cannes-series-2020\/\" \/>\n<meta property=\"article:publisher\" content=\"https:\/\/www.facebook.com\/cinemachile\" \/>\n<meta property=\"article:published_time\" content=\"2020-02-27T18:35:17+00:00\" \/>\n<meta property=\"article:modified_time\" content=\"2020-03-16T18:22:55+00:00\" \/>\n<meta property=\"og:image\" content=\"https:\/\/cinemachile.cl\/wp-content\/uploads\/2019\/10\/Dignidad1.jpg\" \/>\n\t<meta property=\"og:image:width\" content=\"1748\" \/>\n\t<meta property=\"og:image:height\" content=\"1125\" \/>\n<meta name=\"twitter:card\" content=\"summary_large_image\" \/>\n<meta name=\"twitter:creator\" content=\"@cinemachile\" \/>\n<meta name=\"twitter:site\" content=\"@cinemachile\" \/>\n<meta name=\"twitter:label1\" content=\"Est. reading time\">\n\t<meta name=\"twitter:data1\" content=\"6 minutes\">\n<script type=\"application\/ld+json\" class=\"yoast-schema-graph\">{\"@context\":\"https:\/\/schema.org\",\"@graph\":[{\"@type\":\"Organization\",\"@id\":\"https:\/\/antes.cinemachile.cl\/#organization\",\"name\":\"CinemaChile\",\"url\":\"https:\/\/antes.cinemachile.cl\/\",\"sameAs\":[\"https:\/\/www.facebook.com\/cinemachile\",\"https:\/\/www.instagram.com\/cinemachile\/\",\"https:\/\/twitter.com\/cinemachile\"],\"logo\":{\"@type\":\"ImageObject\",\"@id\":\"https:\/\/antes.cinemachile.cl\/#logo\",\"inLanguage\":\"en-US\",\"url\":\"https:\/\/cinemachile.cl\/wp-content\/uploads\/2020\/06\/logo-cinema-gif.gif\",\"contentUrl\":\"https:\/\/cinemachile.cl\/wp-content\/uploads\/2020\/06\/logo-cinema-gif.gif\",\"width\":330,\"height\":150,\"caption\":\"CinemaChile\"},\"image\":{\"@id\":\"https:\/\/antes.cinemachile.cl\/#logo\"}},{\"@type\":\"WebSite\",\"@id\":\"https:\/\/antes.cinemachile.cl\/#website\",\"url\":\"https:\/\/antes.cinemachile.cl\/\",\"name\":\"\",\"description\":\"\",\"publisher\":{\"@id\":\"https:\/\/antes.cinemachile.cl\/#organization\"},\"potentialAction\":[{\"@type\":\"SearchAction\",\"target\":\"https:\/\/antes.cinemachile.cl\/?s={search_term_string}\",\"query-input\":\"required name=search_term_string\"}],\"inLanguage\":\"en-US\"},{\"@type\":\"ImageObject\",\"@id\":\"https:\/\/antes.cinemachile.cl\/por-primera-vez-chile-es-seleccionado-en-el-cannes-series-2020\/#primaryimage\",\"inLanguage\":\"en-US\",\"url\":\"https:\/\/antes.cinemachile.cl\/wp-content\/uploads\/2019\/10\/Dignidad1.jpg\",\"contentUrl\":\"https:\/\/antes.cinemachile.cl\/wp-content\/uploads\/2019\/10\/Dignidad1.jpg\",\"width\":1748,\"height\":1125,\"caption\":\"Dignidad, serie seleccionada en el Series Market 2020\"},{\"@type\":\"WebPage\",\"@id\":\"https:\/\/antes.cinemachile.cl\/por-primera-vez-chile-es-seleccionado-en-el-cannes-series-2020\/#webpage\",\"url\":\"https:\/\/antes.cinemachile.cl\/por-primera-vez-chile-es-seleccionado-en-el-cannes-series-2020\/\",\"name\":\"[:es]Por primera vez una serie chilena es seleccionada en el Cannes Series 2020[:en]For the first time, a Chilean series is selected in Cannes Series 2020[:] &raquo;\",\"isPartOf\":{\"@id\":\"https:\/\/antes.cinemachile.cl\/#website\"},\"primaryImageOfPage\":{\"@id\":\"https:\/\/antes.cinemachile.cl\/por-primera-vez-chile-es-seleccionado-en-el-cannes-series-2020\/#primaryimage\"},\"datePublished\":\"2020-02-27T18:35:17+00:00\",\"dateModified\":\"2020-03-16T18:22:55+00:00\",\"description\":\"Dignidad es una serie de Invercine & Wood (Chile) y Story House (Alemania) que estar\\u00e1 presente en la competencia internacional del Cannes Series\",\"breadcrumb\":{\"@id\":\"https:\/\/antes.cinemachile.cl\/por-primera-vez-chile-es-seleccionado-en-el-cannes-series-2020\/#breadcrumb\"},\"inLanguage\":\"en-US\",\"potentialAction\":[{\"@type\":\"ReadAction\",\"target\":[\"https:\/\/antes.cinemachile.cl\/por-primera-vez-chile-es-seleccionado-en-el-cannes-series-2020\/\"]}]},{\"@type\":\"BreadcrumbList\",\"@id\":\"https:\/\/antes.cinemachile.cl\/por-primera-vez-chile-es-seleccionado-en-el-cannes-series-2020\/#breadcrumb\",\"itemListElement\":[{\"@type\":\"ListItem\",\"position\":1,\"item\":{\"@type\":\"WebPage\",\"@id\":\"https:\/\/antes.cinemachile.cl\/\",\"url\":\"https:\/\/antes.cinemachile.cl\/\",\"name\":\"Portada\"}},{\"@type\":\"ListItem\",\"position\":2,\"item\":{\"@id\":\"https:\/\/antes.cinemachile.cl\/por-primera-vez-chile-es-seleccionado-en-el-cannes-series-2020\/#webpage\"}}]},{\"@type\":\"Article\",\"@id\":\"https:\/\/antes.cinemachile.cl\/por-primera-vez-chile-es-seleccionado-en-el-cannes-series-2020\/#article\",\"isPartOf\":{\"@id\":\"https:\/\/antes.cinemachile.cl\/por-primera-vez-chile-es-seleccionado-en-el-cannes-series-2020\/#webpage\"},\"author\":{\"@id\":\"https:\/\/antes.cinemachile.cl\/#\/schema\/person\/4d418e8c155e0e6c7f6824d46930c359\"},\"headline\":\"For the first time, a Chilean series is selected in Cannes Series 2020\",\"datePublished\":\"2020-02-27T18:35:17+00:00\",\"dateModified\":\"2020-03-16T18:22:55+00:00\",\"mainEntityOfPage\":{\"@id\":\"https:\/\/antes.cinemachile.cl\/por-primera-vez-chile-es-seleccionado-en-el-cannes-series-2020\/#webpage\"},\"commentCount\":0,\"publisher\":{\"@id\":\"https:\/\/antes.cinemachile.cl\/#organization\"},\"image\":{\"@id\":\"https:\/\/antes.cinemachile.cl\/por-primera-vez-chile-es-seleccionado-en-el-cannes-series-2020\/#primaryimage\"},\"articleSection\":[\"Sin categor\\u00eda\"],\"inLanguage\":\"en-US\",\"potentialAction\":[{\"@type\":\"CommentAction\",\"name\":\"Comment\",\"target\":[\"https:\/\/antes.cinemachile.cl\/por-primera-vez-chile-es-seleccionado-en-el-cannes-series-2020\/#respond\"]}]},{\"@type\":\"Person\",\"@id\":\"https:\/\/antes.cinemachile.cl\/#\/schema\/person\/4d418e8c155e0e6c7f6824d46930c359\",\"name\":\"Javi\",\"image\":{\"@type\":\"ImageObject\",\"@id\":\"https:\/\/antes.cinemachile.cl\/#personlogo\",\"inLanguage\":\"en-US\",\"url\":\"https:\/\/secure.gravatar.com\/avatar\/910b1edd78db85cb2357db80f6b4f20e?s=96&d=mm&r=g\",\"contentUrl\":\"https:\/\/secure.gravatar.com\/avatar\/910b1edd78db85cb2357db80f6b4f20e?s=96&d=mm&r=g\",\"caption\":\"Javi\"}}]}<\/script>\n<!-- \/ Yoast SEO plugin. -->","_links":{"self":[{"href":"https:\/\/antes.cinemachile.cl\/en\/wp-json\/wp\/v2\/posts\/3822"}],"collection":[{"href":"https:\/\/antes.cinemachile.cl\/en\/wp-json\/wp\/v2\/posts"}],"about":[{"href":"https:\/\/antes.cinemachile.cl\/en\/wp-json\/wp\/v2\/types\/post"}],"author":[{"embeddable":true,"href":"https:\/\/antes.cinemachile.cl\/en\/wp-json\/wp\/v2\/users\/3"}],"replies":[{"embeddable":true,"href":"https:\/\/antes.cinemachile.cl\/en\/wp-json\/wp\/v2\/comments?post=3822"}],"version-history":[{"count":8,"href":"https:\/\/antes.cinemachile.cl\/en\/wp-json\/wp\/v2\/posts\/3822\/revisions"}],"predecessor-version":[{"id":3871,"href":"https:\/\/antes.cinemachile.cl\/en\/wp-json\/wp\/v2\/posts\/3822\/revisions\/3871"}],"wp:featuredmedia":[{"embeddable":true,"href":"https:\/\/antes.cinemachile.cl\/en\/wp-json\/wp\/v2\/media\/2979"}],"wp:attachment":[{"href":"https:\/\/antes.cinemachile.cl\/en\/wp-json\/wp\/v2\/media?parent=3822"}],"wp:term":[{"taxonomy":"category","embeddable":true,"href":"https:\/\/antes.cinemachile.cl\/en\/wp-json\/wp\/v2\/categories?post=3822"},{"taxonomy":"post_tag","embeddable":true,"href":"https:\/\/antes.cinemachile.cl\/en\/wp-json\/wp\/v2\/tags?post=3822"}],"curies":[{"name":"wp","href":"https:\/\/api.w.org\/{rel}","templated":true}]}}