{"id":3593,"date":"2020-02-03T09:44:30","date_gmt":"2020-02-03T13:44:30","guid":{"rendered":"https:\/\/antes.cinemachile.cl?p=3593"},"modified":"2020-02-27T15:15:28","modified_gmt":"2020-02-27T19:15:28","slug":"chile-en-berlinale-2020","status":"publish","type":"post","link":"https:\/\/antes.cinemachile.cl\/en\/chile-prepares-for-its-protagonic-participation-in-the-european-film-market-at-the-berlinale\/","title":{"rendered":"Chile prepares for its participation as Country in Focus in the European Film Market of the Berlinale"},"content":{"rendered":"<p><b><i>&gt;&gt;&gt; Chile<\/i><\/b><b><i> will participate in various sections of the German encounter, the first big European market of the year, where our country will be represented by more than 70 film &amp; audiovisual professionals, who will arrive with new Chilean projects,\u00a0 films and series.<\/i><\/b><\/p>\n<p><b><i>&gt;&gt;&gt; The premiere of the film by Ra\u00fal Ruiz and Valeria Sarmiento, \u201cThe Tango of the Widower and its Distorting Mirror\u201d and the filmmaker Dominga Sotomayor as Jury of the first edition of the\u00a0 Encounters competition, puts a Chilean accent on the film festival, which will be celebrated from February 20th to March 1st.<\/i><\/b><\/p>\n<p><span style=\"font-weight: 400;\">Within two weeks, Chile will become the protagonist of the fourth edition of <\/span><b>\u201cCountry in Focus\u201d<\/b><span style=\"font-weight: 400;\"> in the <\/span><b>European Film Market (EFM)<\/b><span style=\"font-weight: 400;\">, the audiovisual market of the <\/span><b>Berlin Film Festival<\/b><span style=\"font-weight: 400;\">, which brings together producers, distributors, and film industry representatives from around the world. Our country will be the first in South America to form part of this special section, whose objective is to promote the cinema of a particular country, providing an excellent showcase for its films, series and talents. This initiative will also strengthen bilateral relations between Chilean and German cinema, given that the Audiovisual Co-Production Agreement signed by Chile and Germany is already in an advanced stage in Chile\u2019s congress, posed to enter into effect during 2020.<\/span><\/p>\n<p><span style=\"font-weight: 400;\">\u201cIt\u2019s no longer news for our audiovisual industry representatives to be protagonists at different international occasions, and Berlin won\u2019t be the exception. We\u2019ll arrive at the Berlinale with a considerable national committee, which will participate in different sections of the event, were Chilean projects will also have a privileged window as the European Film Market\u2019s Country in Focus. As the Ministry of Culture, we continue to assume the challenge of contributing to the necessary mechanisms so that our producers, directors, actors, and film workers can maintain the reputation they\u2019ve earned within and outside of Chile,\u201d emphasizes <\/span><b>Minister of Culture, Arts and Heritage, Consuelo Vald\u00e9s<\/b><span style=\"font-weight: 400;\">.<\/span><\/p>\n<p><span style=\"font-weight: 400;\">The <\/span><b>Berlin Film Festival<\/b><span style=\"font-weight: 400;\">, known as the <\/span><b>Berlinale<\/b><span style=\"font-weight: 400;\">, and the <\/span><b>EFM<\/b><span style=\"font-weight: 400;\"> have been key supporters of Chilean cinema in its path to internationalization and consolidation, premiering big productions and granting multiple recognitions in its industry spaces as well as its competitions, where Chile has obtained five <\/span><b>Silver Bears<\/b><span style=\"font-weight: 400;\"> and five <\/span><b>Teddy Awards<\/b><span style=\"font-weight: 400;\">, among other meaningful prizes.<\/span><\/p>\n<p><span style=\"font-weight: 400;\">\u201cChile\u2019s participation in the market has grown a lot due to the marvellous work of the industry and the quality of the films, but also because of Chilean cinema\u2019s energy, its big ideas, and its expansion in Latin America and Europe,\u201d comments <\/span><b>Matthijs Wouter Knol, director of EFM<\/b><span style=\"font-weight: 400;\">, during the announcement of Chile as the 2020 Country in Focus.\u00a0<\/span><\/p>\n<figure id=\"attachment_3472\" aria-describedby=\"caption-attachment-3472\" style=\"width: 410px\" class=\"wp-caption alignright\"><img loading=\"lazy\" class=\"wp-image-3472\" src=\"http:\/\/cinemachile.cl\/wp-content\/uploads\/2020\/01\/raul-ruiz-1-1024x512.jpg\" alt=\"\" width=\"410\" height=\"205\" srcset=\"https:\/\/antes.cinemachile.cl\/wp-content\/uploads\/2020\/01\/raul-ruiz-1.jpg 1024w, https:\/\/antes.cinemachile.cl\/wp-content\/uploads\/2020\/01\/raul-ruiz-1-300x150.jpg 300w, https:\/\/antes.cinemachile.cl\/wp-content\/uploads\/2020\/01\/raul-ruiz-1-768x384.jpg 768w\" sizes=\"(max-width: 410px) 100vw, 410px\" \/><figcaption id=\"caption-attachment-3472\" class=\"wp-caption-text\">Ra\u00fal Ruiz.<\/figcaption><\/figure>\n<p><span style=\"font-weight: 400;\">The important national presence in the festival this year is represented by two milestones: the premiere of <\/span><b><i>The Tango of the Widower and its Distorting Mirror<\/i><\/b><span style=\"font-weight: 400;\">, feature film filmed by <\/span><b>Ra\u00fal Ruiz<\/b><span style=\"font-weight: 400;\"> in 1967 in Chile and concluded recently by his partner and filmmaker in her own right, <\/span><b>Valeria Sarmiento,<\/b><span style=\"font-weight: 400;\"> along with production company <\/span><b>Poetastros<\/b><span style=\"font-weight: 400;\">. It will be the opening film of the <\/span><b>Forum<\/b><span style=\"font-weight: 400;\"> section at the Berlinale, one of the event\u2019s most important categories, dedicated to experimental and contemporary works. In addition to this milestone is the participation of director <\/span><b>Dominga Sotomayor<\/b><span style=\"font-weight: 400;\">, who will form part of the jury in the first edition of the\u00a0 \u201cEncounters\u201d competition, dedicated to new visions in cinema.<\/span><\/p>\n<p><span style=\"font-weight: 400;\">Meanwhile, with the support of the <\/span><b>Ministry of Culture, Arts and Heritage<\/b><span style=\"font-weight: 400;\">, <\/span><b>ProChile<\/b><span style=\"font-weight: 400;\"> and subsidiary brands <\/span><b>CinemaChile<\/b><span style=\"font-weight: 400;\"> and <\/span><b>Chiledoc<\/b><span style=\"font-weight: 400;\">, along with <\/span><b>Corfo<\/b><span style=\"font-weight: 400;\"> and the <\/span><b>Direction of Cultural Affairs (Dirac)<\/b><span style=\"font-weight: 400;\"> of the <\/span><b>Ministry of Foreign Affairs<\/b><span style=\"font-weight: 400;\">, Chile\u2019s cinema and independent television production will shine in the EFM, being present in multiple specialized sections. It is worth mentioning that the <\/span><b>Ministry of Finance, SERNATUR<\/b><span style=\"font-weight: 400;\">, and <\/span><b>Fundaci\u00f3n Imagen de Chile<\/b><span style=\"font-weight: 400;\"> have also collaborated in this instance.<\/span><\/p>\n<p><b>CHILEAN TALENT AT ENCOUNTERS, PROJECTIONS, AND TALKS IN THE EFM<\/b><\/p>\n<figure id=\"attachment_3596\" aria-describedby=\"caption-attachment-3596\" style=\"width: 529px\" class=\"wp-caption alignleft\"><img loading=\"lazy\" class=\"wp-image-3596\" src=\"http:\/\/cinemachile.cl\/wp-content\/uploads\/2020\/02\/LA_FELICIDAD_LARGOMETRAJE.jpg\" alt=\"\" width=\"529\" height=\"312\" srcset=\"https:\/\/antes.cinemachile.cl\/wp-content\/uploads\/2020\/02\/LA_FELICIDAD_LARGOMETRAJE.jpg 1004w, https:\/\/antes.cinemachile.cl\/wp-content\/uploads\/2020\/02\/LA_FELICIDAD_LARGOMETRAJE-300x177.jpg 300w, https:\/\/antes.cinemachile.cl\/wp-content\/uploads\/2020\/02\/LA_FELICIDAD_LARGOMETRAJE-768x452.jpg 768w\" sizes=\"(max-width: 529px) 100vw, 529px\" \/><figcaption id=\"caption-attachment-3596\" class=\"wp-caption-text\">&#8220;La felicidad&#8221;<\/figcaption><\/figure>\n<p><span style=\"font-weight: 400;\">One of the Chilean projects that will get people talking this year in Berlin is the second film by director <\/span><b>Pepa San Mart\u00edn<\/b><span style=\"font-weight: 400;\">, who will land in Berlin after having been selected in the <\/span><b>Co-Production Market<\/b><span style=\"font-weight: 400;\"> with the film in development <\/span><b><i>Happiness<\/i><\/b><span style=\"font-weight: 400;\">. San Mart\u00edn returns after having been awarded in 2016 for her first feature <\/span><b><i>Rara<\/i><\/b><span style=\"font-weight: 400;\">, during its premiere at the Berlinale. Now, with <\/span><b><i>Happiness<\/i><\/b><span style=\"font-weight: 400;\">, produced by <\/span><b>Macarena L\u00f3pez<\/b><span style=\"font-weight: 400;\"> at <\/span><b>Manufactura de Pel\u00edculas<\/b><span style=\"font-weight: 400;\"> (Chile), along with <\/span><b>Aleph Cine<\/b><span style=\"font-weight: 400;\"> (Argentina), the director will portray the bond between two older women amid adversity, boasting leading roles by <\/span><b>Paulina Garc\u00eda<\/b><span style=\"font-weight: 400;\"> from Chile and <\/span><b>Mercedes Mor\u00e1n<\/b><span style=\"font-weight: 400;\"> from Argentina.<\/span><\/p>\n<p><span style=\"font-weight: 400;\">In the <\/span><b>Talents<\/b><span style=\"font-weight: 400;\"> section, the talent-development program at the Berlin Film Fest, three young Chileans were selected and will travel with the support of <\/span><b>Dirac<\/b><span style=\"font-weight: 400;\">: director-screenwriter <\/span><b>Camila Jos\u00e9 Donoso<\/b><span style=\"font-weight: 400;\">, producer <\/span><b>Alba Gaviraghi<\/b><span style=\"font-weight: 400;\">, and art director <\/span><b>Nicol\u00e1s Oyarce<\/b><span style=\"font-weight: 400;\">. In addition, Chilean producer of the company Oro Films, <\/span><b>Dominga Ort\u00fazar<\/b><span style=\"font-weight: 400;\">, was invited as a jury member for <\/span><b>Talents Footprints<\/b><span style=\"font-weight: 400;\"> after having participated in <\/span><b>Talents<\/b><span style=\"font-weight: 400;\"> last year.<\/span><\/p>\n<figure id=\"attachment_3542\" aria-describedby=\"caption-attachment-3542\" style=\"width: 569px\" class=\"wp-caption aligncenter\"><img loading=\"lazy\" class=\"wp-image-3542\" src=\"http:\/\/cinemachile.cl\/wp-content\/uploads\/2020\/01\/berlinale-talents-2020-1024x428.jpg\" alt=\"\" width=\"569\" height=\"238\" srcset=\"https:\/\/antes.cinemachile.cl\/wp-content\/uploads\/2020\/01\/berlinale-talents-2020-1024x428.jpg 1024w, https:\/\/antes.cinemachile.cl\/wp-content\/uploads\/2020\/01\/berlinale-talents-2020-300x125.jpg 300w, https:\/\/antes.cinemachile.cl\/wp-content\/uploads\/2020\/01\/berlinale-talents-2020-768x321.jpg 768w, https:\/\/antes.cinemachile.cl\/wp-content\/uploads\/2020\/01\/berlinale-talents-2020.jpg 1166w\" sizes=\"(max-width: 569px) 100vw, 569px\" \/><figcaption id=\"caption-attachment-3542\" class=\"wp-caption-text\">De izq. a der.: Camila Jos\u00e9 Donoso, Alba Gaviraghi y Nicol\u00e1s Oyarce<\/figcaption><\/figure>\n<p>&nbsp;<\/p>\n<p><span style=\"font-weight: 400;\">Documentary cinema will make a strong presence at the event with five female filmmakers: <\/span><b>Carola Fuentes, Joanna Reposi, Tiziana Panizza, Carolina Adriazola<\/b><span style=\"font-weight: 400;\">, and <\/span><b>Karin Cuyul<\/b><span style=\"font-weight: 400;\">, who will arrive at <\/span><b>DocSalon<\/b><span style=\"font-weight: 400;\"> accompanied by documentary subsidiary brand <\/span><b>ChileDoc<\/b><span style=\"font-weight: 400;\">. This space at EFM promotes networking and exchange among documentary buyers, sellers, directors, and producers.<\/span><\/p>\n<figure id=\"attachment_3595\" aria-describedby=\"caption-attachment-3595\" style=\"width: 487px\" class=\"wp-caption alignright\"><img loading=\"lazy\" class=\"wp-image-3595 \" src=\"http:\/\/cinemachile.cl\/wp-content\/uploads\/2020\/02\/BERKO-1024x576.jpg\" alt=\"\" width=\"487\" height=\"274\" srcset=\"https:\/\/antes.cinemachile.cl\/wp-content\/uploads\/2020\/02\/BERKO-1024x576.jpg 1024w, https:\/\/antes.cinemachile.cl\/wp-content\/uploads\/2020\/02\/BERKO-300x169.jpg 300w, https:\/\/antes.cinemachile.cl\/wp-content\/uploads\/2020\/02\/BERKO-768x432.jpg 768w, https:\/\/antes.cinemachile.cl\/wp-content\/uploads\/2020\/02\/BERKO.jpg 1920w\" sizes=\"(max-width: 487px) 100vw, 487px\" \/><figcaption id=\"caption-attachment-3595\" class=\"wp-caption-text\">&#8220;Berko, las armas de Pinochet&#8221;<\/figcaption><\/figure>\n<p><span style=\"font-weight: 400;\">This year, Chile will be the host of two important activities within DocSalon: <\/span><b>DocLunch<\/b><span style=\"font-weight: 400;\">, a lunch that gathers audiovisual area representatives and experts with documentary filmmakers in a warmer and more relaxed atmosphere; and <\/span><b>SalonTalk<\/b><span style=\"font-weight: 400;\">, which this year carries the title <\/span><b>\u201cCollaboration vs. Competition: A look at the Chilean documentary Industry and its collective and associative approach to international marketing and distribution\u201d<\/b><span style=\"font-weight: 400;\">, a panel that will be<\/span><span style=\"font-weight: 400;\"> made up by Joann<\/span><span style=\"font-weight: 400;\">a Reposi, Paola Castillo, and Carola Fuentes, who will talk about the importance of partnerships for the commercialization and distribution of productions on the international audiovisual market.<\/span><\/p>\n<p><span style=\"font-weight: 400;\">Furthermore, the main guests of the space dedicated to television production, <\/span><b>Series Market,<\/b><span style=\"font-weight: 400;\"> will be five Chilean professionals, representatives of our country\u2019s contemporary series, who will participate in a showcase dedicated to the best and most recent series content. The production houses selected for this occasion are <\/span><b>Fabula<\/b><span style=\"font-weight: 400;\"> with the series <\/span><b><i>The Pack<\/i><\/b><span style=\"font-weight: 400;\">; <\/span><b>Invercine&amp;Wood<\/b><span style=\"font-weight: 400;\"> with <em><strong>Dignity<\/strong><\/em><\/span><span style=\"font-weight: 400;\">; <\/span><b>Parox<\/b><span style=\"font-weight: 400;\"> and its <\/span><span style=\"font-weight: 400;\">production <\/span><b><i>Invisible Heroes<\/i><\/b><span style=\"font-weight: 400;\">; the Emmy-winning mini-series <\/span><b><i>The suspended mourning<\/i><\/b><span style=\"font-weight: 400;\">; and <\/span><b>Promocine<\/b><span style=\"font-weight: 400;\"> with the project <\/span><b><i>Berko, las armas de Pinochet<\/i><\/b><span style=\"font-weight: 400;\">.<\/span><\/p>\n<p><span style=\"font-weight: 400;\">Indigenous voices in Chilean cinema are reshaping the dominant narrative. By exploring questions of resistance, identity and solidarity, these films are empowering audiences This force is not only seen in the thematic elements of these creative works, but also in the ethics of how they are produced. To delve deeply into this subject, Chile Country in Focus is organizing a panel, supported by the EFM, featuring the insights, experiences and perspectives of two leading Chilean filmmakers: <\/span><span style=\"font-weight: 400;\">the<strong> Mapuche director Claudia Huaiquimilla\u00a0 (<\/strong><\/span><strong><i>Mala Junta<\/i>), and the Rapa Nui director Leo Pakarati (<i>Te kuhane o Te Tupuna<\/i>).<\/strong><\/p>\n<p><span style=\"font-weight: 400;\">In the coming days, the festival will announce the names of the Chilean professionals to headline other outstanding showcases dedicated to Chile: <strong>the Producers Hub encounter and the Visitor\u2019s Program of the Coproduction Market.<\/strong><\/span><\/p>\n<p><span style=\"font-weight: 400;\">In addition, our country will be the co-host of the EFM reception, an event to be run by ProChile, the institution that has backed local companies\u2019 presence at this festival since 2007 in the context of a complete Chilean audiovisual sector support strategy. This strategy has included the development of two subsidiary brands, and has provided both programs to promote export and commercial offices to continue the work of internationalizing the industry following every festival and audiovisual market.<\/span><\/p>\n<p><b>A NUMEROUS DELEGATION OF PROFESSIONALS<\/b><\/p>\n<p><span style=\"font-weight: 400;\">Internationalization and new co-production deals for each film or television series do not only depend on economic matters, but also on strengthening networks and on Chilean professionals deepening their personal relationships with foreign peers. This implies constant participation at each big encounter, backed consistently by multiple national entities such as <\/span><b>MinCAP<\/b><span style=\"font-weight: 400;\">, through the <\/span><b>Council of Art and the Audiovisual Industry<\/b><span style=\"font-weight: 400;\">\u2019s<\/span><b> (CAIA)<\/b><span style=\"font-weight: 400;\"> International Market Attendance Program, or <\/span><b>CORFO<\/b><span style=\"font-weight: 400;\">, who at this opportunity, valuing the great platform provided by Chile being the Country in Focus, has strengthened national presence through its grant called \u201cAttendance at International Market Events\u201d, which prioritizes proposals like EFM among their market circuit. The result of both support programs\u00a0 will allow representatives from 13 national production houses to travel to this encounter in order to strengthen the commercialization and distribution of their audiovisual works, as well as their partnership networks, strengthening the Chilean audiovisual industry in the context of the international market. Joining them it will be more than 30 professionals, from producers to directors and national festival programmers, counting on with the big stand that Chile will have in EFM, run by <\/span><b>CinemaChile<\/b><span style=\"font-weight: 400;\"> and <\/span><b>ProChile Germany.<\/b><\/p>\n<p><span style=\"font-weight: 400;\">EFM will take place from February 20 to 28, 2020, during the 70th annual Berlin International Film Festival.<\/span><\/p>\n<p>&nbsp;<\/p>\n<p><span style=\"font-weight: 400;\">\u00a0<\/span><\/p>\n<!-- AddThis Advanced Settings generic via filter on the_content --><!-- AddThis Share Buttons generic via filter on the_content -->","protected":false},"excerpt":{"rendered":"<p>&gt;&gt;&gt; Chile will participate in various sections of the German encounter, the first big European market of the year, where our country will be represented by more than 70 film &amp; audiovisual professionals, who will arrive with new Chilean projects,\u00a0 films and series. &gt;&gt;&gt; The premiere of the film by Ra\u00fal Ruiz and Valeria Sarmiento, [&hellip;]<!-- AddThis Advanced Settings generic via filter on wp_trim_excerpt --><!-- AddThis Share Buttons generic via filter on wp_trim_excerpt --><\/p>\n","protected":false},"author":4,"featured_media":3594,"comment_status":"open","ping_status":"open","sticky":false,"template":"","format":"standard","meta":{"loftloader_page_shortcode":""},"categories":[1],"tags":[],"yoast_head":"<!-- This site is optimized with the Yoast SEO plugin v16.2 - https:\/\/yoast.com\/wordpress\/plugins\/seo\/ -->\n<title>Chile prepares for its participation as Country in Focus in the European Film Market of the Berlinale &raquo;<\/title>\n<meta name=\"description\" content=\"Presente en todas las secciones del European Film Market, Chile dir\u00e1 presente con m\u00e1s de 70 profesionales quienes llevar\u00e1n lo mejor del cine y las series\" \/>\n<meta name=\"robots\" content=\"index, follow, max-snippet:-1, max-image-preview:large, max-video-preview:-1\" \/>\n<link rel=\"canonical\" href=\"https:\/\/antes.cinemachile.cl\/?p=3593\" \/>\n<meta property=\"og:locale\" content=\"en_US\" \/>\n<meta property=\"og:type\" content=\"article\" \/>\n<meta property=\"og:title\" content=\"[:es]Chile alista protag\u00f3nica participaci\u00f3n en el European Film Market del Festival de Cine de Berl\u00edn[:en]Chile prepares for its participation as Country in Focus in the European Film Market of the Berlinale[:] &raquo;\" \/>\n<meta property=\"og:description\" content=\"Presente en todas las secciones del European Film Market, Chile dir\u00e1 presente con m\u00e1s de 70 profesionales quienes llevar\u00e1n lo mejor del cine y las series\" \/>\n<meta property=\"og:url\" content=\"https:\/\/antes.cinemachile.cl\/?p=3593\" \/>\n<meta property=\"article:publisher\" content=\"https:\/\/www.facebook.com\/cinemachile\" \/>\n<meta property=\"article:published_time\" content=\"2020-02-03T13:44:30+00:00\" \/>\n<meta property=\"article:modified_time\" content=\"2020-02-27T19:15:28+00:00\" \/>\n<meta property=\"og:image\" content=\"https:\/\/antes.cinemachile.cl\/wp-content\/uploads\/2020\/02\/banner-countryfocus-web-03.jpg\" \/>\n\t<meta property=\"og:image:width\" content=\"1921\" \/>\n\t<meta property=\"og:image:height\" content=\"801\" \/>\n<meta name=\"twitter:card\" content=\"summary_large_image\" \/>\n<meta name=\"twitter:creator\" content=\"@cinemachile\" \/>\n<meta name=\"twitter:site\" content=\"@cinemachile\" \/>\n<meta name=\"twitter:label1\" content=\"Est. reading time\">\n\t<meta name=\"twitter:data1\" content=\"16 minutes\">\n<script type=\"application\/ld+json\" class=\"yoast-schema-graph\">{\"@context\":\"https:\/\/schema.org\",\"@graph\":[{\"@type\":\"Organization\",\"@id\":\"https:\/\/antes.cinemachile.cl\/#organization\",\"name\":\"CinemaChile\",\"url\":\"https:\/\/antes.cinemachile.cl\/\",\"sameAs\":[\"https:\/\/www.facebook.com\/cinemachile\",\"https:\/\/www.instagram.com\/cinemachile\/\",\"https:\/\/twitter.com\/cinemachile\"],\"logo\":{\"@type\":\"ImageObject\",\"@id\":\"https:\/\/antes.cinemachile.cl\/#logo\",\"inLanguage\":\"en-US\",\"url\":\"https:\/\/cinemachile.cl\/wp-content\/uploads\/2020\/06\/logo-cinema-gif.gif\",\"contentUrl\":\"https:\/\/cinemachile.cl\/wp-content\/uploads\/2020\/06\/logo-cinema-gif.gif\",\"width\":330,\"height\":150,\"caption\":\"CinemaChile\"},\"image\":{\"@id\":\"https:\/\/antes.cinemachile.cl\/#logo\"}},{\"@type\":\"WebSite\",\"@id\":\"https:\/\/antes.cinemachile.cl\/#website\",\"url\":\"https:\/\/antes.cinemachile.cl\/\",\"name\":\"\",\"description\":\"\",\"publisher\":{\"@id\":\"https:\/\/antes.cinemachile.cl\/#organization\"},\"potentialAction\":[{\"@type\":\"SearchAction\",\"target\":\"https:\/\/antes.cinemachile.cl\/?s={search_term_string}\",\"query-input\":\"required name=search_term_string\"}],\"inLanguage\":\"en-US\"},{\"@type\":\"ImageObject\",\"@id\":\"https:\/\/antes.cinemachile.cl\/?p=3593#primaryimage\",\"inLanguage\":\"en-US\",\"url\":\"https:\/\/antes.cinemachile.cl\/wp-content\/uploads\/2020\/02\/banner-countryfocus-web-03.jpg\",\"contentUrl\":\"https:\/\/antes.cinemachile.cl\/wp-content\/uploads\/2020\/02\/banner-countryfocus-web-03.jpg\",\"width\":1921,\"height\":801},{\"@type\":\"WebPage\",\"@id\":\"https:\/\/antes.cinemachile.cl\/?p=3593#webpage\",\"url\":\"https:\/\/antes.cinemachile.cl\/?p=3593\",\"name\":\"[:es]Chile alista protag\\u00f3nica participaci\\u00f3n en el European Film Market del Festival de Cine de Berl\\u00edn[:en]Chile prepares for its participation as Country in Focus in the European Film Market of the Berlinale[:] &raquo;\",\"isPartOf\":{\"@id\":\"https:\/\/antes.cinemachile.cl\/#website\"},\"primaryImageOfPage\":{\"@id\":\"https:\/\/antes.cinemachile.cl\/?p=3593#primaryimage\"},\"datePublished\":\"2020-02-03T13:44:30+00:00\",\"dateModified\":\"2020-02-27T19:15:28+00:00\",\"description\":\"Presente en todas las secciones del European Film Market, Chile dir\\u00e1 presente con m\\u00e1s de 70 profesionales quienes llevar\\u00e1n lo mejor del cine y las series\",\"breadcrumb\":{\"@id\":\"https:\/\/antes.cinemachile.cl\/?p=3593#breadcrumb\"},\"inLanguage\":\"en-US\",\"potentialAction\":[{\"@type\":\"ReadAction\",\"target\":[\"https:\/\/antes.cinemachile.cl\/?p=3593\"]}]},{\"@type\":\"BreadcrumbList\",\"@id\":\"https:\/\/antes.cinemachile.cl\/?p=3593#breadcrumb\",\"itemListElement\":[{\"@type\":\"ListItem\",\"position\":1,\"item\":{\"@type\":\"WebPage\",\"@id\":\"https:\/\/antes.cinemachile.cl\/\",\"url\":\"https:\/\/antes.cinemachile.cl\/\",\"name\":\"Portada\"}},{\"@type\":\"ListItem\",\"position\":2,\"item\":{\"@id\":\"https:\/\/antes.cinemachile.cl\/?p=3593#webpage\"}}]},{\"@type\":\"Article\",\"@id\":\"https:\/\/antes.cinemachile.cl\/?p=3593#article\",\"isPartOf\":{\"@id\":\"https:\/\/antes.cinemachile.cl\/?p=3593#webpage\"},\"author\":{\"@id\":\"https:\/\/antes.cinemachile.cl\/#\/schema\/person\/ee02b79f2dae650098562382a24d21d1\"},\"headline\":\"Chile prepares for its participation as Country in Focus in the European Film Market of the Berlinale\",\"datePublished\":\"2020-02-03T13:44:30+00:00\",\"dateModified\":\"2020-02-27T19:15:28+00:00\",\"mainEntityOfPage\":{\"@id\":\"https:\/\/antes.cinemachile.cl\/?p=3593#webpage\"},\"commentCount\":0,\"publisher\":{\"@id\":\"https:\/\/antes.cinemachile.cl\/#organization\"},\"image\":{\"@id\":\"https:\/\/antes.cinemachile.cl\/?p=3593#primaryimage\"},\"articleSection\":[\"Sin categor\\u00eda\"],\"inLanguage\":\"en-US\",\"potentialAction\":[{\"@type\":\"CommentAction\",\"name\":\"Comment\",\"target\":[\"https:\/\/antes.cinemachile.cl\/?p=3593#respond\"]}]},{\"@type\":\"Person\",\"@id\":\"https:\/\/antes.cinemachile.cl\/#\/schema\/person\/ee02b79f2dae650098562382a24d21d1\",\"name\":\"Prensa CinemaChile\",\"image\":{\"@type\":\"ImageObject\",\"@id\":\"https:\/\/antes.cinemachile.cl\/#personlogo\",\"inLanguage\":\"en-US\",\"url\":\"https:\/\/secure.gravatar.com\/avatar\/b3ccb455f578dd97b84c14103abb9dcb?s=96&d=mm&r=g\",\"contentUrl\":\"https:\/\/secure.gravatar.com\/avatar\/b3ccb455f578dd97b84c14103abb9dcb?s=96&d=mm&r=g\",\"caption\":\"Prensa CinemaChile\"}}]}<\/script>\n<!-- \/ Yoast SEO plugin. -->","_links":{"self":[{"href":"https:\/\/antes.cinemachile.cl\/en\/wp-json\/wp\/v2\/posts\/3593"}],"collection":[{"href":"https:\/\/antes.cinemachile.cl\/en\/wp-json\/wp\/v2\/posts"}],"about":[{"href":"https:\/\/antes.cinemachile.cl\/en\/wp-json\/wp\/v2\/types\/post"}],"author":[{"embeddable":true,"href":"https:\/\/antes.cinemachile.cl\/en\/wp-json\/wp\/v2\/users\/4"}],"replies":[{"embeddable":true,"href":"https:\/\/antes.cinemachile.cl\/en\/wp-json\/wp\/v2\/comments?post=3593"}],"version-history":[{"count":11,"href":"https:\/\/antes.cinemachile.cl\/en\/wp-json\/wp\/v2\/posts\/3593\/revisions"}],"predecessor-version":[{"id":11241,"href":"https:\/\/antes.cinemachile.cl\/en\/wp-json\/wp\/v2\/posts\/3593\/revisions\/11241"}],"wp:featuredmedia":[{"embeddable":true,"href":"https:\/\/antes.cinemachile.cl\/en\/wp-json\/wp\/v2\/media\/3594"}],"wp:attachment":[{"href":"https:\/\/antes.cinemachile.cl\/en\/wp-json\/wp\/v2\/media?parent=3593"}],"wp:term":[{"taxonomy":"category","embeddable":true,"href":"https:\/\/antes.cinemachile.cl\/en\/wp-json\/wp\/v2\/categories?post=3593"},{"taxonomy":"post_tag","embeddable":true,"href":"https:\/\/antes.cinemachile.cl\/en\/wp-json\/wp\/v2\/tags?post=3593"}],"curies":[{"name":"wp","href":"https:\/\/api.w.org\/{rel}","templated":true}]}}