{"id":3480,"date":"2020-01-24T17:26:20","date_gmt":"2020-01-24T21:26:20","guid":{"rendered":"https:\/\/antes.cinemachile.cl?p=3480"},"modified":"2020-02-03T09:44:54","modified_gmt":"2020-02-03T13:44:54","slug":"amazon-prime-anuncia-estreno-de-la-jauria-y-nuevas-producciones-chilenas","status":"publish","type":"post","link":"https:\/\/antes.cinemachile.cl\/en\/espanol-amazon-prime-anuncia-estreno-de-la-jauria-y-nuevas-producciones-chilenas\/","title":{"rendered":"Amazon Prime announces the release of \u201cLa Jaur\u00eda\u201d and new Chilean productions"},"content":{"rendered":"<p>Amazon Prime Video, one of today\u2019s most important streaming platforms, communicated the premiere of new original Latin American series, among which national creations are highlighted. La Jaur\u00eda (\u201cThe Pack\u201d), a series produced in 2019 by F\u00e1bula, was presented as the service\u2019s first title from Chile, following interest by several companies in the rights to this series.<\/p>\n<p>Directed by Luc\u00eda Puenzo and starring Antonia Zegers, Daniela Vega, Mar\u00eda Gracia Omegna, and Alberto Guerra, La Jaur\u00eda is one of the television productions featured in the 2019-2020 CinemaChile TV catalogue.<\/p>\n<p>The production, divided into eight episodes, centers its narrative on a group of students that take over their school in protest after a sex abuse scandal that implicates one of its teachers. During the occupation, Blanca Ibarra \u2014 the leader of the protests \u2014 disappears. Hours later, a video of a girl being gang raped by a group of masked men goes viral. The only clue the police have is that all of the attackers belong to the same Whatsapp group, known as \u201cThe Pack\u201d. With Blanca\u2019s destiny unknown, her rapists still free, and ever more public protests against the crime, an investigative police team will take on the most difficult case of their careers.<\/p>\n<p>Meanwhile, filmmaker Andr\u00e9s Wood, who recently premiered his new film Spider, and who, on January 25th will compete alongside other films at the Goya Awards, will be the director of the first adaptation of the book \u201cNews of a Kidnapping\u201d by Colombian author Gabriel Garc\u00eda M\u00e1rquez. It is a six-episode production that boasts the executive production of Rodrigo Garc\u00eda, son of the writer, along with Mar\u00eda Elena Wood at Invercine&amp;Wood, and Stuart Ford at AGC Television.<\/p>\n<!-- AddThis Advanced Settings generic via filter on the_content --><!-- AddThis Share Buttons generic via filter on the_content -->","protected":false},"excerpt":{"rendered":"<p>Amazon Prime Video, one of today\u2019s most important streaming platforms, communicated the premiere of new original Latin American series, among which national creations are highlighted. La Jaur\u00eda (\u201cThe Pack\u201d), a series produced in 2019 by F\u00e1bula, was presented as the service\u2019s first title from Chile, following interest by several companies in the rights to this [&hellip;]<!-- AddThis Advanced Settings generic via filter on wp_trim_excerpt --><!-- AddThis Share Buttons generic via filter on wp_trim_excerpt --><\/p>\n","protected":false},"author":3,"featured_media":2503,"comment_status":"open","ping_status":"open","sticky":false,"template":"","format":"standard","meta":{"loftloader_page_shortcode":""},"categories":[1],"tags":[],"yoast_head":"<!-- This site is optimized with the Yoast SEO plugin v16.2 - https:\/\/yoast.com\/wordpress\/plugins\/seo\/ -->\n<title>Amazon Prime announces the release of \u201cLa Jaur\u00eda\u201d and new Chilean productions &raquo;<\/title>\n<meta name=\"robots\" content=\"index, follow, max-snippet:-1, max-image-preview:large, max-video-preview:-1\" \/>\n<link rel=\"canonical\" href=\"https:\/\/antes.cinemachile.cl\/?p=3480\" \/>\n<meta property=\"og:locale\" content=\"en_US\" \/>\n<meta property=\"og:type\" content=\"article\" \/>\n<meta property=\"og:title\" content=\"[:es]Amazon Prime anuncia estreno de \u201cLa Jaur\u00eda\u201d y nuevas producciones chilenas[:en]Amazon Prime announces the release of \u201cLa Jaur\u00eda\u201d and new Chilean productions[:] &raquo;\" \/>\n<meta property=\"og:description\" content=\"Amazon Prime Video, one of today\u2019s most important streaming platforms, communicated the premiere of new original Latin American series, among which national creations are highlighted. La Jaur\u00eda (\u201cThe Pack\u201d), a series produced in 2019 by F\u00e1bula, was presented as the service\u2019s first title from Chile, following interest by several companies in the rights to this [&hellip;]\" \/>\n<meta property=\"og:url\" content=\"https:\/\/antes.cinemachile.cl\/?p=3480\" \/>\n<meta property=\"article:publisher\" content=\"https:\/\/www.facebook.com\/cinemachile\" \/>\n<meta property=\"article:published_time\" content=\"2020-01-24T21:26:20+00:00\" \/>\n<meta property=\"article:modified_time\" content=\"2020-02-03T13:44:54+00:00\" \/>\n<meta property=\"og:image\" content=\"https:\/\/antes.cinemachile.cl\/wp-content\/uploads\/2019\/08\/sl_jauria.jpg\" \/>\n\t<meta property=\"og:image:width\" content=\"1980\" \/>\n\t<meta property=\"og:image:height\" content=\"800\" \/>\n<meta name=\"twitter:card\" content=\"summary_large_image\" \/>\n<meta name=\"twitter:creator\" content=\"@cinemachile\" \/>\n<meta name=\"twitter:site\" content=\"@cinemachile\" \/>\n<meta name=\"twitter:label1\" content=\"Est. reading time\">\n\t<meta name=\"twitter:data1\" content=\"2 minutes\">\n<script type=\"application\/ld+json\" class=\"yoast-schema-graph\">{\"@context\":\"https:\/\/schema.org\",\"@graph\":[{\"@type\":\"Organization\",\"@id\":\"https:\/\/antes.cinemachile.cl\/#organization\",\"name\":\"CinemaChile\",\"url\":\"https:\/\/antes.cinemachile.cl\/\",\"sameAs\":[\"https:\/\/www.facebook.com\/cinemachile\",\"https:\/\/www.instagram.com\/cinemachile\/\",\"https:\/\/twitter.com\/cinemachile\"],\"logo\":{\"@type\":\"ImageObject\",\"@id\":\"https:\/\/antes.cinemachile.cl\/#logo\",\"inLanguage\":\"en-US\",\"url\":\"https:\/\/cinemachile.cl\/wp-content\/uploads\/2020\/06\/logo-cinema-gif.gif\",\"contentUrl\":\"https:\/\/cinemachile.cl\/wp-content\/uploads\/2020\/06\/logo-cinema-gif.gif\",\"width\":330,\"height\":150,\"caption\":\"CinemaChile\"},\"image\":{\"@id\":\"https:\/\/antes.cinemachile.cl\/#logo\"}},{\"@type\":\"WebSite\",\"@id\":\"https:\/\/antes.cinemachile.cl\/#website\",\"url\":\"https:\/\/antes.cinemachile.cl\/\",\"name\":\"\",\"description\":\"\",\"publisher\":{\"@id\":\"https:\/\/antes.cinemachile.cl\/#organization\"},\"potentialAction\":[{\"@type\":\"SearchAction\",\"target\":\"https:\/\/antes.cinemachile.cl\/?s={search_term_string}\",\"query-input\":\"required name=search_term_string\"}],\"inLanguage\":\"en-US\"},{\"@type\":\"ImageObject\",\"@id\":\"https:\/\/antes.cinemachile.cl\/?p=3480#primaryimage\",\"inLanguage\":\"en-US\",\"url\":\"https:\/\/antes.cinemachile.cl\/wp-content\/uploads\/2019\/08\/sl_jauria.jpg\",\"contentUrl\":\"https:\/\/antes.cinemachile.cl\/wp-content\/uploads\/2019\/08\/sl_jauria.jpg\",\"width\":1980,\"height\":800,\"caption\":\"La Jaur\\u00eda\"},{\"@type\":\"WebPage\",\"@id\":\"https:\/\/antes.cinemachile.cl\/?p=3480#webpage\",\"url\":\"https:\/\/antes.cinemachile.cl\/?p=3480\",\"name\":\"[:es]Amazon Prime anuncia estreno de \\u201cLa Jaur\\u00eda\\u201d y nuevas producciones chilenas[:en]Amazon Prime announces the release of \\u201cLa Jaur\\u00eda\\u201d and new Chilean productions[:] &raquo;\",\"isPartOf\":{\"@id\":\"https:\/\/antes.cinemachile.cl\/#website\"},\"primaryImageOfPage\":{\"@id\":\"https:\/\/antes.cinemachile.cl\/?p=3480#primaryimage\"},\"datePublished\":\"2020-01-24T21:26:20+00:00\",\"dateModified\":\"2020-02-03T13:44:54+00:00\",\"breadcrumb\":{\"@id\":\"https:\/\/antes.cinemachile.cl\/?p=3480#breadcrumb\"},\"inLanguage\":\"en-US\",\"potentialAction\":[{\"@type\":\"ReadAction\",\"target\":[\"https:\/\/antes.cinemachile.cl\/?p=3480\"]}]},{\"@type\":\"BreadcrumbList\",\"@id\":\"https:\/\/antes.cinemachile.cl\/?p=3480#breadcrumb\",\"itemListElement\":[{\"@type\":\"ListItem\",\"position\":1,\"item\":{\"@type\":\"WebPage\",\"@id\":\"https:\/\/antes.cinemachile.cl\/\",\"url\":\"https:\/\/antes.cinemachile.cl\/\",\"name\":\"Portada\"}},{\"@type\":\"ListItem\",\"position\":2,\"item\":{\"@id\":\"https:\/\/antes.cinemachile.cl\/?p=3480#webpage\"}}]},{\"@type\":\"Article\",\"@id\":\"https:\/\/antes.cinemachile.cl\/?p=3480#article\",\"isPartOf\":{\"@id\":\"https:\/\/antes.cinemachile.cl\/?p=3480#webpage\"},\"author\":{\"@id\":\"https:\/\/antes.cinemachile.cl\/#\/schema\/person\/4d418e8c155e0e6c7f6824d46930c359\"},\"headline\":\"Amazon Prime announces the release of \\u201cLa Jaur\\u00eda\\u201d and new Chilean productions\",\"datePublished\":\"2020-01-24T21:26:20+00:00\",\"dateModified\":\"2020-02-03T13:44:54+00:00\",\"mainEntityOfPage\":{\"@id\":\"https:\/\/antes.cinemachile.cl\/?p=3480#webpage\"},\"commentCount\":0,\"publisher\":{\"@id\":\"https:\/\/antes.cinemachile.cl\/#organization\"},\"image\":{\"@id\":\"https:\/\/antes.cinemachile.cl\/?p=3480#primaryimage\"},\"articleSection\":[\"Sin categor\\u00eda\"],\"inLanguage\":\"en-US\",\"potentialAction\":[{\"@type\":\"CommentAction\",\"name\":\"Comment\",\"target\":[\"https:\/\/antes.cinemachile.cl\/?p=3480#respond\"]}]},{\"@type\":\"Person\",\"@id\":\"https:\/\/antes.cinemachile.cl\/#\/schema\/person\/4d418e8c155e0e6c7f6824d46930c359\",\"name\":\"Javi\",\"image\":{\"@type\":\"ImageObject\",\"@id\":\"https:\/\/antes.cinemachile.cl\/#personlogo\",\"inLanguage\":\"en-US\",\"url\":\"https:\/\/secure.gravatar.com\/avatar\/910b1edd78db85cb2357db80f6b4f20e?s=96&d=mm&r=g\",\"contentUrl\":\"https:\/\/secure.gravatar.com\/avatar\/910b1edd78db85cb2357db80f6b4f20e?s=96&d=mm&r=g\",\"caption\":\"Javi\"}}]}<\/script>\n<!-- \/ Yoast SEO plugin. -->","_links":{"self":[{"href":"https:\/\/antes.cinemachile.cl\/en\/wp-json\/wp\/v2\/posts\/3480"}],"collection":[{"href":"https:\/\/antes.cinemachile.cl\/en\/wp-json\/wp\/v2\/posts"}],"about":[{"href":"https:\/\/antes.cinemachile.cl\/en\/wp-json\/wp\/v2\/types\/post"}],"author":[{"embeddable":true,"href":"https:\/\/antes.cinemachile.cl\/en\/wp-json\/wp\/v2\/users\/3"}],"replies":[{"embeddable":true,"href":"https:\/\/antes.cinemachile.cl\/en\/wp-json\/wp\/v2\/comments?post=3480"}],"version-history":[{"count":9,"href":"https:\/\/antes.cinemachile.cl\/en\/wp-json\/wp\/v2\/posts\/3480\/revisions"}],"predecessor-version":[{"id":11238,"href":"https:\/\/antes.cinemachile.cl\/en\/wp-json\/wp\/v2\/posts\/3480\/revisions\/11238"}],"wp:featuredmedia":[{"embeddable":true,"href":"https:\/\/antes.cinemachile.cl\/en\/wp-json\/wp\/v2\/media\/2503"}],"wp:attachment":[{"href":"https:\/\/antes.cinemachile.cl\/en\/wp-json\/wp\/v2\/media?parent=3480"}],"wp:term":[{"taxonomy":"category","embeddable":true,"href":"https:\/\/antes.cinemachile.cl\/en\/wp-json\/wp\/v2\/categories?post=3480"},{"taxonomy":"post_tag","embeddable":true,"href":"https:\/\/antes.cinemachile.cl\/en\/wp-json\/wp\/v2\/tags?post=3480"}],"curies":[{"name":"wp","href":"https:\/\/api.w.org\/{rel}","templated":true}]}}