{"id":3325,"date":"2020-01-03T16:06:51","date_gmt":"2020-01-03T20:06:51","guid":{"rendered":"https:\/\/antes.cinemachile.cl?p=3325"},"modified":"2020-01-20T16:32:10","modified_gmt":"2020-01-20T20:32:10","slug":"2019-un-ano-historico-para-chile-con-10-hitos-que-marcaron-este-ano","status":"publish","type":"post","link":"https:\/\/antes.cinemachile.cl\/en\/espanol-2019-un-ano-historico-para-chile-10-hitos-que-marcaron-este-2019\/","title":{"rendered":"10 MILESTONES THAT SHAPED 2019 AND THAT DRIVE THIS 2020"},"content":{"rendered":"<p>In 2019, the audiovisual community was more united and active than ever, creating an array of images of the social change underway in our country. This important context has coincided with the tenth anniversary of CinemaChile, a year in which we\u2019ve been able to reflect on the importance that the voices of Chilean cinema have had during the last decade, and the persistent dialogue it maintains with the world at present. And as always, Chilean cinema and national series had an outstanding presence at the most relevant festivals, markets, and awards ceremonies around the globe!<\/p>\n<p>Let\u2019s review together the 10 milestones that were set for CinemaChile and the audiovisual sector in 2019:<\/p>\n<p>&nbsp;<\/p>\n<p><strong>10. THE WEEK OF CHILEAN CINEMA in 3 European Cities<\/strong><\/p>\n<p>We turned 10 and decided to celebrate in the only way that made sense to us: by continuing to expand Chilean cinema\u2019s international presence and reach, creating ties with new audiences, circuits, and exhibition spaces. With this final goal in mind, we created the Week of Chilean Cinema, where 10 Chilean films, selected by 10 prestigious programmers were exhibited in 3 European capitals. We landed in Madrid, Paris, and Berlin, and in each city, we arrived with a different group of directors and actors that had starred in the films. Sebasti\u00e1n Lelio, Daniela Vega, Antonia Zegers, Alfredo Castro, Dominga Sotomayor, and Fernando Guzzoni were just some of the these potent talents who accompanied us, presenting their works and participating with the audience in Q&amp;A sessions.<\/p>\n<p>The 2019 edition of the Week of Chilean Cinema was just the first approach in building a direct bridge with international audiences outside the festival circuit, and we trust that this experience will allow us to continue to broaden the horizons of CinemaChile\u2019s labor on a global scale. Get ready for THE WEEK OF CHILEAN CINEMA 2020!<\/p>\n<p><img loading=\"lazy\" class=\"aligncenter wp-image-3328\" src=\"http:\/\/cinemachile.cl\/wp-content\/uploads\/2020\/01\/semana-cine-chileno-berlin.jpg\" alt=\"\" width=\"700\" height=\"467\" srcset=\"https:\/\/antes.cinemachile.cl\/wp-content\/uploads\/2020\/01\/semana-cine-chileno-berlin.jpg 2048w, https:\/\/antes.cinemachile.cl\/wp-content\/uploads\/2020\/01\/semana-cine-chileno-berlin-300x200.jpg 300w, https:\/\/antes.cinemachile.cl\/wp-content\/uploads\/2020\/01\/semana-cine-chileno-berlin-768x512.jpg 768w, https:\/\/antes.cinemachile.cl\/wp-content\/uploads\/2020\/01\/semana-cine-chileno-berlin-1024x683.jpg 1024w\" sizes=\"(max-width: 700px) 100vw, 700px\" \/><\/p>\n<p>&nbsp;<\/p>\n<p><strong>9.The Nomination of \u201cSpider\u201d (Andr\u00e9s Wood) to the GOYA AWARDS<\/strong><\/p>\n<p>Spider, directed by Andr\u00e9s Wood, reflects on the dangers of fascism and a country that hasn\u2019t healed its historical wounds. This new film by said prestigious director arrived at a precise moment and context. Its thematic relevance on a global scale, and a universal sensibility characteristic of Wood, managed to have a rich and extensive international run: it premiered at the Toronto Film Festival (Contemporary World Cinema), was screened at the San Sebasti\u00e1n Film Festival (Latin Horizons), and in December, the announcement came that it was nominated for Best Ibero-American Film at the Goya Awards. Whether or not it wins, 2019 will always remain the year in which Wood returned to the big screen, his previous film having been Violeta Went to Heaven in 2011. Wood\u2019s films always come to stir the contingency and open our minds. On January 25 in M\u00e1laga, we\u2019ll know whether Andr\u00e9s Wood will once again bring home a Goya. GOOD LUCK!<\/p>\n<p><img loading=\"lazy\" class=\"wp-image-1162 aligncenter\" src=\"http:\/\/cinemachile.cl\/wp-content\/uploads\/2019\/05\/sl-ara\u00f1a.jpg\" alt=\"\" width=\"700\" height=\"392\" srcset=\"https:\/\/antes.cinemachile.cl\/wp-content\/uploads\/2019\/05\/sl-ara\u00f1a.jpg 1130w, https:\/\/antes.cinemachile.cl\/wp-content\/uploads\/2019\/05\/sl-ara\u00f1a-300x168.jpg 300w, https:\/\/antes.cinemachile.cl\/wp-content\/uploads\/2019\/05\/sl-ara\u00f1a-1024x574.jpg 1024w, https:\/\/antes.cinemachile.cl\/wp-content\/uploads\/2019\/05\/sl-ara\u00f1a-768x430.jpg 768w\" sizes=\"(max-width: 700px) 100vw, 700px\" \/><\/p>\n<p><strong>8.Chile\u2019s historic presence at the 2019 VENICE FILM FESTIVAL:<\/strong><\/p>\n<p>In general, 2019 was a big year for Chilean cinema in the festival circuit, but its presence at the Venice Film Festival was entirely unprecedented, a historic event that fills us with pride and demonstrates to the world the diverse talent that exists in our country. Both established filmmakers and new voices marked this presence, where Chile participated in every single one of the event\u2019s sections. We arrived with Ema by Pablo Larra\u00edn in the Official Competition (ARCA and Unimed Awards), The Prince by Sebasti\u00e1n Mu\u00f1\u00f3z in Critics\u2019 Week (Queer Lion Award and FIPRESCI Award, as well as the Starlight International Cinema Award for Alfredo Castro), White on White by Theo Court in Orizzonti (Silver Lion for Best Director), and the short film Austral Fever by Thomas Woodroffe in Orizzonti. Not only did we end our days at the festival with the joy of having had the largest Chilean delegation and presence in the history of the Venice Film Festival, but we also left with 6 awards for our talented filmmakers, including BEST DIRECTOR for Theo Court.<\/p>\n<p><img loading=\"lazy\" class=\"wp-image-3329 aligncenter\" src=\"http:\/\/cinemachile.cl\/wp-content\/uploads\/2020\/01\/VENECIA-theo-court-mejor-director.jpg\" alt=\"\" width=\"700\" height=\"394\" srcset=\"https:\/\/antes.cinemachile.cl\/wp-content\/uploads\/2020\/01\/VENECIA-theo-court-mejor-director.jpg 1130w, https:\/\/antes.cinemachile.cl\/wp-content\/uploads\/2020\/01\/VENECIA-theo-court-mejor-director-300x169.jpg 300w, https:\/\/antes.cinemachile.cl\/wp-content\/uploads\/2020\/01\/VENECIA-theo-court-mejor-director-768x432.jpg 768w, https:\/\/antes.cinemachile.cl\/wp-content\/uploads\/2020\/01\/VENECIA-theo-court-mejor-director-1024x576.jpg 1024w\" sizes=\"(max-width: 700px) 100vw, 700px\" \/><\/p>\n<p><strong>7.Chilean SERIES shined in the world<\/strong><\/p>\n<p>This year, Chilean series stood out for their effervescence, opening new doors and exhibition spaces. Chile shined with three international mega-productions for export: \u201cInvisible Heroes\u201d (PAROX), \u201cDignidad\u201d (INVERCINE &amp; WOOD), and \u201cThe Pack\u201d (F\u00c1BULA), in addition to many other projects that participated in our TV Catalogue.<\/p>\n<p>We also saw how the world began to recognize Chile\u2019s enormous growth in the TV series sphere: in June, Chile was invited as the Latin American Spotlight country at the TV Conecta Fiction market. This networking space between Europe and Latin America is the most important in Spain, and Chile was present with a large delegation. CinemaChileTV continued to explore new territories for our television productions in November, attending MIPCancun for the first time, an expansive market with many possibilities for international co-production.<\/p>\n<p><img loading=\"lazy\" class=\"wp-image-3330 aligncenter\" src=\"http:\/\/cinemachile.cl\/wp-content\/uploads\/2020\/01\/Dignidad1-.jpg\" alt=\"\" width=\"700\" height=\"450\" srcset=\"https:\/\/antes.cinemachile.cl\/wp-content\/uploads\/2020\/01\/Dignidad1-.jpg 768w, https:\/\/antes.cinemachile.cl\/wp-content\/uploads\/2020\/01\/Dignidad1--300x193.jpg 300w\" sizes=\"(max-width: 700px) 100vw, 700px\" \/><\/p>\n<p><strong>6.The nomination of the ANIMATION series \u201cPetit\u201d (Bernardita Ojeda) to the International Emmy Kids Awards 2020<\/strong><\/p>\n<p>The effervescence of Chilean television wasn\u2019t only experienced in fiction series, but also in ANIMATION. The children\u2019s series Petit, directed by the talented Bernardita Ojeda, was nominated for a 2020 International Emmy Kids Award in the preschool category, competing with series from Germany, Australia, and South Korea.<\/p>\n<p>Petit encourages kids\u2019 imaginations in a world that increasingly represses play and creativity, and tells the story of a 5-year-old boy who interprets everything in his own way. This original project has accumulated numerous awards and nominations in the most important international festivals (Quirino Awards in Spain, Latin American Prix Jeneusse at Annecy), and continues on his way to the Emmys in 2020! Here\u2019s to success for PETIT!<\/p>\n<p><img loading=\"lazy\" class=\"wp-image-1782 size-full aligncenter\" src=\"http:\/\/cinemachile.cl\/wp-content\/uploads\/2019\/06\/Petitpequen\u0303a.jpg\" alt=\"\" width=\"700\" height=\"467\" srcset=\"https:\/\/antes.cinemachile.cl\/wp-content\/uploads\/2019\/06\/Petitpequen\u0303a.jpg 700w, https:\/\/antes.cinemachile.cl\/wp-content\/uploads\/2019\/06\/Petitpequen\u0303a-300x200.jpg 300w\" sizes=\"(max-width: 700px) 100vw, 700px\" \/><\/p>\n<p><strong>5.Chile as the GUEST COUNTRY OF HONOR AT FICG 34<\/strong><\/p>\n<p>The close relationship between Chile and Mexico continued to deepen at one of the most important international events of the year for us: Chile was the country of honor at the 2019 Guadalajara Film Festival. This invitation was an honor and recognition for the entire national industry, and more than 100 Chileans were in Guadalajara to put a face to the Chilean audiovisual industry. Eighty films were exhibited in different areas of the event, between the festival\u2019s official selections, the showing of contemporary Chilean cinema, and the showing of Chilean film heritage. During the same day of the festival, audiences even had the possibility to watch Chilean films made more than 50 years apart. Not to mention that Chile was also present in the different sections of the market as well as having participants in the Jury, national guest musicians, and stand-out networking events, creating a well rounded, deep, and warm cultural experience.<\/p>\n<p>May the ties between Latin America film spheres continue to grow!<br \/>\n<img loading=\"lazy\" class=\"wp-image-3334 aligncenter\" src=\"http:\/\/cinemachile.cl\/wp-content\/uploads\/2020\/01\/Chile-pai\u0301s-de-honor-guadalajara.jpg\" alt=\"\" width=\"700\" height=\"467\" srcset=\"https:\/\/antes.cinemachile.cl\/wp-content\/uploads\/2020\/01\/Chile-pai\u0301s-de-honor-guadalajara.jpg 2048w, https:\/\/antes.cinemachile.cl\/wp-content\/uploads\/2020\/01\/Chile-pai\u0301s-de-honor-guadalajara-300x200.jpg 300w, https:\/\/antes.cinemachile.cl\/wp-content\/uploads\/2020\/01\/Chile-pai\u0301s-de-honor-guadalajara-768x512.jpg 768w, https:\/\/antes.cinemachile.cl\/wp-content\/uploads\/2020\/01\/Chile-pai\u0301s-de-honor-guadalajara-1024x683.jpg 1024w\" sizes=\"(max-width: 700px) 100vw, 700px\" \/><\/p>\n<p><strong>4.A big festival year for Chilean cinema<\/strong><\/p>\n<p>We don\u2019t need anymore words; the titles and their trajectories say it all. Please be patient as, with pride for our talented colleagues, we highlight the 2019 festival milestones:<\/p>\n<p>-Four feature films in three shorts premiered in the official competitions of important A-Class film festivals.<\/p>\n<p>-Nona. If They Soak Me, I&#8217;ll Burn Them by Camila Jos\u00e9 Donoso (Official Competition at the Rotterdam Film Festival)<\/p>\n<p>-The Man of the Future by Felipe R\u00edos (Official Competition in Karlovy Vary)<\/p>\n<p>-Ema by Pablo Larra\u00edn (Official Competition in Venice)<\/p>\n<p>-Death Will Come and Shall Have Your Eyes by Jos\u00e9 Luis Torres Leiva (Official Competition at San Sebasti\u00e1n)<\/p>\n<p>-H\u00e9ctor by Victoria Giesen (Berlinale Shorts)<\/p>\n<p>-Austral Fever by Thomas Woodroffe (Orizzonti, Venice Film Festival)<\/p>\n<p>-Here and Everywhere by Flavia Contreras (Visions du Reel)<\/p>\n<p><img loading=\"lazy\" class=\"wp-image-3336 aligncenter\" src=\"http:\/\/cinemachile.cl\/wp-content\/uploads\/2020\/01\/sl-hector-1.jpg\" alt=\"\" width=\"700\" height=\"392\" srcset=\"https:\/\/antes.cinemachile.cl\/wp-content\/uploads\/2020\/01\/sl-hector-1.jpg 1130w, https:\/\/antes.cinemachile.cl\/wp-content\/uploads\/2020\/01\/sl-hector-1-300x168.jpg 300w, https:\/\/antes.cinemachile.cl\/wp-content\/uploads\/2020\/01\/sl-hector-1-768x430.jpg 768w, https:\/\/antes.cinemachile.cl\/wp-content\/uploads\/2020\/01\/sl-hector-1-1024x574.jpg 1024w\" sizes=\"(max-width: 700px) 100vw, 700px\" \/><\/p>\n<p><strong>Awards for Chilean Cinema in 2019<\/strong><\/p>\n<p>&#8211; Teddy Award, Lemebel by Joanne Reposi (Berlinale)<\/p>\n<p>&#8211; Golden Eye, The Cordillera of Dreams by Patricio Guzm\u00e1n (Cannes)<\/p>\n<p>&#8211; Best Director, Some Beasts by Jorge Riquelme (San Sebasti\u00e1n Film Festival)<\/p>\n<p>&#8211; International Competition Jury Prize, I Never Climbed the Provincia by Ignacio Ag\u00fcero (Marseille Film Festival)<\/p>\n<p>&#8211; Best Actress for Antonia Giesen (Karlovy Vary Film Festival)<\/p>\n<p>&#8211; Nest Students Jury Special Mention, Austral Fever by Thomas Woodroffe (San Sebasti\u00e1n Film Festival)<\/p>\n<p>&#8211; Ingmar Bergman Award, Austral Fever by Thomas Woodroffe (Uppsala International Short Film Festival)<\/p>\n<p>&#8211; Jury Prize for Freedom Award, Matta Checks by Leo Contreras (The Fine Arts Film Festival)<\/p>\n<p>&#8211; Best Screenplay for Sof\u00eda Paloma G\u00f3mez and Camilo Becerra for Trastornos del Sue\u00f1o (Trieste Film Festival)<\/p>\n<p>&#8211; Best Documentary, Zurita by Alejandra Carmona (Trieste Film Festival)<\/p>\n<p>&#8211; Honorable Mention in the Bright Future Competition, Story of My Name by Karin Cuyul (Rotterdam Film Festival)<\/p>\n<p>&#8211; Best Actor, Perro Bomba by Juan C\u00e1ceres (M\u00e1laga Film Festival)<\/p>\n<p>&#8211; Audience Award, Perro Bomba by Juan C\u00e1ceres (M\u00e1laga Film Festival)<\/p>\n<p>&#8211; Best Ibero-American Film, Perro Bomba by Juan C\u00e1ceres (M\u00e1laga Film Festival)<\/p>\n<p>&#8211; International Starlight Cinema Award for Alfredo Castro (Venice Film Festival)<\/p>\n<p>&#8211; Queer Lion Award, The Prince by Sebasti\u00e1n Mu\u00f1\u00f3z (Venice Film Festival)<\/p>\n<p>&#8211; Silver Lion for Best Director, White on White by Theo Court (Venice Film Festival)<\/p>\n<p>&#8211; FIPRESCI, White on White by Theo Court (Venice Film Festival)<\/p>\n<p>&#8211; Arca Award, Ema by Pablo Larra\u00edn (Venice Film Festival)<\/p>\n<p>&#8211; Unimed Award, Ema by Pablo Larra\u00edn (Venice Film Festival)<\/p>\n<p><img loading=\"lazy\" class=\"wp-image-2727 aligncenter\" src=\"http:\/\/cinemachile.cl\/wp-content\/uploads\/2019\/09\/ad4453d8-2ba5-4fa2-9893-5943012ca798.jpg\" alt=\"\" width=\"525\" height=\"700\" srcset=\"https:\/\/antes.cinemachile.cl\/wp-content\/uploads\/2019\/09\/ad4453d8-2ba5-4fa2-9893-5943012ca798.jpg 960w, https:\/\/antes.cinemachile.cl\/wp-content\/uploads\/2019\/09\/ad4453d8-2ba5-4fa2-9893-5943012ca798-225x300.jpg 225w, https:\/\/antes.cinemachile.cl\/wp-content\/uploads\/2019\/09\/ad4453d8-2ba5-4fa2-9893-5943012ca798-768x1024.jpg 768w\" sizes=\"(max-width: 525px) 100vw, 525px\" \/><\/p>\n<p><strong>3.Building Bridges with ASIA: Chile\u2019s Historic Presence in BUSAN.<\/strong><\/p>\n<p>Since 2016, we\u2019ve been building a bridge with Asia at a very relevant market: TIFFCOM in Tokyo, Japan. During 3 consecutive years, we\u2019ve attended this market with a delegation of producers and carried out a labor of approach and understanding the Asian industry, finding a possible space for Chile in this territory. There, we met the programmers of the Busan Film Festival in South Korea. This year, we were able to see the benefits of that bridge in Chilean cinema\u2019s historic presence in Busan with four films selected: Ema by Pablo Larra\u00edn, The Prince by Sebasti\u00e1n Mu\u00f1\u00f3z, The Cordillera of Dreams by Patricio Guzm\u00e1n, and White on White by Theo Court. Thus, we traveled to Busan to support the filmmakers in attendance and to highlight this precedent, which helps us to continue opening doors to possibilities for our talented colleagues, not only through the Festival, but also in the ASIAN FILM MARKET, which we will officially attend in 2020. Plane to Busan for CinemaChile!<\/p>\n<p><img loading=\"lazy\" class=\"wp-image-3338 aligncenter\" src=\"http:\/\/cinemachile.cl\/wp-content\/uploads\/2020\/01\/ema.jpg\" alt=\"\" width=\"700\" height=\"467\" srcset=\"https:\/\/antes.cinemachile.cl\/wp-content\/uploads\/2020\/01\/ema.jpg 900w, https:\/\/antes.cinemachile.cl\/wp-content\/uploads\/2020\/01\/ema-300x200.jpg 300w, https:\/\/antes.cinemachile.cl\/wp-content\/uploads\/2020\/01\/ema-768x512.jpg 768w\" sizes=\"(max-width: 700px) 100vw, 700px\" \/><\/p>\n<p><strong>2.UNITED, THE AUDIOVISUAL COMMUNITY CONSTRUCTED POWERFUL NARRATIVES ABOUT THE SOCIAL AWAKENING<\/strong><\/p>\n<p>In 2019, the audiovisual community was more united than ever, building the most powerful narratives about social change since the return to democracy. With the social unrest that began on October 18th, there has been a greater sense of solidarity, and a variety of audiovisual collectives have arisen to record the events and their protagonists. Groups such as \u201cOjoChile\u201d, \u201cCanalcito TV\u201d, \u201cNosotras Audiovisualistas\u201d, \u201cProyecto A.M.A.\u201d, and \u201cColectivo Sabotaje\u201d worked with the aim of building a collective archive of the social phenomenon, independently from communications media, which have been highly questioned. Thus, Chile is in the process of creating the web of images of a historic development, and the world is watching attentively and expectantly.<\/p>\n<figure id=\"attachment_3340\" aria-describedby=\"caption-attachment-3340\" style=\"width: 599px\" class=\"wp-caption aligncenter\"><img loading=\"lazy\" class=\"wp-image-3340\" src=\"http:\/\/cinemachile.cl\/wp-content\/uploads\/2020\/01\/Copia-de-IMG_5428-1200x1600.jpg\" alt=\"\" width=\"599\" height=\"799\" srcset=\"https:\/\/antes.cinemachile.cl\/wp-content\/uploads\/2020\/01\/Copia-de-IMG_5428-1200x1600.jpg 1200w, https:\/\/antes.cinemachile.cl\/wp-content\/uploads\/2020\/01\/Copia-de-IMG_5428-1200x1600-225x300.jpg 225w, https:\/\/antes.cinemachile.cl\/wp-content\/uploads\/2020\/01\/Copia-de-IMG_5428-1200x1600-768x1024.jpg 768w\" sizes=\"(max-width: 599px) 100vw, 599px\" \/><figcaption id=\"caption-attachment-3340\" class=\"wp-caption-text\">Photo by Susana Hidalgo<\/figcaption><\/figure>\n<p>&nbsp;<\/p>\n<p><strong>1.COMING SOON! Chile as Country in Focus EFM 2020 (Berlinale)<\/strong><\/p>\n<p>In May during the Cannes Film Festival, we announced big news that has been in the works between institutions for years: Chile will be the Country in Focus of EFM in February, 2020! This great platform will present our talents and their projects in an array of instances at the market, opening opportunities for creators and producers; a mosaic of possibilities for the national industry!<\/p>\n<p>CinemaChile, as well as the Ministry of Culture, the Arts and Heritage, and ProChile, among other entities in our country, are working in conjunction with EFM to arrive with a massive Chilean delegation, to ensure that the entire sector can shine and to create new opportunities that will change future Chilean productions. It\u2019s coming!<br \/>\n<img loading=\"lazy\" class=\"wp-image-3333 aligncenter\" src=\"http:\/\/cinemachile.cl\/wp-content\/uploads\/2020\/01\/CHILE-EFM.jpg\" alt=\"\" width=\"700\" height=\"467\" srcset=\"https:\/\/antes.cinemachile.cl\/wp-content\/uploads\/2020\/01\/CHILE-EFM.jpg 960w, https:\/\/antes.cinemachile.cl\/wp-content\/uploads\/2020\/01\/CHILE-EFM-300x200.jpg 300w, https:\/\/antes.cinemachile.cl\/wp-content\/uploads\/2020\/01\/CHILE-EFM-768x512.jpg 768w\" sizes=\"(max-width: 700px) 100vw, 700px\" \/><br \/>\n&nbsp;<\/p>\n<!-- AddThis Advanced Settings generic via filter on the_content --><!-- AddThis Share Buttons generic via filter on the_content -->","protected":false},"excerpt":{"rendered":"<p>In 2019, the audiovisual community was more united and active than ever, creating an array of images of the social change underway in our country. This important context has coincided with the tenth anniversary of CinemaChile, a year in which we\u2019ve been able to reflect on the importance that the voices of Chilean cinema have [&hellip;]<!-- AddThis Advanced Settings generic via filter on wp_trim_excerpt --><!-- AddThis Share Buttons generic via filter on wp_trim_excerpt --><\/p>\n","protected":false},"author":3,"featured_media":3176,"comment_status":"open","ping_status":"open","sticky":false,"template":"","format":"standard","meta":{"loftloader_page_shortcode":""},"categories":[1],"tags":[],"yoast_head":"<!-- This site is optimized with the Yoast SEO plugin v16.2 - https:\/\/yoast.com\/wordpress\/plugins\/seo\/ -->\n<title>10 MILESTONES THAT SHAPED 2019 AND THAT DRIVE THIS 2020  &raquo;<\/title>\n<meta name=\"robots\" content=\"index, follow, max-snippet:-1, max-image-preview:large, max-video-preview:-1\" \/>\n<link rel=\"canonical\" href=\"https:\/\/antes.cinemachile.cl\/?p=3325\" \/>\n<meta property=\"og:locale\" content=\"en_US\" \/>\n<meta property=\"og:type\" content=\"article\" \/>\n<meta property=\"og:title\" content=\"[:es]10 HITOS QUE MARCARON 2019 Y QUE IMPULSAN ESTE 2020[:en]10 MILESTONES THAT SHAPED 2019 AND THAT DRIVE THIS 2020 [:] &raquo;\" \/>\n<meta property=\"og:description\" content=\"In 2019, the audiovisual community was more united and active than ever, creating an array of images of the social change underway in our country. This important context has coincided with the tenth anniversary of CinemaChile, a year in which we\u2019ve been able to reflect on the importance that the voices of Chilean cinema have [&hellip;]\" \/>\n<meta property=\"og:url\" content=\"https:\/\/antes.cinemachile.cl\/?p=3325\" \/>\n<meta property=\"article:publisher\" content=\"https:\/\/www.facebook.com\/cinemachile\" \/>\n<meta property=\"article:published_time\" content=\"2020-01-03T20:06:51+00:00\" \/>\n<meta property=\"article:modified_time\" content=\"2020-01-20T20:32:10+00:00\" \/>\n<meta property=\"og:image\" content=\"https:\/\/antes.cinemachile.cl\/wp-content\/uploads\/2019\/11\/ig-collage.jpg\" \/>\n\t<meta property=\"og:image:width\" content=\"3240\" \/>\n\t<meta property=\"og:image:height\" content=\"1080\" \/>\n<meta name=\"twitter:card\" content=\"summary_large_image\" \/>\n<meta name=\"twitter:creator\" content=\"@cinemachile\" \/>\n<meta name=\"twitter:site\" content=\"@cinemachile\" \/>\n<meta name=\"twitter:label1\" content=\"Est. reading time\">\n\t<meta name=\"twitter:data1\" content=\"20 minutes\">\n<script type=\"application\/ld+json\" class=\"yoast-schema-graph\">{\"@context\":\"https:\/\/schema.org\",\"@graph\":[{\"@type\":\"Organization\",\"@id\":\"https:\/\/antes.cinemachile.cl\/#organization\",\"name\":\"CinemaChile\",\"url\":\"https:\/\/antes.cinemachile.cl\/\",\"sameAs\":[\"https:\/\/www.facebook.com\/cinemachile\",\"https:\/\/www.instagram.com\/cinemachile\/\",\"https:\/\/twitter.com\/cinemachile\"],\"logo\":{\"@type\":\"ImageObject\",\"@id\":\"https:\/\/antes.cinemachile.cl\/#logo\",\"inLanguage\":\"en-US\",\"url\":\"https:\/\/cinemachile.cl\/wp-content\/uploads\/2020\/06\/logo-cinema-gif.gif\",\"contentUrl\":\"https:\/\/cinemachile.cl\/wp-content\/uploads\/2020\/06\/logo-cinema-gif.gif\",\"width\":330,\"height\":150,\"caption\":\"CinemaChile\"},\"image\":{\"@id\":\"https:\/\/antes.cinemachile.cl\/#logo\"}},{\"@type\":\"WebSite\",\"@id\":\"https:\/\/antes.cinemachile.cl\/#website\",\"url\":\"https:\/\/antes.cinemachile.cl\/\",\"name\":\"\",\"description\":\"\",\"publisher\":{\"@id\":\"https:\/\/antes.cinemachile.cl\/#organization\"},\"potentialAction\":[{\"@type\":\"SearchAction\",\"target\":\"https:\/\/antes.cinemachile.cl\/?s={search_term_string}\",\"query-input\":\"required name=search_term_string\"}],\"inLanguage\":\"en-US\"},{\"@type\":\"ImageObject\",\"@id\":\"https:\/\/antes.cinemachile.cl\/?p=3325#primaryimage\",\"inLanguage\":\"en-US\",\"url\":\"https:\/\/antes.cinemachile.cl\/wp-content\/uploads\/2019\/11\/ig-collage.jpg\",\"contentUrl\":\"https:\/\/antes.cinemachile.cl\/wp-content\/uploads\/2019\/11\/ig-collage.jpg\",\"width\":3240,\"height\":1080},{\"@type\":\"WebPage\",\"@id\":\"https:\/\/antes.cinemachile.cl\/?p=3325#webpage\",\"url\":\"https:\/\/antes.cinemachile.cl\/?p=3325\",\"name\":\"[:es]10 HITOS QUE MARCARON 2019 Y QUE IMPULSAN ESTE 2020[:en]10 MILESTONES THAT SHAPED 2019 AND THAT DRIVE THIS 2020 [:] &raquo;\",\"isPartOf\":{\"@id\":\"https:\/\/antes.cinemachile.cl\/#website\"},\"primaryImageOfPage\":{\"@id\":\"https:\/\/antes.cinemachile.cl\/?p=3325#primaryimage\"},\"datePublished\":\"2020-01-03T20:06:51+00:00\",\"dateModified\":\"2020-01-20T20:32:10+00:00\",\"breadcrumb\":{\"@id\":\"https:\/\/antes.cinemachile.cl\/?p=3325#breadcrumb\"},\"inLanguage\":\"en-US\",\"potentialAction\":[{\"@type\":\"ReadAction\",\"target\":[\"https:\/\/antes.cinemachile.cl\/?p=3325\"]}]},{\"@type\":\"BreadcrumbList\",\"@id\":\"https:\/\/antes.cinemachile.cl\/?p=3325#breadcrumb\",\"itemListElement\":[{\"@type\":\"ListItem\",\"position\":1,\"item\":{\"@type\":\"WebPage\",\"@id\":\"https:\/\/antes.cinemachile.cl\/\",\"url\":\"https:\/\/antes.cinemachile.cl\/\",\"name\":\"Portada\"}},{\"@type\":\"ListItem\",\"position\":2,\"item\":{\"@id\":\"https:\/\/antes.cinemachile.cl\/?p=3325#webpage\"}}]},{\"@type\":\"Article\",\"@id\":\"https:\/\/antes.cinemachile.cl\/?p=3325#article\",\"isPartOf\":{\"@id\":\"https:\/\/antes.cinemachile.cl\/?p=3325#webpage\"},\"author\":{\"@id\":\"https:\/\/antes.cinemachile.cl\/#\/schema\/person\/4d418e8c155e0e6c7f6824d46930c359\"},\"headline\":\"10 MILESTONES THAT SHAPED 2019 AND THAT DRIVE THIS 2020\",\"datePublished\":\"2020-01-03T20:06:51+00:00\",\"dateModified\":\"2020-01-20T20:32:10+00:00\",\"mainEntityOfPage\":{\"@id\":\"https:\/\/antes.cinemachile.cl\/?p=3325#webpage\"},\"commentCount\":0,\"publisher\":{\"@id\":\"https:\/\/antes.cinemachile.cl\/#organization\"},\"image\":{\"@id\":\"https:\/\/antes.cinemachile.cl\/?p=3325#primaryimage\"},\"articleSection\":[\"Sin categor\\u00eda\"],\"inLanguage\":\"en-US\",\"potentialAction\":[{\"@type\":\"CommentAction\",\"name\":\"Comment\",\"target\":[\"https:\/\/antes.cinemachile.cl\/?p=3325#respond\"]}]},{\"@type\":\"Person\",\"@id\":\"https:\/\/antes.cinemachile.cl\/#\/schema\/person\/4d418e8c155e0e6c7f6824d46930c359\",\"name\":\"Javi\",\"image\":{\"@type\":\"ImageObject\",\"@id\":\"https:\/\/antes.cinemachile.cl\/#personlogo\",\"inLanguage\":\"en-US\",\"url\":\"https:\/\/secure.gravatar.com\/avatar\/910b1edd78db85cb2357db80f6b4f20e?s=96&d=mm&r=g\",\"contentUrl\":\"https:\/\/secure.gravatar.com\/avatar\/910b1edd78db85cb2357db80f6b4f20e?s=96&d=mm&r=g\",\"caption\":\"Javi\"}}]}<\/script>\n<!-- \/ Yoast SEO plugin. -->","_links":{"self":[{"href":"https:\/\/antes.cinemachile.cl\/en\/wp-json\/wp\/v2\/posts\/3325"}],"collection":[{"href":"https:\/\/antes.cinemachile.cl\/en\/wp-json\/wp\/v2\/posts"}],"about":[{"href":"https:\/\/antes.cinemachile.cl\/en\/wp-json\/wp\/v2\/types\/post"}],"author":[{"embeddable":true,"href":"https:\/\/antes.cinemachile.cl\/en\/wp-json\/wp\/v2\/users\/3"}],"replies":[{"embeddable":true,"href":"https:\/\/antes.cinemachile.cl\/en\/wp-json\/wp\/v2\/comments?post=3325"}],"version-history":[{"count":17,"href":"https:\/\/antes.cinemachile.cl\/en\/wp-json\/wp\/v2\/posts\/3325\/revisions"}],"predecessor-version":[{"id":11230,"href":"https:\/\/antes.cinemachile.cl\/en\/wp-json\/wp\/v2\/posts\/3325\/revisions\/11230"}],"wp:featuredmedia":[{"embeddable":true,"href":"https:\/\/antes.cinemachile.cl\/en\/wp-json\/wp\/v2\/media\/3176"}],"wp:attachment":[{"href":"https:\/\/antes.cinemachile.cl\/en\/wp-json\/wp\/v2\/media?parent=3325"}],"wp:term":[{"taxonomy":"category","embeddable":true,"href":"https:\/\/antes.cinemachile.cl\/en\/wp-json\/wp\/v2\/categories?post=3325"},{"taxonomy":"post_tag","embeddable":true,"href":"https:\/\/antes.cinemachile.cl\/en\/wp-json\/wp\/v2\/tags?post=3325"}],"curies":[{"name":"wp","href":"https:\/\/api.w.org\/{rel}","templated":true}]}}