{"id":3293,"date":"2019-12-19T17:50:58","date_gmt":"2019-12-19T21:50:58","guid":{"rendered":"https:\/\/antes.cinemachile.cl?p=3293"},"modified":"2020-01-27T09:25:37","modified_gmt":"2020-01-27T13:25:37","slug":"abrimos-la-convocatoria-para-el-catalogo-internacional-de-cine-2020","status":"publish","type":"post","link":"https:\/\/antes.cinemachile.cl\/en\/la-convocatoria-para-el-catalogo-internacional-de-cine-2020\/","title":{"rendered":"AMPLIAMOS PLAZO\/\/ CONVOCATORIA ABIERTA: CAT\u00c1LOGO INTERNACIONAL DE CINE 2020"},"content":{"rendered":"<p><span style=\"font-weight: 400;\">Invitamos a todo el sector audiovisual chileno a formar parte de la nueva versi\u00f3n del <\/span><b>Cat\u00e1logo Internacional de Cine 2020<\/b><span style=\"font-weight: 400;\">, una publicaci\u00f3n que cada a\u00f1o realiza <\/span><b>CinemaChile<\/b> <span style=\"font-weight: 400;\">-marca sectorial de <\/span><b>ProChile creada junto a la Asociaci\u00f3n de Productores de Cine y Televisi\u00f3n (APCT)<\/b><span style=\"font-weight: 400;\">&#8211; y que ser\u00e1 lanzada en mayo pr\u00f3ximo en el marco del March\u00e9 du Film, del prestigioso Festival de Cannes.<\/span><\/p>\n<p><span style=\"font-weight: 400;\">Esta publicaci\u00f3n de promoci\u00f3n clave ser\u00e1 exhibida y utilizada en los principales mercados y festivales del mundo a los que asiste CinemaChile, tales como Cannes, Berl\u00edn, Guadalajara, Venecia y San Sebasti\u00e1n, entre otros; sirviendo como herramienta para la difusi\u00f3n y comercializaci\u00f3n de todas las nuevas pel\u00edculas nacionales y dando cuenta de la alta calidad, diversidad y\u00a0 talento nacional. El Cat\u00e1logo Internacional de Cine llega anualmente a potenciales compradores (agentes de venta y distribuidores internacionales), inversionistas, productores, programadores, directores de festivales y, en resumen, a todos los profesionales de la industria extranjera que podr\u00edan ser relevantes para el desarrollo futuro de una pel\u00edcula o de una casa productora incluida en esta pieza.<\/span><\/p>\n<p><b>QUI\u00c9NES PUEDEN POSTULAR<\/b><\/p>\n<p><span style=\"font-weight: 400;\">Todas las casas productoras con cada uno de sus proyectos que tendr\u00e1n su estreno nacional y\/o internacionalmente entre <\/span><b>mayo 2020 y mayo 2021.<\/b><\/p>\n<p><span style=\"font-weight: 400;\">Largometrajes de ficci\u00f3n<\/span><\/p>\n<p><span style=\"font-weight: 400;\">Largometrajes documental<\/span><\/p>\n<p><span style=\"font-weight: 400;\">Largometrajes de animaci\u00f3n<\/span><\/p>\n<p><span style=\"font-weight: 400;\">Cortometrajes de ficci\u00f3n<\/span><\/p>\n<p><span style=\"font-weight: 400;\">Cortometrajes documental<\/span><\/p>\n<p><span style=\"font-weight: 400;\">Cortometrajes de animaci\u00f3n<\/span><\/p>\n<p><span style=\"font-weight: 400;\">Realidad Virtual<\/span><\/p>\n<p><span style=\"font-weight: 400;\">El criterio de selecci\u00f3n S\u00d3LO responde a la fecha de estreno de la pel\u00edcula, con el objetivo de beneficiar y potenciar su circulaci\u00f3n internacional en el per\u00edodo indicado. De todas formas, le pedimos y agradecemos que env\u00eden el detalle de TODOS\u00a0 sus proyectos en desarrollo, para llevar un registro del estado de producci\u00f3n del cine chileno, y as\u00ed tambi\u00e9n contribuir a su crecimiento aportando a nuestro catastro anual.\u00a0<\/span><\/p>\n<p><span style=\"font-weight: 400;\">Cabe mencionar que NO podr\u00e1n formar parte del cat\u00e1logo las producciones que ya fueron incluidas en cat\u00e1logos de a\u00f1os anteriores.\u00a0<\/span><\/p>\n<p><b>C\u00d3MO POSTULAR<\/b><\/p>\n<p><span style=\"font-weight: 400;\">Completar rigurosamente el <\/span><b>FORMULARIO DE INSCRIPCI\u00d3N <a href=\"https:\/\/docs.google.com\/forms\/d\/e\/1FAIpQLScElL2eufQTreK2W5F1wzu-e13duvjm6qndOffG-2ntN-E-bg\/viewform\">(pincha aqu\u00ed)<\/a><\/b><\/p>\n<p><span style=\"font-weight: 400;\">El formulario de inscripci\u00f3n estar\u00e1 disponible hasta las <\/span><b>17.00 HRS. DEL VIERNES 24 DE ENERO DE 2020<\/b><b>.<\/b><span style=\"font-weight: 400;\"> Todo proyecto inscrito fuera de este plazo, NO se incluir\u00e1 en el Cat\u00e1logo.<\/span><\/p>\n<p><b>RESULTADOS<\/b><\/p>\n<p><span style=\"font-weight: 400;\">La selecci\u00f3n definitiva ser\u00e1 anunciada durante la primera semana de marzo. Los proyectos que NO cumplan con los requerimientos de las bases (formulario completo), NO podr\u00e1n ser incluidos en el Cat\u00e1logo.<\/span><\/p>\n<p><span style=\"font-weight: 400;\">Ante cualquier duda, escribir a catalogo<\/span><span style=\"font-weight: 400;\">@cinemachile.cl<\/span><\/p>\n<!-- AddThis Advanced Settings generic via filter on the_content --><!-- AddThis Share Buttons generic via filter on the_content -->","protected":false},"excerpt":{"rendered":"<p>Invitamos a todo el sector audiovisual chileno a formar parte de la nueva versi\u00f3n del Cat\u00e1logo Internacional de Cine 2020, una publicaci\u00f3n que cada a\u00f1o realiza CinemaChile -marca sectorial de ProChile creada junto a la Asociaci\u00f3n de Productores de Cine y Televisi\u00f3n (APCT)&#8211; y que ser\u00e1 lanzada en mayo pr\u00f3ximo en el marco del March\u00e9 [&hellip;]<!-- AddThis Advanced Settings generic via filter on wp_trim_excerpt --><!-- AddThis Share Buttons generic via filter on wp_trim_excerpt --><\/p>\n","protected":false},"author":4,"featured_media":3430,"comment_status":"open","ping_status":"open","sticky":false,"template":"","format":"standard","meta":{"loftloader_page_shortcode":""},"categories":[1],"tags":[],"yoast_head":"<!-- This site is optimized with the Yoast SEO plugin v16.2 - https:\/\/yoast.com\/wordpress\/plugins\/seo\/ -->\n<title>AMPLIAMOS PLAZO\/\/ CONVOCATORIA ABIERTA: CAT\u00c1LOGO INTERNACIONAL DE CINE 2020 &raquo;<\/title>\n<meta name=\"robots\" content=\"index, follow, max-snippet:-1, max-image-preview:large, max-video-preview:-1\" \/>\n<link rel=\"canonical\" href=\"https:\/\/antes.cinemachile.cl\/abrimos-la-convocatoria-para-el-catalogo-internacional-de-cine-2020\/\" \/>\n<meta property=\"og:locale\" content=\"en_US\" \/>\n<meta property=\"og:type\" content=\"article\" \/>\n<meta property=\"og:title\" content=\"AMPLIAMOS PLAZO\/\/ CONVOCATORIA ABIERTA: CAT\u00c1LOGO INTERNACIONAL DE CINE 2020 &raquo;\" \/>\n<meta property=\"og:description\" content=\"Invitamos a todo el sector audiovisual chileno a formar parte de la nueva versi\u00f3n del Cat\u00e1logo Internacional de Cine 2020, una publicaci\u00f3n que cada a\u00f1o realiza CinemaChile -marca sectorial de ProChile creada junto a la Asociaci\u00f3n de Productores de Cine y Televisi\u00f3n (APCT)&#8211; y que ser\u00e1 lanzada en mayo pr\u00f3ximo en el marco del March\u00e9 [&hellip;]\" \/>\n<meta property=\"og:url\" content=\"https:\/\/antes.cinemachile.cl\/abrimos-la-convocatoria-para-el-catalogo-internacional-de-cine-2020\/\" \/>\n<meta property=\"article:publisher\" content=\"https:\/\/www.facebook.com\/cinemachile\" \/>\n<meta property=\"article:published_time\" content=\"2019-12-19T21:50:58+00:00\" \/>\n<meta property=\"article:modified_time\" content=\"2020-01-27T13:25:37+00:00\" \/>\n<meta property=\"og:image\" content=\"https:\/\/cinemachile.cl\/wp-content\/uploads\/2019\/12\/banner_convocatoria_catalogo_24enero.jpg\" \/>\n\t<meta property=\"og:image:width\" content=\"4001\" \/>\n\t<meta property=\"og:image:height\" content=\"1431\" \/>\n<meta name=\"twitter:card\" content=\"summary_large_image\" \/>\n<meta name=\"twitter:creator\" content=\"@cinemachile\" \/>\n<meta name=\"twitter:site\" content=\"@cinemachile\" \/>\n<meta name=\"twitter:label1\" content=\"Est. reading time\">\n\t<meta name=\"twitter:data1\" content=\"2 minutes\">\n<script type=\"application\/ld+json\" class=\"yoast-schema-graph\">{\"@context\":\"https:\/\/schema.org\",\"@graph\":[{\"@type\":\"Organization\",\"@id\":\"https:\/\/antes.cinemachile.cl\/#organization\",\"name\":\"CinemaChile\",\"url\":\"https:\/\/antes.cinemachile.cl\/\",\"sameAs\":[\"https:\/\/www.facebook.com\/cinemachile\",\"https:\/\/www.instagram.com\/cinemachile\/\",\"https:\/\/twitter.com\/cinemachile\"],\"logo\":{\"@type\":\"ImageObject\",\"@id\":\"https:\/\/antes.cinemachile.cl\/#logo\",\"inLanguage\":\"en-US\",\"url\":\"https:\/\/cinemachile.cl\/wp-content\/uploads\/2020\/06\/logo-cinema-gif.gif\",\"contentUrl\":\"https:\/\/cinemachile.cl\/wp-content\/uploads\/2020\/06\/logo-cinema-gif.gif\",\"width\":330,\"height\":150,\"caption\":\"CinemaChile\"},\"image\":{\"@id\":\"https:\/\/antes.cinemachile.cl\/#logo\"}},{\"@type\":\"WebSite\",\"@id\":\"https:\/\/antes.cinemachile.cl\/#website\",\"url\":\"https:\/\/antes.cinemachile.cl\/\",\"name\":\"\",\"description\":\"\",\"publisher\":{\"@id\":\"https:\/\/antes.cinemachile.cl\/#organization\"},\"potentialAction\":[{\"@type\":\"SearchAction\",\"target\":\"https:\/\/antes.cinemachile.cl\/?s={search_term_string}\",\"query-input\":\"required name=search_term_string\"}],\"inLanguage\":\"en-US\"},{\"@type\":\"ImageObject\",\"@id\":\"https:\/\/antes.cinemachile.cl\/abrimos-la-convocatoria-para-el-catalogo-internacional-de-cine-2020\/#primaryimage\",\"inLanguage\":\"en-US\",\"url\":\"https:\/\/antes.cinemachile.cl\/wp-content\/uploads\/2019\/12\/banner_convocatoria_catalogo_24enero-scaled.jpg\",\"contentUrl\":\"https:\/\/antes.cinemachile.cl\/wp-content\/uploads\/2019\/12\/banner_convocatoria_catalogo_24enero-scaled.jpg\",\"width\":2560,\"height\":916},{\"@type\":\"WebPage\",\"@id\":\"https:\/\/antes.cinemachile.cl\/abrimos-la-convocatoria-para-el-catalogo-internacional-de-cine-2020\/#webpage\",\"url\":\"https:\/\/antes.cinemachile.cl\/abrimos-la-convocatoria-para-el-catalogo-internacional-de-cine-2020\/\",\"name\":\"AMPLIAMOS PLAZO\/\/ CONVOCATORIA ABIERTA: CAT\\u00c1LOGO INTERNACIONAL DE CINE 2020 &raquo;\",\"isPartOf\":{\"@id\":\"https:\/\/antes.cinemachile.cl\/#website\"},\"primaryImageOfPage\":{\"@id\":\"https:\/\/antes.cinemachile.cl\/abrimos-la-convocatoria-para-el-catalogo-internacional-de-cine-2020\/#primaryimage\"},\"datePublished\":\"2019-12-19T21:50:58+00:00\",\"dateModified\":\"2020-01-27T13:25:37+00:00\",\"breadcrumb\":{\"@id\":\"https:\/\/antes.cinemachile.cl\/abrimos-la-convocatoria-para-el-catalogo-internacional-de-cine-2020\/#breadcrumb\"},\"inLanguage\":\"en-US\",\"potentialAction\":[{\"@type\":\"ReadAction\",\"target\":[\"https:\/\/antes.cinemachile.cl\/abrimos-la-convocatoria-para-el-catalogo-internacional-de-cine-2020\/\"]}]},{\"@type\":\"BreadcrumbList\",\"@id\":\"https:\/\/antes.cinemachile.cl\/abrimos-la-convocatoria-para-el-catalogo-internacional-de-cine-2020\/#breadcrumb\",\"itemListElement\":[{\"@type\":\"ListItem\",\"position\":1,\"item\":{\"@type\":\"WebPage\",\"@id\":\"https:\/\/antes.cinemachile.cl\/\",\"url\":\"https:\/\/antes.cinemachile.cl\/\",\"name\":\"Portada\"}},{\"@type\":\"ListItem\",\"position\":2,\"item\":{\"@id\":\"https:\/\/antes.cinemachile.cl\/abrimos-la-convocatoria-para-el-catalogo-internacional-de-cine-2020\/#webpage\"}}]},{\"@type\":\"Article\",\"@id\":\"https:\/\/antes.cinemachile.cl\/abrimos-la-convocatoria-para-el-catalogo-internacional-de-cine-2020\/#article\",\"isPartOf\":{\"@id\":\"https:\/\/antes.cinemachile.cl\/abrimos-la-convocatoria-para-el-catalogo-internacional-de-cine-2020\/#webpage\"},\"author\":{\"@id\":\"https:\/\/antes.cinemachile.cl\/#\/schema\/person\/ee02b79f2dae650098562382a24d21d1\"},\"headline\":\"AMPLIAMOS PLAZO\/\/ CONVOCATORIA ABIERTA: CAT\\u00c1LOGO INTERNACIONAL DE CINE 2020\",\"datePublished\":\"2019-12-19T21:50:58+00:00\",\"dateModified\":\"2020-01-27T13:25:37+00:00\",\"mainEntityOfPage\":{\"@id\":\"https:\/\/antes.cinemachile.cl\/abrimos-la-convocatoria-para-el-catalogo-internacional-de-cine-2020\/#webpage\"},\"commentCount\":0,\"publisher\":{\"@id\":\"https:\/\/antes.cinemachile.cl\/#organization\"},\"image\":{\"@id\":\"https:\/\/antes.cinemachile.cl\/abrimos-la-convocatoria-para-el-catalogo-internacional-de-cine-2020\/#primaryimage\"},\"articleSection\":[\"Sin categor\\u00eda\"],\"inLanguage\":\"en-US\",\"potentialAction\":[{\"@type\":\"CommentAction\",\"name\":\"Comment\",\"target\":[\"https:\/\/antes.cinemachile.cl\/abrimos-la-convocatoria-para-el-catalogo-internacional-de-cine-2020\/#respond\"]}]},{\"@type\":\"Person\",\"@id\":\"https:\/\/antes.cinemachile.cl\/#\/schema\/person\/ee02b79f2dae650098562382a24d21d1\",\"name\":\"Prensa CinemaChile\",\"image\":{\"@type\":\"ImageObject\",\"@id\":\"https:\/\/antes.cinemachile.cl\/#personlogo\",\"inLanguage\":\"en-US\",\"url\":\"https:\/\/secure.gravatar.com\/avatar\/b3ccb455f578dd97b84c14103abb9dcb?s=96&d=mm&r=g\",\"contentUrl\":\"https:\/\/secure.gravatar.com\/avatar\/b3ccb455f578dd97b84c14103abb9dcb?s=96&d=mm&r=g\",\"caption\":\"Prensa CinemaChile\"}}]}<\/script>\n<!-- \/ Yoast SEO plugin. -->","_links":{"self":[{"href":"https:\/\/antes.cinemachile.cl\/en\/wp-json\/wp\/v2\/posts\/3293"}],"collection":[{"href":"https:\/\/antes.cinemachile.cl\/en\/wp-json\/wp\/v2\/posts"}],"about":[{"href":"https:\/\/antes.cinemachile.cl\/en\/wp-json\/wp\/v2\/types\/post"}],"author":[{"embeddable":true,"href":"https:\/\/antes.cinemachile.cl\/en\/wp-json\/wp\/v2\/users\/4"}],"replies":[{"embeddable":true,"href":"https:\/\/antes.cinemachile.cl\/en\/wp-json\/wp\/v2\/comments?post=3293"}],"version-history":[{"count":10,"href":"https:\/\/antes.cinemachile.cl\/en\/wp-json\/wp\/v2\/posts\/3293\/revisions"}],"predecessor-version":[{"id":3463,"href":"https:\/\/antes.cinemachile.cl\/en\/wp-json\/wp\/v2\/posts\/3293\/revisions\/3463"}],"wp:featuredmedia":[{"embeddable":true,"href":"https:\/\/antes.cinemachile.cl\/en\/wp-json\/wp\/v2\/media\/3430"}],"wp:attachment":[{"href":"https:\/\/antes.cinemachile.cl\/en\/wp-json\/wp\/v2\/media?parent=3293"}],"wp:term":[{"taxonomy":"category","embeddable":true,"href":"https:\/\/antes.cinemachile.cl\/en\/wp-json\/wp\/v2\/categories?post=3293"},{"taxonomy":"post_tag","embeddable":true,"href":"https:\/\/antes.cinemachile.cl\/en\/wp-json\/wp\/v2\/tags?post=3293"}],"curies":[{"name":"wp","href":"https:\/\/api.w.org\/{rel}","templated":true}]}}