{"id":3190,"date":"2019-11-29T13:11:17","date_gmt":"2019-11-29T17:11:17","guid":{"rendered":"https:\/\/antes.cinemachile.cl?p=3190"},"modified":"2020-01-21T15:13:01","modified_gmt":"2020-01-21T19:13:01","slug":"la-delegacion-chilena-mas-grande-del-ano-participara-el-mercado-audiovisual-argentino-ventana-sur","status":"publish","type":"post","link":"https:\/\/antes.cinemachile.cl\/en\/espanol-delegacion-chilena-mas-grande-del-ano-acude-el-mercado-audiovisual-argentino-ventana-sur\/","title":{"rendered":"The Largest Chilean Delegation of the Year is Set to Participate in  the Argentinean Audiovisual Market Ventana Sur"},"content":{"rendered":"<p><em>Close to 80 professionals from the Chilean audiovisual industry will attend Ventana Sur, Latin America\u2019s most important audiovisual market, with the objective of promoting its best projects in different stages of development in hopes of attracting new partners and deals. The delegation will have the on-site support of CinemaChile \u2013the sectorial brand for ProChile and the Film and Television Producers Association (APCT)\u2014 which will end its 10<sup>th<\/sup> anniversary market and festival circuit at Ventana Sur.<\/em><\/p>\n<p>A new version of the Ventana Sur market is set to take place from December 2<sup>nd<\/sup> though 6<sup>th<\/sup> in Buenos Aires, Argentina. The event, organized by the National Film And Audiovisual Arts Institute (INCAA) and the Cannes Film Festival\u2019s March\u00e9 du Film, expects to receive over 3000 accredited participants this year, including a robust Chilean delegation consisting of over 80 audiovisual industry professionals, including producers, film students, national festival representatives, and other professionals. The event is considered to be essential for sales agents, distributors, buyers and producers who work in the audiovisual industry, both on regional and global levels. With the on-site support of CinemaChile, the Chilean delegation will have the opportunity to participate in multiple conferences organized by Ventana Sur, as well as coproduction gatherings, work groups, and an agenda filled with meetings and other activities whose sole objective is to promote the region\u2019s cinematographic talents.<\/p>\n<p>It is worth mentioning the large Chilean participation in Ventana Sur includes the arrival of four producers who will be attending the event with the support of the Ministry of Cultures, the Arts, and Patrimony (Mincap), through its Support Program for Participation in International Markets, which belongs to the Council for the Arts and the Audiovisual Industry (CAIA). These are Florencia Larrea from Forastero, Daniela Camino from Mimbre Producciones, Catalina Fontecilla from Typpo Creative Lab, and Allan Bortnic from Tres Tercios Producciones. Their projects will form part of a catalog of over 70 films and television series in development stages that address a diverse array of current issues, both social and political, putting together a complete account of present-day Chile.<\/p>\n<p><strong>Projects in Ventana Sur\u2019s Official Sections<\/strong><\/p>\n<p>The category named Primer Corte, whose objective is to promote Latin American fiction films in post-productions stages, will present the thriller-drama <strong><em>Karnawal <\/em><\/strong>by director Juan Pablo F\u00e9lix, produced by Edson Sidonie and Diego Rougier (Bikini Films). The project is co-produced with Argentina, Brazil, Mexico, Bolivia and Norway, and tells the story of a young dancer who, during the Carnaval celebration that takes place on the Bolivian-Argentinean border, is getting ready for the most important dance competition of his life, when he receives an unexpected visit from his father, an uncontrollable thief who will jeopardize his dream.<\/p>\n<p>The FIP Films in Progress section, a film library of projects in post-production stages that will be screened exclusively for programmers of the world\u2019s most prestigious international festivals, will include the experimental film <strong><em>El ni\u00f1o del Plomo <\/em><\/strong>by Daniel D\u00e1vila, produced by Teresita Ugarte (Kin\u00e9 Im\u00e1genes), and the drama <strong><em>La vida simplemente <\/em><\/strong>by Guillermo Salinas, produced by Gonzalo Oyarce (Corporaci\u00f3n F\u00edlmica La Marioneta) and Jorge Soto (Ilusi\u00f3n Films).<\/p>\n<p>Blood Window is a Ventana Sur platform dedicated to promoting Latin American talents who specialize in the fantasy genre, an area that with each passing year attracts more enthusiasts from markets all over the world. Two projects directed and produced by women will participate in this space\u2019s laboratory. The first is <strong><em>Aracne,<\/em><\/strong> directed by Florencia Dupont and produced by Pilar D\u00edaz (Santiago Independiente), which narrates the story of a young reporter as she investigates a web of high-level corruption with the objective of bringing the story to light through the press. In this midst of the investigation, the reporter meets a sensual singer who helps her, without knowing that she\u2019s actually a spider woman with a plan for vengeance of her own.<\/p>\n<p>The other project is <strong><em>Ancestra<\/em><\/strong>, directed by Paulette Lecaros and produced by Yeniffer Fasciani (Niebla Producciones), a project that tells the story of a young mother who returns to her hometown with her children after becoming a widow. What at first seems like a homecoming turns into a dark revelation as the woman discovers that the town is part of sect led by her own mother, who will place her daughter\u2019s life at risk.<\/p>\n<p>Several Chilean professionals will participate in the space entitled Animation!, which seeks to lead the way through the animation industry and promote developers in this area by encouraging strategic alliances and disseminating information about talents. The project <strong><em>Primeras<\/em><\/strong>, a 13-episode series directed by Bernardita Ojeda and Bambu Orellana and producer by Catalina Fontecilla, was selected for the Animation! Pitching Sessions. The series is based on true events and tells the story of a woman who defied the rules in order to take over territories reserved solely for men.<\/p>\n<p>The Animation! Pitching Sessions \u2013 Feature Films section will feature the participation of the developing film <strong><em>Coda, <\/em><\/strong>directed by Juan Pablo Zaramella and produced by \u00c1lvaro Ceppi of Zumbastico Studios; and <strong><em>Una historia del Sur, <\/em><\/strong>by Camila \u00c1lvarez, produced by Pilar Smoje. The science fiction project <strong><em>Vigilados<\/em><\/strong> was selected for the specific subsection Animation! WIPS by Annecy. This is a Chilean-Peruvian project directed by GianPierre Yovera and produced by Gabriela Bonilla from Apus. Lastly, the project<strong><em> Con\u00e9 y Yuyito<\/em><\/strong>, directed by Jos\u00e9 Ignacio Navarro and produced by Jorge Campusano from Lunes, was selected for the Animation! Working Session section.<\/p>\n<p>&nbsp;<\/p>\n<p>Proyecta is a space organized together with the San Sebastian Film Festival, and is dedicated to presenting projects that require international partnerships, co-producers, and sales agents. The Chilean productions that will form part of this section are: <strong><em>Noche de Verano <\/em><\/strong>by Christian Nawrath, a Chilean-Bolivian project produced by \u00c1lvaro Manzano and Vinko Tomicic from Calamar Cine; <strong><em>Delirio <\/em><\/strong>by Alexandra Latishev, produced by Cynthia Garc\u00eda Calvo from Cyan in co-production with Costa Rica; and <strong><em>Los impactados <\/em><\/strong>by Luc\u00eda Puenzo, a co-production between Argentina, Chile and France, produced by Nicol\u00e1s Puenzo from Historia Cinematogr\u00e1ficas, in co-production with Fabula, represented by Juan de Dios and Pablo Larra\u00edn.<\/p>\n<p>&nbsp;<\/p>\n<p>In addition to this comes the presence of finished films in the space that Ventana Sur organizes as market exhibitions, dedicated to Latin American and European films. This year, Chilean films with important international trajectories will be screened in this space: <strong><em>El viaje de monalisa, <\/em><\/strong>a documentary directed by Nicol Costa and produced by Mimbre Producciones; <strong><em>El hombre del futuro <\/em><\/strong>by Felipe R\u00edos, produced by Quijote Films; <strong><em>El estreno <\/em><\/strong>by Alejandro Fern\u00e1ndez Almendras, produced by Jirafa; <strong><em>Lina de lima <\/em><\/strong>by Mar\u00eda Paz Gonz\u00e1lez, produced by Quijote Films; <strong><em>Perro bomba <\/em><\/strong>by Juan C\u00e1ceres, produced by Infractor Films, Pejeperro and Promenades Films; <strong><em>Algunas Bestias, <\/em><\/strong>directed by Jorge Riquelme and produced by Laberinto Films; <strong><em>Blanco en blanco <\/em><\/strong>by Theo Court, produced by Viaje Films and Qujiote Films; and <strong><em>Ara\u00f1a <\/em><\/strong>by Andr\u00e9s Wood, produced by Wood Producciones and the current Chilean representative in the race for a nomination for the Oscars and the Goya Awards.<\/p>\n<p><strong>\u00a0<\/strong><\/p>\n<p><strong>Spain, Argentina, and Chile Co-Production Gathering<\/strong><\/p>\n<p>&nbsp;<\/p>\n<p>Ventana Sur will host the first edition of the Co-Production Gathering organized by Spain\u2019s Cinematography and Audiovisual Arts Institute (ICAA), Chile\u2019s international audiovisual industry promotion brand CinemaChile, and Argentina\u2019s National Film and Audiovisual Arts Institute (INCAA). This initiative also includes the collaboration of AGADIC, Catalan Films, and Basque Audiovisual.<\/p>\n<p>&nbsp;<\/p>\n<p>The instance will include a pitching session for developing projects and a rotation of one-to-one meeting amongst the participants, which will take place after the event and during the following days.<\/p>\n<p>&nbsp;<\/p>\n<p>From Chile, the projects selected to participate in this gathering are: <strong><em>Il Cileno<\/em><\/strong>, produced by Equeco; <strong><em>Mi nuevo estilo de baile<\/em><\/strong><em>,<\/em> by Carnada Films, <strong><em>Todo sobre Ariel<\/em><\/strong> by Chile\u2019s Escuela de Cine; <strong><em>Los a\u00f1os salvajes,<\/em><\/strong> produced by Oro Films; and <strong><em>Despu\u00e9s de Elena<\/em><\/strong>, by Storyboard Media.<\/p>\n<p>&nbsp;<\/p>\n<p><strong>\u201cThe Path to the Oscars\u201d Conference<\/strong><\/p>\n<p>&nbsp;<\/p>\n<p>To a large part of the industry, the Oscars are the film industry\u2019s mecca. With this in mind, a conference will be held in order to go over the path of two successful films on their paths to the Oscar Awards: the Chilean film <strong><em>Una mujer fant\u00e1stica<\/em><\/strong><em>, <strong>by<\/strong><\/em> director Sebasti\u00e1n Lelio, and the Argentinean film <strong><em>El secreto de sus ojos, <\/em><\/strong>by Juan Jos\u00e9 Campanella. The event will be moderated by CinemaChile\u2019s executive director, Constanza Arena, and will include the participation of producers Roc\u00edo Jadue (Fabula, Chile) and Muriel Cabeza (Argentina).<\/p>\n<!-- AddThis Advanced Settings generic via filter on the_content --><!-- AddThis Share Buttons generic via filter on the_content -->","protected":false},"excerpt":{"rendered":"<p>Close to 80 professionals from the Chilean audiovisual industry will attend Ventana Sur, Latin America\u2019s most important audiovisual market, with the objective of promoting its best projects in different stages of development in hopes of attracting new partners and deals. The delegation will have the on-site support of CinemaChile \u2013the sectorial brand for ProChile and [&hellip;]<!-- AddThis Advanced Settings generic via filter on wp_trim_excerpt --><!-- AddThis Share Buttons generic via filter on wp_trim_excerpt --><\/p>\n","protected":false},"author":4,"featured_media":3191,"comment_status":"open","ping_status":"open","sticky":false,"template":"","format":"standard","meta":{"loftloader_page_shortcode":""},"categories":[1],"tags":[],"yoast_head":"<!-- This site is optimized with the Yoast SEO plugin v16.2 - https:\/\/yoast.com\/wordpress\/plugins\/seo\/ -->\n<title>The Largest Chilean Delegation of the Year is Set to Participate in the Argentinean Audiovisual Market Ventana Sur &raquo;<\/title>\n<meta name=\"robots\" content=\"index, follow, max-snippet:-1, max-image-preview:large, max-video-preview:-1\" \/>\n<link rel=\"canonical\" href=\"https:\/\/antes.cinemachile.cl\/delegacion-chilena-mas-grande-del-ano-acude-el-mercado-audiovisual-argentino-ventana-sur\/\" \/>\n<meta property=\"og:locale\" content=\"en_US\" \/>\n<meta property=\"og:type\" content=\"article\" \/>\n<meta property=\"og:title\" content=\"[:es]La delegaci\u00f3n chilena m\u00e1s grande del a\u00f1o participar\u00e1 el mercado audiovisual argentino Ventana Sur[:en]The Largest Chilean Delegation of the Year is Set to Participate in the Argentinean Audiovisual Market Ventana Sur[:] &raquo;\" \/>\n<meta property=\"og:description\" content=\"Close to 80 professionals from the Chilean audiovisual industry will attend Ventana Sur, Latin America\u2019s most important audiovisual market, with the objective of promoting its best projects in different stages of development in hopes of attracting new partners and deals. The delegation will have the on-site support of CinemaChile \u2013the sectorial brand for ProChile and [&hellip;]\" \/>\n<meta property=\"og:url\" content=\"https:\/\/antes.cinemachile.cl\/delegacion-chilena-mas-grande-del-ano-acude-el-mercado-audiovisual-argentino-ventana-sur\/\" \/>\n<meta property=\"article:publisher\" content=\"https:\/\/www.facebook.com\/cinemachile\" \/>\n<meta property=\"article:published_time\" content=\"2019-11-29T17:11:17+00:00\" \/>\n<meta property=\"article:modified_time\" content=\"2020-01-21T19:13:01+00:00\" \/>\n<meta property=\"og:image\" content=\"https:\/\/cinemachile.cl\/wp-content\/uploads\/2019\/11\/banner-web-vs2019.jpg\" \/>\n\t<meta property=\"og:image:width\" content=\"1920\" \/>\n\t<meta property=\"og:image:height\" content=\"800\" \/>\n<meta name=\"twitter:card\" content=\"summary_large_image\" \/>\n<meta name=\"twitter:creator\" content=\"@cinemachile\" \/>\n<meta name=\"twitter:site\" content=\"@cinemachile\" \/>\n<meta name=\"twitter:label1\" content=\"Est. reading time\">\n\t<meta name=\"twitter:data1\" content=\"15 minutes\">\n<script type=\"application\/ld+json\" class=\"yoast-schema-graph\">{\"@context\":\"https:\/\/schema.org\",\"@graph\":[{\"@type\":\"Organization\",\"@id\":\"https:\/\/antes.cinemachile.cl\/#organization\",\"name\":\"CinemaChile\",\"url\":\"https:\/\/antes.cinemachile.cl\/\",\"sameAs\":[\"https:\/\/www.facebook.com\/cinemachile\",\"https:\/\/www.instagram.com\/cinemachile\/\",\"https:\/\/twitter.com\/cinemachile\"],\"logo\":{\"@type\":\"ImageObject\",\"@id\":\"https:\/\/antes.cinemachile.cl\/#logo\",\"inLanguage\":\"en-US\",\"url\":\"https:\/\/cinemachile.cl\/wp-content\/uploads\/2020\/06\/logo-cinema-gif.gif\",\"contentUrl\":\"https:\/\/cinemachile.cl\/wp-content\/uploads\/2020\/06\/logo-cinema-gif.gif\",\"width\":330,\"height\":150,\"caption\":\"CinemaChile\"},\"image\":{\"@id\":\"https:\/\/antes.cinemachile.cl\/#logo\"}},{\"@type\":\"WebSite\",\"@id\":\"https:\/\/antes.cinemachile.cl\/#website\",\"url\":\"https:\/\/antes.cinemachile.cl\/\",\"name\":\"\",\"description\":\"\",\"publisher\":{\"@id\":\"https:\/\/antes.cinemachile.cl\/#organization\"},\"potentialAction\":[{\"@type\":\"SearchAction\",\"target\":\"https:\/\/antes.cinemachile.cl\/?s={search_term_string}\",\"query-input\":\"required name=search_term_string\"}],\"inLanguage\":\"en-US\"},{\"@type\":\"ImageObject\",\"@id\":\"https:\/\/antes.cinemachile.cl\/delegacion-chilena-mas-grande-del-ano-acude-el-mercado-audiovisual-argentino-ventana-sur\/#primaryimage\",\"inLanguage\":\"en-US\",\"url\":\"https:\/\/antes.cinemachile.cl\/wp-content\/uploads\/2019\/11\/banner-web-vs2019.jpg\",\"contentUrl\":\"https:\/\/antes.cinemachile.cl\/wp-content\/uploads\/2019\/11\/banner-web-vs2019.jpg\",\"width\":1920,\"height\":800},{\"@type\":\"WebPage\",\"@id\":\"https:\/\/antes.cinemachile.cl\/delegacion-chilena-mas-grande-del-ano-acude-el-mercado-audiovisual-argentino-ventana-sur\/#webpage\",\"url\":\"https:\/\/antes.cinemachile.cl\/delegacion-chilena-mas-grande-del-ano-acude-el-mercado-audiovisual-argentino-ventana-sur\/\",\"name\":\"[:es]La delegaci\\u00f3n chilena m\\u00e1s grande del a\\u00f1o participar\\u00e1 el mercado audiovisual argentino Ventana Sur[:en]The Largest Chilean Delegation of the Year is Set to Participate in the Argentinean Audiovisual Market Ventana Sur[:] &raquo;\",\"isPartOf\":{\"@id\":\"https:\/\/antes.cinemachile.cl\/#website\"},\"primaryImageOfPage\":{\"@id\":\"https:\/\/antes.cinemachile.cl\/delegacion-chilena-mas-grande-del-ano-acude-el-mercado-audiovisual-argentino-ventana-sur\/#primaryimage\"},\"datePublished\":\"2019-11-29T17:11:17+00:00\",\"dateModified\":\"2020-01-21T19:13:01+00:00\",\"breadcrumb\":{\"@id\":\"https:\/\/antes.cinemachile.cl\/delegacion-chilena-mas-grande-del-ano-acude-el-mercado-audiovisual-argentino-ventana-sur\/#breadcrumb\"},\"inLanguage\":\"en-US\",\"potentialAction\":[{\"@type\":\"ReadAction\",\"target\":[\"https:\/\/antes.cinemachile.cl\/delegacion-chilena-mas-grande-del-ano-acude-el-mercado-audiovisual-argentino-ventana-sur\/\"]}]},{\"@type\":\"BreadcrumbList\",\"@id\":\"https:\/\/antes.cinemachile.cl\/delegacion-chilena-mas-grande-del-ano-acude-el-mercado-audiovisual-argentino-ventana-sur\/#breadcrumb\",\"itemListElement\":[{\"@type\":\"ListItem\",\"position\":1,\"item\":{\"@type\":\"WebPage\",\"@id\":\"https:\/\/antes.cinemachile.cl\/\",\"url\":\"https:\/\/antes.cinemachile.cl\/\",\"name\":\"Portada\"}},{\"@type\":\"ListItem\",\"position\":2,\"item\":{\"@id\":\"https:\/\/antes.cinemachile.cl\/delegacion-chilena-mas-grande-del-ano-acude-el-mercado-audiovisual-argentino-ventana-sur\/#webpage\"}}]},{\"@type\":\"Article\",\"@id\":\"https:\/\/antes.cinemachile.cl\/delegacion-chilena-mas-grande-del-ano-acude-el-mercado-audiovisual-argentino-ventana-sur\/#article\",\"isPartOf\":{\"@id\":\"https:\/\/antes.cinemachile.cl\/delegacion-chilena-mas-grande-del-ano-acude-el-mercado-audiovisual-argentino-ventana-sur\/#webpage\"},\"author\":{\"@id\":\"https:\/\/antes.cinemachile.cl\/#\/schema\/person\/ee02b79f2dae650098562382a24d21d1\"},\"headline\":\"The Largest Chilean Delegation of the Year is Set to Participate in the Argentinean Audiovisual Market Ventana Sur\",\"datePublished\":\"2019-11-29T17:11:17+00:00\",\"dateModified\":\"2020-01-21T19:13:01+00:00\",\"mainEntityOfPage\":{\"@id\":\"https:\/\/antes.cinemachile.cl\/delegacion-chilena-mas-grande-del-ano-acude-el-mercado-audiovisual-argentino-ventana-sur\/#webpage\"},\"commentCount\":0,\"publisher\":{\"@id\":\"https:\/\/antes.cinemachile.cl\/#organization\"},\"image\":{\"@id\":\"https:\/\/antes.cinemachile.cl\/delegacion-chilena-mas-grande-del-ano-acude-el-mercado-audiovisual-argentino-ventana-sur\/#primaryimage\"},\"articleSection\":[\"Sin categor\\u00eda\"],\"inLanguage\":\"en-US\",\"potentialAction\":[{\"@type\":\"CommentAction\",\"name\":\"Comment\",\"target\":[\"https:\/\/antes.cinemachile.cl\/delegacion-chilena-mas-grande-del-ano-acude-el-mercado-audiovisual-argentino-ventana-sur\/#respond\"]}]},{\"@type\":\"Person\",\"@id\":\"https:\/\/antes.cinemachile.cl\/#\/schema\/person\/ee02b79f2dae650098562382a24d21d1\",\"name\":\"Prensa CinemaChile\",\"image\":{\"@type\":\"ImageObject\",\"@id\":\"https:\/\/antes.cinemachile.cl\/#personlogo\",\"inLanguage\":\"en-US\",\"url\":\"https:\/\/secure.gravatar.com\/avatar\/b3ccb455f578dd97b84c14103abb9dcb?s=96&d=mm&r=g\",\"contentUrl\":\"https:\/\/secure.gravatar.com\/avatar\/b3ccb455f578dd97b84c14103abb9dcb?s=96&d=mm&r=g\",\"caption\":\"Prensa CinemaChile\"}}]}<\/script>\n<!-- \/ Yoast SEO plugin. -->","_links":{"self":[{"href":"https:\/\/antes.cinemachile.cl\/en\/wp-json\/wp\/v2\/posts\/3190"}],"collection":[{"href":"https:\/\/antes.cinemachile.cl\/en\/wp-json\/wp\/v2\/posts"}],"about":[{"href":"https:\/\/antes.cinemachile.cl\/en\/wp-json\/wp\/v2\/types\/post"}],"author":[{"embeddable":true,"href":"https:\/\/antes.cinemachile.cl\/en\/wp-json\/wp\/v2\/users\/4"}],"replies":[{"embeddable":true,"href":"https:\/\/antes.cinemachile.cl\/en\/wp-json\/wp\/v2\/comments?post=3190"}],"version-history":[{"count":5,"href":"https:\/\/antes.cinemachile.cl\/en\/wp-json\/wp\/v2\/posts\/3190\/revisions"}],"predecessor-version":[{"id":3227,"href":"https:\/\/antes.cinemachile.cl\/en\/wp-json\/wp\/v2\/posts\/3190\/revisions\/3227"}],"wp:featuredmedia":[{"embeddable":true,"href":"https:\/\/antes.cinemachile.cl\/en\/wp-json\/wp\/v2\/media\/3191"}],"wp:attachment":[{"href":"https:\/\/antes.cinemachile.cl\/en\/wp-json\/wp\/v2\/media?parent=3190"}],"wp:term":[{"taxonomy":"category","embeddable":true,"href":"https:\/\/antes.cinemachile.cl\/en\/wp-json\/wp\/v2\/categories?post=3190"},{"taxonomy":"post_tag","embeddable":true,"href":"https:\/\/antes.cinemachile.cl\/en\/wp-json\/wp\/v2\/tags?post=3190"}],"curies":[{"name":"wp","href":"https:\/\/api.w.org\/{rel}","templated":true}]}}