{"id":3023,"date":"2019-10-30T22:32:19","date_gmt":"2019-10-31T02:32:19","guid":{"rendered":"https:\/\/antes.cinemachile.cl?p=3023"},"modified":"2019-11-19T11:51:56","modified_gmt":"2019-11-19T15:51:56","slug":"llamado-delegacion-chilena-rumbo-a-ventana-sur-2019","status":"publish","type":"post","link":"https:\/\/antes.cinemachile.cl\/en\/llamado-delegacion-chilena-rumbo-a-ventana-sur-2019\/","title":{"rendered":"Llamado dirigido a todas y todos los profesionales de la industria del cine nacional"},"content":{"rendered":"<p><span style=\"font-weight: 400;\">En el \u00e1mbito internacional, la industria audiovisual extranjera desea seguir contando con el talento y la calidad que los profesionales de nuestro pa\u00eds y sus pel\u00edculas han demostrado tener sostenidamente durante la \u00faltima d\u00e9cada, siempre trabajando unidos y con un gran objetivo: exportar los mejores contenidos de ficci\u00f3n y documental que Chile ofrece, los que en su gran mayor\u00eda se inspiran y narran con profesionalismo tem\u00e1ticas que abordan desde los m\u00e1s recientes conflictos sociales hasta profundas reflexiones en torno al pasado de Chile, exhibiendo historias y un relato \u00fanico que el mundo hoy m\u00e1s que nunca espera conocer.\u00a0<\/span><\/p>\n<p><span style=\"font-weight: 400;\">Es as\u00ed como queremos pedirles a todos quienes ya decidieron asistir a la pr\u00f3xima edici\u00f3n de Ventana Sur, el mercado de contenidos audiovisuales m\u00e1s importante de Latinoam\u00e9rica y una cita obligada en el calendario de distribuidores y compradores de la industria internacional- que nos contacten a trav\u00e9s del link dispuesto (abajo). Este a\u00f1o, el encuentro se realizar\u00e1 en Buenos Aires entre el 2 y el 6 de diciembre pr\u00f3ximo.\u00a0<\/span><\/p>\n<p><span style=\"font-weight: 400;\">El mercado recibe cada a\u00f1o a m\u00e1s de 3.000 participantes acreditados, entre los que se encuentran m\u00e1s de 500 compradores y vendedores provenientes de los cinco continentes, representantes de las m\u00e1s importantes networks y plataformas internacionales.\u00a0<\/span><span style=\"font-weight: 400;\">Dado lo anterior, CinemaChile promueve la participaci\u00f3n de productores y profesionales chilenos en el encuentro argentino, apoyando la difusi\u00f3n de sus proyectos en desarrollo y que buscan financiamiento, ventas, distribuci\u00f3n, entre otros objetivos. Para lograrlo, es de suma importancia que completen con rigurosidad el <strong><a href=\"https:\/\/forms.gle\/2Z3w1wLEqT3EmD5u7\" target=\"_blank\" rel=\"noopener noreferrer\">formulario (click aqu\u00ed<\/a>), <\/strong>\u00a0as\u00ed podr\u00e1n ser incluidos en la gran pieza de promoci\u00f3n que se crear\u00e1 exclusivamente para Ventana Sur.\u00a0<\/span><\/p>\n<p><span style=\"font-weight: 400;\">Organizado por el Instituto Nacional de Cine y Artes Audiovisuales (INCAA) y el March\u00e9 du Film \u2013 Festival de Cannes, el mercado argentino posibilita el encuentro con productores de contenidos en jornadas de negocios con sesiones de pitching y reuniones one on one; como as\u00ed tambi\u00e9n mesas redondas, acciones espec\u00edficas para productores con proyectos en desarrollo, workshops, charlas y conferencias con temas de actualidad y visi\u00f3n de futuro.<\/span><\/p>\n<p><span style=\"font-weight: 400;\">Adem\u00e1s, a trav\u00e9s de sus distintas secciones como Primer Corte, Copia Final, Blood Window, Animation!, Fiction Factory, Incubadora y Proyecta, y sus actividades y servicios como las Charlas, los Screenings y la Video Librer\u00eda, Ventana Sur abarca y promueve los contenidos latinoamericanos en todos sus g\u00e9neros (Ficci\u00f3n, Docs, Animaci\u00f3n, Cine fant\u00e1stico, Queer latinoamericano) y formatos; lo que brinda un abanico de posibilidades de negocio y promoci\u00f3n \u00fanico en la regi\u00f3n.<\/span><\/p>\n<p><span style=\"font-weight: 400;\">Es por esto que adem\u00e1s de\u00a0 incluir a cada casa productora en el presskit \u201cChile en Ventana Sur 2019\u201d, el fin de esta convocatoria es incluir a cada profesional en la actividad de promoci\u00f3n y networking que realizar\u00e1 CinemaChile en el marco del mercado, facilitando el contacto con todos los acreditados internacionales.<\/span><\/p>\n<p><span style=\"font-weight: 400;\">Esperaremos sus respuestas hasta las 12.00 hrs. del pr\u00f3ximo mi\u00e9rcoles 13 de noviembre.<\/span><\/p>\n<p><span style=\"font-weight: 400;\">Equipo CinemaChile<\/span><\/p>\n<!-- AddThis Advanced Settings generic via filter on the_content --><!-- AddThis Share Buttons generic via filter on the_content -->","protected":false},"excerpt":{"rendered":"<p>En el \u00e1mbito internacional, la industria audiovisual extranjera desea seguir contando con el talento y la calidad que los profesionales de nuestro pa\u00eds y sus pel\u00edculas han demostrado tener sostenidamente durante la \u00faltima d\u00e9cada, siempre trabajando unidos y con un gran objetivo: exportar los mejores contenidos de ficci\u00f3n y documental que Chile ofrece, los que [&hellip;]<!-- AddThis Advanced Settings generic via filter on wp_trim_excerpt --><!-- AddThis Share Buttons generic via filter on wp_trim_excerpt --><\/p>\n","protected":false},"author":4,"featured_media":3090,"comment_status":"open","ping_status":"open","sticky":false,"template":"","format":"standard","meta":{"loftloader_page_shortcode":""},"categories":[1],"tags":[],"yoast_head":"<!-- This site is optimized with the Yoast SEO plugin v16.2 - https:\/\/yoast.com\/wordpress\/plugins\/seo\/ -->\n<title>Llamado dirigido a todas y todos los profesionales de la industria del cine nacional &raquo;<\/title>\n<meta name=\"robots\" content=\"index, follow, max-snippet:-1, max-image-preview:large, max-video-preview:-1\" \/>\n<link rel=\"canonical\" href=\"https:\/\/antes.cinemachile.cl\/llamado-delegacion-chilena-rumbo-a-ventana-sur-2019\/\" \/>\n<meta property=\"og:locale\" content=\"en_US\" \/>\n<meta property=\"og:type\" content=\"article\" \/>\n<meta property=\"og:title\" content=\"Llamado dirigido a todas y todos los profesionales de la industria del cine nacional &raquo;\" \/>\n<meta property=\"og:description\" content=\"En el \u00e1mbito internacional, la industria audiovisual extranjera desea seguir contando con el talento y la calidad que los profesionales de nuestro pa\u00eds y sus pel\u00edculas han demostrado tener sostenidamente durante la \u00faltima d\u00e9cada, siempre trabajando unidos y con un gran objetivo: exportar los mejores contenidos de ficci\u00f3n y documental que Chile ofrece, los que [&hellip;]\" \/>\n<meta property=\"og:url\" content=\"https:\/\/antes.cinemachile.cl\/llamado-delegacion-chilena-rumbo-a-ventana-sur-2019\/\" \/>\n<meta property=\"article:publisher\" content=\"https:\/\/www.facebook.com\/cinemachile\" \/>\n<meta property=\"article:published_time\" content=\"2019-10-31T02:32:19+00:00\" \/>\n<meta property=\"article:modified_time\" content=\"2019-11-19T15:51:56+00:00\" \/>\n<meta property=\"og:image\" content=\"https:\/\/cinemachile.cl\/wp-content\/uploads\/2019\/10\/banner-ventanasur.png\" \/>\n\t<meta property=\"og:image:width\" content=\"1920\" \/>\n\t<meta property=\"og:image:height\" content=\"606\" \/>\n<meta name=\"twitter:card\" content=\"summary_large_image\" \/>\n<meta name=\"twitter:creator\" content=\"@cinemachile\" \/>\n<meta name=\"twitter:site\" content=\"@cinemachile\" \/>\n<meta name=\"twitter:label1\" content=\"Est. reading time\">\n\t<meta name=\"twitter:data1\" content=\"5 minutes\">\n<script type=\"application\/ld+json\" class=\"yoast-schema-graph\">{\"@context\":\"https:\/\/schema.org\",\"@graph\":[{\"@type\":\"Organization\",\"@id\":\"https:\/\/antes.cinemachile.cl\/#organization\",\"name\":\"CinemaChile\",\"url\":\"https:\/\/antes.cinemachile.cl\/\",\"sameAs\":[\"https:\/\/www.facebook.com\/cinemachile\",\"https:\/\/www.instagram.com\/cinemachile\/\",\"https:\/\/twitter.com\/cinemachile\"],\"logo\":{\"@type\":\"ImageObject\",\"@id\":\"https:\/\/antes.cinemachile.cl\/#logo\",\"inLanguage\":\"en-US\",\"url\":\"https:\/\/cinemachile.cl\/wp-content\/uploads\/2020\/06\/logo-cinema-gif.gif\",\"contentUrl\":\"https:\/\/cinemachile.cl\/wp-content\/uploads\/2020\/06\/logo-cinema-gif.gif\",\"width\":330,\"height\":150,\"caption\":\"CinemaChile\"},\"image\":{\"@id\":\"https:\/\/antes.cinemachile.cl\/#logo\"}},{\"@type\":\"WebSite\",\"@id\":\"https:\/\/antes.cinemachile.cl\/#website\",\"url\":\"https:\/\/antes.cinemachile.cl\/\",\"name\":\"\",\"description\":\"\",\"publisher\":{\"@id\":\"https:\/\/antes.cinemachile.cl\/#organization\"},\"potentialAction\":[{\"@type\":\"SearchAction\",\"target\":\"https:\/\/antes.cinemachile.cl\/?s={search_term_string}\",\"query-input\":\"required name=search_term_string\"}],\"inLanguage\":\"en-US\"},{\"@type\":\"ImageObject\",\"@id\":\"https:\/\/antes.cinemachile.cl\/llamado-delegacion-chilena-rumbo-a-ventana-sur-2019\/#primaryimage\",\"inLanguage\":\"en-US\",\"url\":\"https:\/\/antes.cinemachile.cl\/wp-content\/uploads\/2019\/10\/banner-ventanasur.png\",\"contentUrl\":\"https:\/\/antes.cinemachile.cl\/wp-content\/uploads\/2019\/10\/banner-ventanasur.png\",\"width\":1920,\"height\":606},{\"@type\":\"WebPage\",\"@id\":\"https:\/\/antes.cinemachile.cl\/llamado-delegacion-chilena-rumbo-a-ventana-sur-2019\/#webpage\",\"url\":\"https:\/\/antes.cinemachile.cl\/llamado-delegacion-chilena-rumbo-a-ventana-sur-2019\/\",\"name\":\"Llamado dirigido a todas y todos los profesionales de la industria del cine nacional &raquo;\",\"isPartOf\":{\"@id\":\"https:\/\/antes.cinemachile.cl\/#website\"},\"primaryImageOfPage\":{\"@id\":\"https:\/\/antes.cinemachile.cl\/llamado-delegacion-chilena-rumbo-a-ventana-sur-2019\/#primaryimage\"},\"datePublished\":\"2019-10-31T02:32:19+00:00\",\"dateModified\":\"2019-11-19T15:51:56+00:00\",\"breadcrumb\":{\"@id\":\"https:\/\/antes.cinemachile.cl\/llamado-delegacion-chilena-rumbo-a-ventana-sur-2019\/#breadcrumb\"},\"inLanguage\":\"en-US\",\"potentialAction\":[{\"@type\":\"ReadAction\",\"target\":[\"https:\/\/antes.cinemachile.cl\/llamado-delegacion-chilena-rumbo-a-ventana-sur-2019\/\"]}]},{\"@type\":\"BreadcrumbList\",\"@id\":\"https:\/\/antes.cinemachile.cl\/llamado-delegacion-chilena-rumbo-a-ventana-sur-2019\/#breadcrumb\",\"itemListElement\":[{\"@type\":\"ListItem\",\"position\":1,\"item\":{\"@type\":\"WebPage\",\"@id\":\"https:\/\/antes.cinemachile.cl\/\",\"url\":\"https:\/\/antes.cinemachile.cl\/\",\"name\":\"Portada\"}},{\"@type\":\"ListItem\",\"position\":2,\"item\":{\"@id\":\"https:\/\/antes.cinemachile.cl\/llamado-delegacion-chilena-rumbo-a-ventana-sur-2019\/#webpage\"}}]},{\"@type\":\"Article\",\"@id\":\"https:\/\/antes.cinemachile.cl\/llamado-delegacion-chilena-rumbo-a-ventana-sur-2019\/#article\",\"isPartOf\":{\"@id\":\"https:\/\/antes.cinemachile.cl\/llamado-delegacion-chilena-rumbo-a-ventana-sur-2019\/#webpage\"},\"author\":{\"@id\":\"https:\/\/antes.cinemachile.cl\/#\/schema\/person\/ee02b79f2dae650098562382a24d21d1\"},\"headline\":\"Llamado dirigido a todas y todos los profesionales de la industria del cine nacional\",\"datePublished\":\"2019-10-31T02:32:19+00:00\",\"dateModified\":\"2019-11-19T15:51:56+00:00\",\"mainEntityOfPage\":{\"@id\":\"https:\/\/antes.cinemachile.cl\/llamado-delegacion-chilena-rumbo-a-ventana-sur-2019\/#webpage\"},\"commentCount\":0,\"publisher\":{\"@id\":\"https:\/\/antes.cinemachile.cl\/#organization\"},\"image\":{\"@id\":\"https:\/\/antes.cinemachile.cl\/llamado-delegacion-chilena-rumbo-a-ventana-sur-2019\/#primaryimage\"},\"articleSection\":[\"Sin categor\\u00eda\"],\"inLanguage\":\"en-US\",\"potentialAction\":[{\"@type\":\"CommentAction\",\"name\":\"Comment\",\"target\":[\"https:\/\/antes.cinemachile.cl\/llamado-delegacion-chilena-rumbo-a-ventana-sur-2019\/#respond\"]}]},{\"@type\":\"Person\",\"@id\":\"https:\/\/antes.cinemachile.cl\/#\/schema\/person\/ee02b79f2dae650098562382a24d21d1\",\"name\":\"Prensa CinemaChile\",\"image\":{\"@type\":\"ImageObject\",\"@id\":\"https:\/\/antes.cinemachile.cl\/#personlogo\",\"inLanguage\":\"en-US\",\"url\":\"https:\/\/secure.gravatar.com\/avatar\/b3ccb455f578dd97b84c14103abb9dcb?s=96&d=mm&r=g\",\"contentUrl\":\"https:\/\/secure.gravatar.com\/avatar\/b3ccb455f578dd97b84c14103abb9dcb?s=96&d=mm&r=g\",\"caption\":\"Prensa CinemaChile\"}}]}<\/script>\n<!-- \/ Yoast SEO plugin. -->","_links":{"self":[{"href":"https:\/\/antes.cinemachile.cl\/en\/wp-json\/wp\/v2\/posts\/3023"}],"collection":[{"href":"https:\/\/antes.cinemachile.cl\/en\/wp-json\/wp\/v2\/posts"}],"about":[{"href":"https:\/\/antes.cinemachile.cl\/en\/wp-json\/wp\/v2\/types\/post"}],"author":[{"embeddable":true,"href":"https:\/\/antes.cinemachile.cl\/en\/wp-json\/wp\/v2\/users\/4"}],"replies":[{"embeddable":true,"href":"https:\/\/antes.cinemachile.cl\/en\/wp-json\/wp\/v2\/comments?post=3023"}],"version-history":[{"count":13,"href":"https:\/\/antes.cinemachile.cl\/en\/wp-json\/wp\/v2\/posts\/3023\/revisions"}],"predecessor-version":[{"id":3093,"href":"https:\/\/antes.cinemachile.cl\/en\/wp-json\/wp\/v2\/posts\/3023\/revisions\/3093"}],"wp:featuredmedia":[{"embeddable":true,"href":"https:\/\/antes.cinemachile.cl\/en\/wp-json\/wp\/v2\/media\/3090"}],"wp:attachment":[{"href":"https:\/\/antes.cinemachile.cl\/en\/wp-json\/wp\/v2\/media?parent=3023"}],"wp:term":[{"taxonomy":"category","embeddable":true,"href":"https:\/\/antes.cinemachile.cl\/en\/wp-json\/wp\/v2\/categories?post=3023"},{"taxonomy":"post_tag","embeddable":true,"href":"https:\/\/antes.cinemachile.cl\/en\/wp-json\/wp\/v2\/tags?post=3023"}],"curies":[{"name":"wp","href":"https:\/\/api.w.org\/{rel}","templated":true}]}}