{"id":2995,"date":"2019-09-25T15:20:43","date_gmt":"2019-09-25T19:20:43","guid":{"rendered":"https:\/\/antes.cinemachile.cl?p=2995"},"modified":"2020-08-19T02:05:14","modified_gmt":"2020-08-19T06:05:14","slug":"jose-luis-torres-leiva-director-de-vendra-la-muerte-y-tendra-tus-ojos","status":"publish","type":"post","link":"https:\/\/antes.cinemachile.cl\/en\/espanol-jose-luis-torres-leiva-director-de-vendra-la-muerte-y-tendra-tus-ojos\/","title":{"rendered":"(Espa\u00f1ol) Jose Luis Torres Leiva, director de &#8220;Vendr\u00e1 la muerte y tendr\u00e1 tus ojos&#8221;"},"content":{"rendered":"<!-- AddThis Advanced Settings generic via filter on the_content --><!-- AddThis Share Buttons generic via filter on the_content -->","protected":false},"excerpt":{"rendered":"<p><!-- AddThis Advanced Settings generic via filter on wp_trim_excerpt --><!-- AddThis Share Buttons generic via filter on wp_trim_excerpt --><\/p>\n","protected":false},"author":3,"featured_media":2996,"comment_status":"open","ping_status":"open","sticky":false,"template":"","format":"video","meta":{"loftloader_page_shortcode":""},"categories":[1],"tags":[],"yoast_head":"<!-- This site is optimized with the Yoast SEO plugin v16.2 - https:\/\/yoast.com\/wordpress\/plugins\/seo\/ -->\n<title><\/title>\n<meta name=\"robots\" content=\"index, follow, max-snippet:-1, max-image-preview:large, max-video-preview:-1\" \/>\n<link rel=\"canonical\" href=\"https:\/\/antes.cinemachile.cl\/jose-luis-torres-leiva-director-de-vendra-la-muerte-y-tendra-tus-ojos\/\" \/>\n<meta property=\"og:locale\" content=\"en_US\" \/>\n<meta property=\"og:type\" content=\"article\" \/>\n<meta property=\"og:title\" content=\"[:es]Jose Luis Torres Leiva, director de &quot;Vendr\u00e1 la muerte y tendr\u00e1 tus ojos&quot;[:] &raquo;\" \/>\n<meta property=\"og:url\" content=\"https:\/\/antes.cinemachile.cl\/jose-luis-torres-leiva-director-de-vendra-la-muerte-y-tendra-tus-ojos\/\" \/>\n<meta property=\"article:publisher\" content=\"https:\/\/www.facebook.com\/cinemachile\" \/>\n<meta property=\"article:published_time\" content=\"2019-09-25T19:20:43+00:00\" \/>\n<meta property=\"article:modified_time\" content=\"2020-08-19T06:05:14+00:00\" \/>\n<meta property=\"og:image\" content=\"https:\/\/cinemachile.cl\/wp-content\/uploads\/2019\/10\/Screen-Shot-2019-10-16-at-4.22.34-PM.png\" \/>\n\t<meta property=\"og:image:width\" content=\"964\" \/>\n\t<meta property=\"og:image:height\" content=\"529\" \/>\n<meta name=\"twitter:card\" content=\"summary_large_image\" \/>\n<meta name=\"twitter:creator\" content=\"@cinemachile\" \/>\n<meta name=\"twitter:site\" content=\"@cinemachile\" \/>\n<script type=\"application\/ld+json\" class=\"yoast-schema-graph\">{\"@context\":\"https:\/\/schema.org\",\"@graph\":[{\"@type\":\"Organization\",\"@id\":\"https:\/\/antes.cinemachile.cl\/#organization\",\"name\":\"CinemaChile\",\"url\":\"https:\/\/antes.cinemachile.cl\/\",\"sameAs\":[\"https:\/\/www.facebook.com\/cinemachile\",\"https:\/\/www.instagram.com\/cinemachile\/\",\"https:\/\/twitter.com\/cinemachile\"],\"logo\":{\"@type\":\"ImageObject\",\"@id\":\"https:\/\/antes.cinemachile.cl\/#logo\",\"inLanguage\":\"en-US\",\"url\":\"https:\/\/cinemachile.cl\/wp-content\/uploads\/2020\/06\/logo-cinema-gif.gif\",\"contentUrl\":\"https:\/\/cinemachile.cl\/wp-content\/uploads\/2020\/06\/logo-cinema-gif.gif\",\"width\":330,\"height\":150,\"caption\":\"CinemaChile\"},\"image\":{\"@id\":\"https:\/\/antes.cinemachile.cl\/#logo\"}},{\"@type\":\"WebSite\",\"@id\":\"https:\/\/antes.cinemachile.cl\/#website\",\"url\":\"https:\/\/antes.cinemachile.cl\/\",\"name\":\"\",\"description\":\"\",\"publisher\":{\"@id\":\"https:\/\/antes.cinemachile.cl\/#organization\"},\"potentialAction\":[{\"@type\":\"SearchAction\",\"target\":\"https:\/\/antes.cinemachile.cl\/?s={search_term_string}\",\"query-input\":\"required name=search_term_string\"}],\"inLanguage\":\"en-US\"},{\"@type\":\"ImageObject\",\"@id\":\"https:\/\/antes.cinemachile.cl\/jose-luis-torres-leiva-director-de-vendra-la-muerte-y-tendra-tus-ojos\/#primaryimage\",\"inLanguage\":\"en-US\",\"url\":\"https:\/\/antes.cinemachile.cl\/wp-content\/uploads\/2019\/10\/Screen-Shot-2019-10-16-at-4.22.34-PM.png\",\"contentUrl\":\"https:\/\/antes.cinemachile.cl\/wp-content\/uploads\/2019\/10\/Screen-Shot-2019-10-16-at-4.22.34-PM.png\",\"width\":964,\"height\":529},{\"@type\":\"WebPage\",\"@id\":\"https:\/\/antes.cinemachile.cl\/jose-luis-torres-leiva-director-de-vendra-la-muerte-y-tendra-tus-ojos\/#webpage\",\"url\":\"https:\/\/antes.cinemachile.cl\/jose-luis-torres-leiva-director-de-vendra-la-muerte-y-tendra-tus-ojos\/\",\"name\":\"[:es]Jose Luis Torres Leiva, director de \\\"Vendr\\u00e1 la muerte y tendr\\u00e1 tus ojos\\\"[:] &raquo;\",\"isPartOf\":{\"@id\":\"https:\/\/antes.cinemachile.cl\/#website\"},\"primaryImageOfPage\":{\"@id\":\"https:\/\/antes.cinemachile.cl\/jose-luis-torres-leiva-director-de-vendra-la-muerte-y-tendra-tus-ojos\/#primaryimage\"},\"datePublished\":\"2019-09-25T19:20:43+00:00\",\"dateModified\":\"2020-08-19T06:05:14+00:00\",\"breadcrumb\":{\"@id\":\"https:\/\/antes.cinemachile.cl\/jose-luis-torres-leiva-director-de-vendra-la-muerte-y-tendra-tus-ojos\/#breadcrumb\"},\"inLanguage\":\"en-US\",\"potentialAction\":[{\"@type\":\"ReadAction\",\"target\":[\"https:\/\/antes.cinemachile.cl\/jose-luis-torres-leiva-director-de-vendra-la-muerte-y-tendra-tus-ojos\/\"]}]},{\"@type\":\"BreadcrumbList\",\"@id\":\"https:\/\/antes.cinemachile.cl\/jose-luis-torres-leiva-director-de-vendra-la-muerte-y-tendra-tus-ojos\/#breadcrumb\",\"itemListElement\":[{\"@type\":\"ListItem\",\"position\":1,\"item\":{\"@type\":\"WebPage\",\"@id\":\"https:\/\/antes.cinemachile.cl\/\",\"url\":\"https:\/\/antes.cinemachile.cl\/\",\"name\":\"Portada\"}},{\"@type\":\"ListItem\",\"position\":2,\"item\":{\"@id\":\"https:\/\/antes.cinemachile.cl\/jose-luis-torres-leiva-director-de-vendra-la-muerte-y-tendra-tus-ojos\/#webpage\"}}]},{\"@type\":\"Article\",\"@id\":\"https:\/\/antes.cinemachile.cl\/jose-luis-torres-leiva-director-de-vendra-la-muerte-y-tendra-tus-ojos\/#article\",\"isPartOf\":{\"@id\":\"https:\/\/antes.cinemachile.cl\/jose-luis-torres-leiva-director-de-vendra-la-muerte-y-tendra-tus-ojos\/#webpage\"},\"author\":{\"@id\":\"https:\/\/antes.cinemachile.cl\/#\/schema\/person\/398f7119e5fa6cbddeedbc92c83c9dc8\"},\"headline\":\"(Espa\\u00f1ol) Jose Luis Torres Leiva, director de &#8220;Vendr\\u00e1 la muerte y tendr\\u00e1 tus ojos&#8221;\",\"datePublished\":\"2019-09-25T19:20:43+00:00\",\"dateModified\":\"2020-08-19T06:05:14+00:00\",\"mainEntityOfPage\":{\"@id\":\"https:\/\/antes.cinemachile.cl\/jose-luis-torres-leiva-director-de-vendra-la-muerte-y-tendra-tus-ojos\/#webpage\"},\"commentCount\":0,\"publisher\":{\"@id\":\"https:\/\/antes.cinemachile.cl\/#organization\"},\"image\":{\"@id\":\"https:\/\/antes.cinemachile.cl\/jose-luis-torres-leiva-director-de-vendra-la-muerte-y-tendra-tus-ojos\/#primaryimage\"},\"articleSection\":[\"Sin categor\\u00eda\"],\"inLanguage\":\"en-US\",\"potentialAction\":[{\"@type\":\"CommentAction\",\"name\":\"Comment\",\"target\":[\"https:\/\/antes.cinemachile.cl\/jose-luis-torres-leiva-director-de-vendra-la-muerte-y-tendra-tus-ojos\/#respond\"]}]},{\"@type\":\"Person\",\"@id\":\"https:\/\/antes.cinemachile.cl\/#\/schema\/person\/398f7119e5fa6cbddeedbc92c83c9dc8\",\"name\":\"Javi\",\"image\":{\"@type\":\"ImageObject\",\"@id\":\"https:\/\/antes.cinemachile.cl\/#personlogo\",\"inLanguage\":\"en-US\",\"url\":\"https:\/\/secure.gravatar.com\/avatar\/910b1edd78db85cb2357db80f6b4f20e?s=96&d=mm&r=g\",\"contentUrl\":\"https:\/\/secure.gravatar.com\/avatar\/910b1edd78db85cb2357db80f6b4f20e?s=96&d=mm&r=g\",\"caption\":\"Javi\"}}]}<\/script>\n<!-- \/ Yoast SEO plugin. -->","_links":{"self":[{"href":"https:\/\/antes.cinemachile.cl\/en\/wp-json\/wp\/v2\/posts\/2995"}],"collection":[{"href":"https:\/\/antes.cinemachile.cl\/en\/wp-json\/wp\/v2\/posts"}],"about":[{"href":"https:\/\/antes.cinemachile.cl\/en\/wp-json\/wp\/v2\/types\/post"}],"author":[{"embeddable":true,"href":"https:\/\/antes.cinemachile.cl\/en\/wp-json\/wp\/v2\/users\/3"}],"replies":[{"embeddable":true,"href":"https:\/\/antes.cinemachile.cl\/en\/wp-json\/wp\/v2\/comments?post=2995"}],"version-history":[{"count":1,"href":"https:\/\/antes.cinemachile.cl\/en\/wp-json\/wp\/v2\/posts\/2995\/revisions"}],"predecessor-version":[{"id":2997,"href":"https:\/\/antes.cinemachile.cl\/en\/wp-json\/wp\/v2\/posts\/2995\/revisions\/2997"}],"wp:featuredmedia":[{"embeddable":true,"href":"https:\/\/antes.cinemachile.cl\/en\/wp-json\/wp\/v2\/media\/2996"}],"wp:attachment":[{"href":"https:\/\/antes.cinemachile.cl\/en\/wp-json\/wp\/v2\/media?parent=2995"}],"wp:term":[{"taxonomy":"category","embeddable":true,"href":"https:\/\/antes.cinemachile.cl\/en\/wp-json\/wp\/v2\/categories?post=2995"},{"taxonomy":"post_tag","embeddable":true,"href":"https:\/\/antes.cinemachile.cl\/en\/wp-json\/wp\/v2\/tags?post=2995"}],"curies":[{"name":"wp","href":"https:\/\/api.w.org\/{rel}","templated":true}]}}