{"id":2977,"date":"2019-10-11T12:10:15","date_gmt":"2019-10-11T16:10:15","guid":{"rendered":"https:\/\/antes.cinemachile.cl?p=2977"},"modified":"2019-11-06T12:11:34","modified_gmt":"2019-11-06T16:11:34","slug":"chile-presentara-en-mipcom-mas-de-20-proyectos-y-el-lanzamiento-de-una-gran-coproduccion-internacional","status":"publish","type":"post","link":"https:\/\/antes.cinemachile.cl\/en\/espanol-chile-presentara-en-mipcom-de-20-proyectos-y-el-lanzamiento-de-una-gran-coproduccion-internacional\/","title":{"rendered":"Chile Will Present Over 20 Projects at MIPCOM, Along With the Launch of a Large International Co-Production"},"content":{"rendered":"<p><em>&gt;&gt;&gt; A robust delegation of Chilean production companies will present their digital contents before international business leaders and buyers at Cannes, in the framework of Mipcom and its prelude dedicated to children\u2019s contents, MipJunior. Chile will stand out with a total 22 completed and developing projects, including series, miniseries, and feature-length films, in an edition that will place its focus on the push of streaming platforms.<\/em><\/p>\n<p><em>&gt;&gt;&gt; One of the high points of Chile\u2019s presence will be the launch of the series <\/em>Dignidad<em>, co-produced by Chile (Invercine&amp;Wood and the CNTV Fund) and Germany (Storyhouse), who will present the first episode before members of the industry and press with the presence of its German cast.<\/em><\/p>\n<p>&nbsp;<\/p>\n<p>Cannes\u00a0(France) will be the gathering point for the most influential representatives and executives of digital creative industries during a new version of <strong>Mipcom<\/strong>, the world\u2019s most important TV contents market, set to take place from <strong>October 14<sup>th<\/sup> through 17<sup>th<\/sup><\/strong>. Chile shall attend the event with a delegation of nine companies that will show the world the quality and talent of our national industry. These will have the on-site support of <strong>CinemaChile<\/strong>, <strong>ProChile<\/strong>\u2019s sectorial brand, with the objective of generating new business opportunities. Both Mipcom and <strong>MipJunior<\/strong> \u2013which will take place on <strong>October 12<sup>th<\/sup> and 13<sup>th<\/sup> <\/strong>\u2013 are events oriented towards meetings with television channels and broadcasters seeking to buy and sell new programs and audiovisual formats<\/p>\n<p>\u201cWe are aware of this market\u2019s importance to the Chilean audiovisual industry and, in that sense, our commitment is to support the diverse actions that take place here, particularly to facilitate networking and business opportunities between our companies and their counterparts. Also, we\u2019re talking about fiction, documentary, and animation series; in other words, contents that contribute to the promotion of our geographical and cultural wealth, which contribute to the diversification and aggregation of value,\u201d assures <strong>Ignacio Morand\u00e9, ProChile\u2019s Commercial Director in France.<\/strong><\/p>\n<figure id=\"attachment_2978\" aria-describedby=\"caption-attachment-2978\" style=\"width: 498px\" class=\"wp-caption alignright\"><img loading=\"lazy\" class=\"wp-image-2978\" src=\"http:\/\/cinemachile.cl\/wp-content\/uploads\/2019\/10\/LocosLab-1024x576.jpg\" alt=\"\" width=\"498\" height=\"280\" srcset=\"https:\/\/antes.cinemachile.cl\/wp-content\/uploads\/2019\/10\/LocosLab-1024x576.jpg 1024w, https:\/\/antes.cinemachile.cl\/wp-content\/uploads\/2019\/10\/LocosLab-300x169.jpg 300w, https:\/\/antes.cinemachile.cl\/wp-content\/uploads\/2019\/10\/LocosLab-768x432.jpg 768w, https:\/\/antes.cinemachile.cl\/wp-content\/uploads\/2019\/10\/LocosLab.jpg 1920w\" sizes=\"(max-width: 498px) 100vw, 498px\" \/><figcaption id=\"caption-attachment-2978\" class=\"wp-caption-text\">&#8220;Locos Lab&#8221;<\/figcaption><\/figure>\n<p>On one side, <strong>MIPJunior<\/strong> is considered the world\u2019s most relevant children\u2019s entertainment industry gathering, where the Chilean participants are producers <strong>Cecilia G\u00f3mez<\/strong> and <strong>Melissa Vega<\/strong> in representation of the Chilean production company <strong>Dinogorila<\/strong>, with the animated projects <strong><em>Hola Flinko<\/em><\/strong> and <strong><em>Locos Lab<\/em><\/strong>.<\/p>\n<p>After that, and during the four days of Mipcom\u2019s conferences, screenings, networking activities, and a market section aimed towards facilitating audiovisual deals, another eight Chilean production companies will be promoting their best completed and developing projects, seeking distribution and new partners.<\/p>\n<p>One of the high points of Chile\u2019s presence at Cannes will be the launch of <strong><em>Dignidad<\/em><\/strong>, a series co-produced by the Chilean production company Invercine&amp;Wood, along with the Chilean National Television Council (CNTV) and the German production company Storyhouse. Created by <strong>Mar\u00eda Elena Wood<\/strong> and <strong>Patricio Pereira<\/strong> and directed by <strong>Julio Jorquera<\/strong>, the fiction series is based around the lawyer that uncovered the Colonia Dignidad case in 1997 and was shot in Villa Baviera. Its cast includes German actor G\u00f6tz Otto, from films such as <em>Schindler\u2019s List<\/em> and <em>The Fall<\/em>, in the role of Paul Sch\u00e4fer. The co-production \u2013which will be broadcast in Chile through Mega\u2014 will be the first international original series on Joyn, Discovery and ProSiebenSat.1\u2019s German OTT media service.<\/p>\n<figure id=\"attachment_2979\" aria-describedby=\"caption-attachment-2979\" style=\"width: 671px\" class=\"wp-caption aligncenter\"><img loading=\"lazy\" class=\"wp-image-2979 \" src=\"http:\/\/cinemachile.cl\/wp-content\/uploads\/2019\/10\/Dignidad1-1024x659.jpg\" alt=\"\" width=\"671\" height=\"432\" srcset=\"https:\/\/antes.cinemachile.cl\/wp-content\/uploads\/2019\/10\/Dignidad1-1024x659.jpg 1024w, https:\/\/antes.cinemachile.cl\/wp-content\/uploads\/2019\/10\/Dignidad1-300x193.jpg 300w, https:\/\/antes.cinemachile.cl\/wp-content\/uploads\/2019\/10\/Dignidad1-768x494.jpg 768w, https:\/\/antes.cinemachile.cl\/wp-content\/uploads\/2019\/10\/Dignidad1.jpg 1748w\" sizes=\"(max-width: 671px) 100vw, 671px\" \/><figcaption id=\"caption-attachment-2979\" class=\"wp-caption-text\">&#8220;Dignidad&#8221;<\/figcaption><\/figure>\n<p>Another of Chile\u2019s great innovations at Mipcom will be the inclusion of the <strong>National Television Council (CNTV)<\/strong> in the promotion of Chilean contents, given the opportunity for opening co-production options for the directors it works with and the dissemination of several of the television projects that have received grants from the CNTV Fund.<\/p>\n<p>\u201cWe have a very powerful differentiating element: the CNTV Fund exists because of and for audience\u2019s benefit, and we believe that it transmits universal values,\u201d says the president of the <strong>National Television Fund, Catalina Parot. <\/strong>She adds: \u201cThe diffusion of these series is also a way to show Chile\u2019s formidable natural beauty and incredible geographical and cultural diversity throughout the world through audiovisual productions.\u201d<\/p>\n<p>Since Mipcom is a market that must be attended each year in order to both maintain contacts and open up new markets, Chile\u2019s participation includes five producers that will attend thanks to the support of the <strong>Ministry of<\/strong> <strong>Cultures, the Arts, and Patrimony<\/strong>, through its <strong>Support Program for Participation in International Markets<\/strong>, which is part of the <strong>Council for Art and the Audiovisual Industry (CAIA). <\/strong>These producers are <strong>Sebasti\u00e1n Freund<\/strong> (president of the Film and Television Producers Association, APCT),\u00a0<strong>Sergio G\u00e1ndara<\/strong>, <strong>Patricio Ochoa<\/strong>, <strong>Carola Fuentes<\/strong> and <strong>Mat\u00edas Amo\u00e7ain<\/strong>.<\/p>\n<figure id=\"attachment_2984\" aria-describedby=\"caption-attachment-2984\" style=\"width: 503px\" class=\"wp-caption alignleft\"><img loading=\"lazy\" class=\"wp-image-2984\" src=\"http:\/\/cinemachile.cl\/wp-content\/uploads\/2019\/10\/la-jauria-1024x523.jpg\" alt=\"\" width=\"503\" height=\"257\" srcset=\"https:\/\/antes.cinemachile.cl\/wp-content\/uploads\/2019\/10\/la-jauria-1024x523.jpg 1024w, https:\/\/antes.cinemachile.cl\/wp-content\/uploads\/2019\/10\/la-jauria-300x153.jpg 300w, https:\/\/antes.cinemachile.cl\/wp-content\/uploads\/2019\/10\/la-jauria-768x392.jpg 768w, https:\/\/antes.cinemachile.cl\/wp-content\/uploads\/2019\/10\/la-jauria.jpg 1500w\" sizes=\"(max-width: 503px) 100vw, 503px\" \/><figcaption id=\"caption-attachment-2984\" class=\"wp-caption-text\">&#8220;La jaur\u00eda&#8221;<\/figcaption><\/figure>\n<p><strong>Amo\u00e7ain<\/strong> will attend in representation of <strong>Fabula TV<\/strong> with two series produced by Pablo and Juan de Dios Larra\u00edn: <strong><em>Santa Mar\u00eda, <\/em><\/strong>which is directed by Ram\u00f3n Salazar and is currently seeking financing; and <strong><em>La Jaur\u00eda, <\/em><\/strong>directed by Luc\u00eda Puenzo, which is seeking financing and buyers.\u00a0 <strong>Fuentes<\/strong> will attend the event on behalf of <strong>La Ventana Cine<\/strong> with three developing projects directed Rafael Valdeavellano: <strong><em>Misi\u00f3n ant\u00e1rtica<\/em><\/strong>, <strong><em>Tres hombres porfiados <\/em><\/strong>and <strong><em>Los raros, <\/em><\/strong>co-directed by Valdeavellano and Fuentes. <strong>Ochoa<\/strong> will bring three productions in representation of <strong>La Merced Producciones<\/strong>: <strong><em>Chivo negro <\/em><\/strong>by Max Morales and Antonia Renard, <strong><em>Historias clandestinas <\/em><\/strong>by Jos\u00e9 Mar\u00eda Gonz\u00e1lez, and <strong><em>El encuentro\u00a0<\/em><\/strong>by filmmaker Dominga Sotomayor.<\/p>\n<p>Meanwhile, <strong>G\u00e1ndara <\/strong>will travel to Europe representing <strong>Parox<\/strong>, with three projects under his wing: <strong><em>Civilizaci\u00f3n <\/em><\/strong>by Diego Breit, which requires financing; <strong><em>Tristeza <\/em><\/strong>by Rodrigo Susarte, which is currently in development stages; and <strong><em>Puente de plata<\/em><\/strong><em>, <\/em>directed by Marcela Said, which is seeking financing.\u00a0<strong>Freund<\/strong> will represent <strong>Rizoma<\/strong> with three projects that require co-producers: <strong><em>La cuarta carabela <\/em><\/strong>by Juan Ignacio Sabatini and Nicol\u00e1s Acu\u00f1a; <strong><em>Winnipeg <\/em><\/strong>by Alejandro Fern\u00e1ndez Almendras; and <strong><em>El ni\u00f1o llora <\/em><\/strong>by Lucio Rojas.<\/p>\n<p>They will be joined by <strong>Mar\u00eda Elena Wood<\/strong> and <strong>Macarena Cardone<\/strong> from <strong>Invercine&amp;Wood<\/strong>, who in addition to presenting <em>Dignidad<\/em> will also present <strong><em>Se\u00f1or y Se\u00f1ora P<\/em><\/strong><em>. <\/em>and <strong><em>Los Jaivas: Todos Juntos<\/em><\/strong>. Other members of the delegation are <strong>Villano<\/strong> producer <strong>Juan Pablo Sallato<\/strong> with fiction projects <strong><em>Libre<\/em><\/strong> and <strong><em>La Cacer\u00eda<\/em><\/strong> (second season); <strong>Viviana S\u00e1ez<\/strong> and <strong>Gonzalo Sabath<\/strong> from <strong>VG Audiovisual<\/strong>, who will promote their fiction series <strong><em>Las aventuras de Mila<\/em><\/strong>; and representatives for the investment company <strong>Screen Capital<\/strong>, <strong>Joyce Zylberberg <\/strong>and<strong> Tatiana Emden<\/strong>.<\/p>\n<p><a href=\"http:\/\/cinemachile.cl\/wp-content\/uploads\/2019\/10\/Presskit-mipcom-final.pdf\"><img loading=\"lazy\" class=\"wp-image-2981 size-full\" src=\"http:\/\/cinemachile.cl\/wp-content\/uploads\/2019\/10\/PRESSKIT-MIPCOM.jpg\" alt=\"\" width=\"500\" height=\"330\" srcset=\"https:\/\/antes.cinemachile.cl\/wp-content\/uploads\/2019\/10\/PRESSKIT-MIPCOM.jpg 500w, https:\/\/antes.cinemachile.cl\/wp-content\/uploads\/2019\/10\/PRESSKIT-MIPCOM-300x198.jpg 300w\" sizes=\"(max-width: 500px) 100vw, 500px\" \/><\/a><\/p>\n<p>&#8212;<\/p>\n<p>Annex<\/p>\n<p><strong>What is CNTV?\u00a0<\/strong><\/p>\n<p>The National Television Council (CNTV) is the organization that regulates the functioning of Chilean television through institutional policies that orient, stimulate, and regulate the activity of the actors involved in the television phenomenon. It works hand in hand with technological and sociocultural changes, in a context of growing internationalization.<\/p>\n<p>&nbsp;<\/p>\n<p><strong>CNTV Fund<\/strong><\/p>\n<p>The National Television Council provides Chile\u2019s most important subsidy for television production. Through its CNTV Fund, it seeks to promote, finance, or subsidize the production, transmission, or diffusion of high-quality programs that respond to cultural, national, or regional interests, and which are capable of developing diverse contents that reflect the diversity of current Chilean society: programs that provide democratic values or increase the audience\u2019s levels of information, education, or formation. It finances contents is categories such as fiction; non-fiction; historical, regional, local and community series and miniseries; preschool (ages 3-6); children (ages 6-12); and new seasons already financed by the fund. Both independent production companies and Chilean stations are eligible for these funds.<\/p>\n<p>&nbsp;<\/p>\n<p><strong>An Opportunity to Co-Produce with Chile<\/strong><\/p>\n<p>With the objective of promoting the growth and development of projects financed by the CNTV Fund, starting from this year, all of the aforementioned categories can be applied to under the \u201cinternational co-production\u201d status.<\/p>\n<p>The project\u2019s contents must be relevant to Chilean audiences and must demonstrate potential for internationalization. Applicants may participate through an association between one or more Chilean co-producers and one or more international co-producers, producers and\/or television stations. Broadcasting rights in Chile must be owned by the Chilean co-producers, but international broadcasting rights may be negotiated amongst co-producers.<\/p>\n<p>&nbsp;<\/p>\n<p>&nbsp;<\/p>\n<p>&nbsp;<\/p>\n<p>&nbsp;<\/p>\n<!-- AddThis Advanced Settings generic via filter on the_content --><!-- AddThis Share Buttons generic via filter on the_content -->","protected":false},"excerpt":{"rendered":"<p>&gt;&gt;&gt; A robust delegation of Chilean production companies will present their digital contents before international business leaders and buyers at Cannes, in the framework of Mipcom and its prelude dedicated to children\u2019s contents, MipJunior. Chile will stand out with a total 22 completed and developing projects, including series, miniseries, and feature-length films, in an edition [&hellip;]<!-- AddThis Advanced Settings generic via filter on wp_trim_excerpt --><!-- AddThis Share Buttons generic via filter on wp_trim_excerpt --><\/p>\n","protected":false},"author":4,"featured_media":2971,"comment_status":"open","ping_status":"open","sticky":false,"template":"","format":"standard","meta":{"loftloader_page_shortcode":""},"categories":[1],"tags":[],"yoast_head":"<!-- This site is optimized with the Yoast SEO plugin v16.2 - https:\/\/yoast.com\/wordpress\/plugins\/seo\/ -->\n<title>Chile Will Present Over 20 Projects at MIPCOM, Along With the Launch of a Large International Co-Production &raquo;<\/title>\n<meta name=\"robots\" content=\"index, follow, max-snippet:-1, max-image-preview:large, max-video-preview:-1\" \/>\n<link rel=\"canonical\" href=\"https:\/\/antes.cinemachile.cl\/chile-presentara-en-mipcom-de-20-proyectos-y-el-lanzamiento-de-una-gran-coproduccion-internacional\/\" \/>\n<meta property=\"og:locale\" content=\"en_US\" \/>\n<meta property=\"og:type\" content=\"article\" \/>\n<meta property=\"og:title\" content=\"[:es]Chile presentar\u00e1 en MIPCOM m\u00e1s de 20 proyectos y el lanzamiento de una gran coproducci\u00f3n internacional[:en]Chile Will Present Over 20 Projects at MIPCOM, Along With the Launch of a Large International Co-Production[:] &raquo;\" \/>\n<meta property=\"og:description\" content=\"&gt;&gt;&gt; A robust delegation of Chilean production companies will present their digital contents before international business leaders and buyers at Cannes, in the framework of Mipcom and its prelude dedicated to children\u2019s contents, MipJunior. Chile will stand out with a total 22 completed and developing projects, including series, miniseries, and feature-length films, in an edition [&hellip;]\" \/>\n<meta property=\"og:url\" content=\"https:\/\/antes.cinemachile.cl\/chile-presentara-en-mipcom-de-20-proyectos-y-el-lanzamiento-de-una-gran-coproduccion-internacional\/\" \/>\n<meta property=\"article:publisher\" content=\"https:\/\/www.facebook.com\/cinemachile\" \/>\n<meta property=\"article:published_time\" content=\"2019-10-11T16:10:15+00:00\" \/>\n<meta property=\"article:modified_time\" content=\"2019-11-06T16:11:34+00:00\" \/>\n<meta property=\"og:image\" content=\"https:\/\/cinemachile.cl\/wp-content\/uploads\/2019\/10\/banner-mipcom.jpg\" \/>\n\t<meta property=\"og:image:width\" content=\"1920\" \/>\n\t<meta property=\"og:image:height\" content=\"800\" \/>\n<meta name=\"twitter:card\" content=\"summary_large_image\" \/>\n<meta name=\"twitter:creator\" content=\"@cinemachile\" \/>\n<meta name=\"twitter:site\" content=\"@cinemachile\" \/>\n<meta name=\"twitter:label1\" content=\"Est. reading time\">\n\t<meta name=\"twitter:data1\" content=\"14 minutes\">\n<script type=\"application\/ld+json\" class=\"yoast-schema-graph\">{\"@context\":\"https:\/\/schema.org\",\"@graph\":[{\"@type\":\"Organization\",\"@id\":\"https:\/\/antes.cinemachile.cl\/#organization\",\"name\":\"CinemaChile\",\"url\":\"https:\/\/antes.cinemachile.cl\/\",\"sameAs\":[\"https:\/\/www.facebook.com\/cinemachile\",\"https:\/\/www.instagram.com\/cinemachile\/\",\"https:\/\/twitter.com\/cinemachile\"],\"logo\":{\"@type\":\"ImageObject\",\"@id\":\"https:\/\/antes.cinemachile.cl\/#logo\",\"inLanguage\":\"en-US\",\"url\":\"https:\/\/cinemachile.cl\/wp-content\/uploads\/2020\/06\/logo-cinema-gif.gif\",\"contentUrl\":\"https:\/\/cinemachile.cl\/wp-content\/uploads\/2020\/06\/logo-cinema-gif.gif\",\"width\":330,\"height\":150,\"caption\":\"CinemaChile\"},\"image\":{\"@id\":\"https:\/\/antes.cinemachile.cl\/#logo\"}},{\"@type\":\"WebSite\",\"@id\":\"https:\/\/antes.cinemachile.cl\/#website\",\"url\":\"https:\/\/antes.cinemachile.cl\/\",\"name\":\"\",\"description\":\"\",\"publisher\":{\"@id\":\"https:\/\/antes.cinemachile.cl\/#organization\"},\"potentialAction\":[{\"@type\":\"SearchAction\",\"target\":\"https:\/\/antes.cinemachile.cl\/?s={search_term_string}\",\"query-input\":\"required name=search_term_string\"}],\"inLanguage\":\"en-US\"},{\"@type\":\"ImageObject\",\"@id\":\"https:\/\/antes.cinemachile.cl\/chile-presentara-en-mipcom-de-20-proyectos-y-el-lanzamiento-de-una-gran-coproduccion-internacional\/#primaryimage\",\"inLanguage\":\"en-US\",\"url\":\"https:\/\/antes.cinemachile.cl\/wp-content\/uploads\/2019\/10\/banner-mipcom.jpg\",\"contentUrl\":\"https:\/\/antes.cinemachile.cl\/wp-content\/uploads\/2019\/10\/banner-mipcom.jpg\",\"width\":1920,\"height\":800},{\"@type\":\"WebPage\",\"@id\":\"https:\/\/antes.cinemachile.cl\/chile-presentara-en-mipcom-de-20-proyectos-y-el-lanzamiento-de-una-gran-coproduccion-internacional\/#webpage\",\"url\":\"https:\/\/antes.cinemachile.cl\/chile-presentara-en-mipcom-de-20-proyectos-y-el-lanzamiento-de-una-gran-coproduccion-internacional\/\",\"name\":\"[:es]Chile presentar\\u00e1 en MIPCOM m\\u00e1s de 20 proyectos y el lanzamiento de una gran coproducci\\u00f3n internacional[:en]Chile Will Present Over 20 Projects at MIPCOM, Along With the Launch of a Large International Co-Production[:] &raquo;\",\"isPartOf\":{\"@id\":\"https:\/\/antes.cinemachile.cl\/#website\"},\"primaryImageOfPage\":{\"@id\":\"https:\/\/antes.cinemachile.cl\/chile-presentara-en-mipcom-de-20-proyectos-y-el-lanzamiento-de-una-gran-coproduccion-internacional\/#primaryimage\"},\"datePublished\":\"2019-10-11T16:10:15+00:00\",\"dateModified\":\"2019-11-06T16:11:34+00:00\",\"breadcrumb\":{\"@id\":\"https:\/\/antes.cinemachile.cl\/chile-presentara-en-mipcom-de-20-proyectos-y-el-lanzamiento-de-una-gran-coproduccion-internacional\/#breadcrumb\"},\"inLanguage\":\"en-US\",\"potentialAction\":[{\"@type\":\"ReadAction\",\"target\":[\"https:\/\/antes.cinemachile.cl\/chile-presentara-en-mipcom-de-20-proyectos-y-el-lanzamiento-de-una-gran-coproduccion-internacional\/\"]}]},{\"@type\":\"BreadcrumbList\",\"@id\":\"https:\/\/antes.cinemachile.cl\/chile-presentara-en-mipcom-de-20-proyectos-y-el-lanzamiento-de-una-gran-coproduccion-internacional\/#breadcrumb\",\"itemListElement\":[{\"@type\":\"ListItem\",\"position\":1,\"item\":{\"@type\":\"WebPage\",\"@id\":\"https:\/\/antes.cinemachile.cl\/\",\"url\":\"https:\/\/antes.cinemachile.cl\/\",\"name\":\"Portada\"}},{\"@type\":\"ListItem\",\"position\":2,\"item\":{\"@id\":\"https:\/\/antes.cinemachile.cl\/chile-presentara-en-mipcom-de-20-proyectos-y-el-lanzamiento-de-una-gran-coproduccion-internacional\/#webpage\"}}]},{\"@type\":\"Article\",\"@id\":\"https:\/\/antes.cinemachile.cl\/chile-presentara-en-mipcom-de-20-proyectos-y-el-lanzamiento-de-una-gran-coproduccion-internacional\/#article\",\"isPartOf\":{\"@id\":\"https:\/\/antes.cinemachile.cl\/chile-presentara-en-mipcom-de-20-proyectos-y-el-lanzamiento-de-una-gran-coproduccion-internacional\/#webpage\"},\"author\":{\"@id\":\"https:\/\/antes.cinemachile.cl\/#\/schema\/person\/ee02b79f2dae650098562382a24d21d1\"},\"headline\":\"Chile Will Present Over 20 Projects at MIPCOM, Along With the Launch of a Large International Co-Production\",\"datePublished\":\"2019-10-11T16:10:15+00:00\",\"dateModified\":\"2019-11-06T16:11:34+00:00\",\"mainEntityOfPage\":{\"@id\":\"https:\/\/antes.cinemachile.cl\/chile-presentara-en-mipcom-de-20-proyectos-y-el-lanzamiento-de-una-gran-coproduccion-internacional\/#webpage\"},\"commentCount\":0,\"publisher\":{\"@id\":\"https:\/\/antes.cinemachile.cl\/#organization\"},\"image\":{\"@id\":\"https:\/\/antes.cinemachile.cl\/chile-presentara-en-mipcom-de-20-proyectos-y-el-lanzamiento-de-una-gran-coproduccion-internacional\/#primaryimage\"},\"articleSection\":[\"Sin categor\\u00eda\"],\"inLanguage\":\"en-US\",\"potentialAction\":[{\"@type\":\"CommentAction\",\"name\":\"Comment\",\"target\":[\"https:\/\/antes.cinemachile.cl\/chile-presentara-en-mipcom-de-20-proyectos-y-el-lanzamiento-de-una-gran-coproduccion-internacional\/#respond\"]}]},{\"@type\":\"Person\",\"@id\":\"https:\/\/antes.cinemachile.cl\/#\/schema\/person\/ee02b79f2dae650098562382a24d21d1\",\"name\":\"Prensa CinemaChile\",\"image\":{\"@type\":\"ImageObject\",\"@id\":\"https:\/\/antes.cinemachile.cl\/#personlogo\",\"inLanguage\":\"en-US\",\"url\":\"https:\/\/secure.gravatar.com\/avatar\/b3ccb455f578dd97b84c14103abb9dcb?s=96&d=mm&r=g\",\"contentUrl\":\"https:\/\/secure.gravatar.com\/avatar\/b3ccb455f578dd97b84c14103abb9dcb?s=96&d=mm&r=g\",\"caption\":\"Prensa CinemaChile\"}}]}<\/script>\n<!-- \/ Yoast SEO plugin. -->","_links":{"self":[{"href":"https:\/\/antes.cinemachile.cl\/en\/wp-json\/wp\/v2\/posts\/2977"}],"collection":[{"href":"https:\/\/antes.cinemachile.cl\/en\/wp-json\/wp\/v2\/posts"}],"about":[{"href":"https:\/\/antes.cinemachile.cl\/en\/wp-json\/wp\/v2\/types\/post"}],"author":[{"embeddable":true,"href":"https:\/\/antes.cinemachile.cl\/en\/wp-json\/wp\/v2\/users\/4"}],"replies":[{"embeddable":true,"href":"https:\/\/antes.cinemachile.cl\/en\/wp-json\/wp\/v2\/comments?post=2977"}],"version-history":[{"count":6,"href":"https:\/\/antes.cinemachile.cl\/en\/wp-json\/wp\/v2\/posts\/2977\/revisions"}],"predecessor-version":[{"id":2989,"href":"https:\/\/antes.cinemachile.cl\/en\/wp-json\/wp\/v2\/posts\/2977\/revisions\/2989"}],"wp:featuredmedia":[{"embeddable":true,"href":"https:\/\/antes.cinemachile.cl\/en\/wp-json\/wp\/v2\/media\/2971"}],"wp:attachment":[{"href":"https:\/\/antes.cinemachile.cl\/en\/wp-json\/wp\/v2\/media?parent=2977"}],"wp:term":[{"taxonomy":"category","embeddable":true,"href":"https:\/\/antes.cinemachile.cl\/en\/wp-json\/wp\/v2\/categories?post=2977"},{"taxonomy":"post_tag","embeddable":true,"href":"https:\/\/antes.cinemachile.cl\/en\/wp-json\/wp\/v2\/tags?post=2977"}],"curies":[{"name":"wp","href":"https:\/\/api.w.org\/{rel}","templated":true}]}}