{"id":2782,"date":"2019-09-30T18:06:40","date_gmt":"2019-09-30T22:06:40","guid":{"rendered":"https:\/\/antes.cinemachile.cl?p=2782"},"modified":"2019-10-18T10:49:57","modified_gmt":"2019-10-18T14:49:57","slug":"peliculas-con-diversas-tematicas-seran-exhibidas-en-el-festival-biarritz-amerique-latine","status":"publish","type":"post","link":"https:\/\/antes.cinemachile.cl\/en\/espanol-festival-biarritz-amerique-latine\/","title":{"rendered":"Films with diverse themes will be shown at Festival Biarritz Am\u00e9rique Latine"},"content":{"rendered":"<p>From September 30th to October 6th in the city of Biarritz (southeast France), the 28th version of Festival Biarritz Am\u00e9rique Latine will take place, an event dedicated to promoting Latin American cinema and culture, in addition to opening possibilities for distribution and co-production. Chile will be represented by several films in competitive and non-competitive categories.<\/p>\n<p>Participating in the Fiction Competition is <strong><em>Song Without a Name<\/em><\/strong> by <strong>Melina Le\u00f3n<\/strong>, which participated this year in the prestigious Directors\u2019 Fortnight at the Cannes Film Festival.<\/p>\n<figure id=\"attachment_2838\" aria-describedby=\"caption-attachment-2838\" style=\"width: 400px\" class=\"wp-caption alignright\"><img loading=\"lazy\" class=\"wp-image-2838\" src=\"http:\/\/cinemachile.cl\/wp-content\/uploads\/2019\/09\/cancio\u0301n-sin-nombre-1024x574.jpg\" alt=\"\" width=\"400\" height=\"224\" srcset=\"https:\/\/antes.cinemachile.cl\/wp-content\/uploads\/2019\/09\/cancio\u0301n-sin-nombre-1024x574.jpg 1024w, https:\/\/antes.cinemachile.cl\/wp-content\/uploads\/2019\/09\/cancio\u0301n-sin-nombre-300x168.jpg 300w, https:\/\/antes.cinemachile.cl\/wp-content\/uploads\/2019\/09\/cancio\u0301n-sin-nombre-768x430.jpg 768w, https:\/\/antes.cinemachile.cl\/wp-content\/uploads\/2019\/09\/cancio\u0301n-sin-nombre.jpg 1130w\" sizes=\"(max-width: 400px) 100vw, 400px\" \/><figcaption id=\"caption-attachment-2838\" class=\"wp-caption-text\">\u201cSong Without a Name\u201d by Melina Le\u00f3n<\/figcaption><\/figure>\n<p>The film is produced by Le\u00f3n, along with <strong>Mike J. Whittier<\/strong> and national director of photography <strong>Inti Briones<\/strong>, who also performed in that role. Also selected is <strong><em>Land of Ashes<\/em><\/strong>, first film by <strong>Sof\u00eda Quir\u00f3s<\/strong>, which also participated in Cannes 2019 in the Critics\u2019 Week feature film competition. <strong><em>Land of Ashes<\/em><\/strong> is a co-production between Costa Rica, Chile, Argentina, and France, whose cinematography was done by Chilean DP Francisca S\u00e1ez.<\/p>\n<figure id=\"attachment_2839\" aria-describedby=\"caption-attachment-2839\" style=\"width: 400px\" class=\"wp-caption alignleft\"><img loading=\"lazy\" class=\"wp-image-2839\" src=\"http:\/\/cinemachile.cl\/wp-content\/uploads\/2019\/09\/aicha-vinko-tomicic.jpg\" alt=\"\" width=\"400\" height=\"224\" srcset=\"https:\/\/antes.cinemachile.cl\/wp-content\/uploads\/2019\/09\/aicha-vinko-tomicic.jpg 1130w, https:\/\/antes.cinemachile.cl\/wp-content\/uploads\/2019\/09\/aicha-vinko-tomicic-300x168.jpg 300w, https:\/\/antes.cinemachile.cl\/wp-content\/uploads\/2019\/09\/aicha-vinko-tomicic-768x430.jpg 768w, https:\/\/antes.cinemachile.cl\/wp-content\/uploads\/2019\/09\/aicha-vinko-tomicic-1024x574.jpg 1024w\" sizes=\"(max-width: 400px) 100vw, 400px\" \/><figcaption id=\"caption-attachment-2839\" class=\"wp-caption-text\">&#8220;Aicha&#8221;, by Vinko Tomicic<\/figcaption><\/figure>\n<p>Participating in the Short Film Competition are <strong><em>Aicha<\/em><\/strong> by <strong>Vinko Tomicic<\/strong>, produced by <strong>\u00c1lvaro Manzano<\/strong> and <strong>Francisco Hevia<\/strong>, which premiered internationally at the 2019 Guadalajara Film Festival, and <strong><em>Hector<\/em><\/strong>, directed by <strong>Victoria Giesen Carvajal<\/strong> and produced by <strong>Rebeca Guti\u00e9rrez<\/strong> of Pinda Producciones, which premiered internationally at the Berlin Film Festival.<\/p>\n<p>Screening in the Documentary category is <strong><em>Lemebel<\/em><\/strong> by <strong>Joanna Reposi Garibaldi<\/strong>, produced by Solita Films, which premiered internationally in the Panorama competition at the Berlinale, where it was granted the Teddy Award for Best LGBT+ themed Documentary.<\/p>\n<p>Participating in Focus Patagonia \u2014 a category that Biarritz website specifies is a \u201ccinematic selection of 10 films, accompanied by their directors, \u2026\u00a0 an invitation to discover Patagonia and accept losing North,\u201d \u2014 are the films <strong><em>The Pearl Button<\/em><\/strong> by <strong>Patricio Guzm\u00e1n<\/strong>, <strong><em>Rey<\/em><\/strong> by <strong>Niles Atallah<\/strong>, and <strong><em>The Wind Knows I\u2019m Coming Back Home<\/em><\/strong> by <strong>Jos\u00e9 Luis Torres Leiva<\/strong>.<\/p>\n<p>To be exhibited outside of the competition is <strong><em>The Cordillera of Dreams<\/em><\/strong> by <strong>Patricio Guzm\u00e1n<\/strong>, a film that premiered in the non-competitive category at the Cannes Film Festival, Special Screenings, winning the L\u2019\u0152il d\u2019or (Golden Eye) for Best Documentary.<\/p>\n<!-- AddThis Advanced Settings generic via filter on the_content --><!-- AddThis Share Buttons generic via filter on the_content -->","protected":false},"excerpt":{"rendered":"<p>From September 30th to October 6th in the city of Biarritz (southeast France), the 28th version of Festival Biarritz Am\u00e9rique Latine will take place, an event dedicated to promoting Latin American cinema and culture, in addition to opening possibilities for distribution and co-production. Chile will be represented by several films in competitive and non-competitive categories. [&hellip;]<!-- AddThis Advanced Settings generic via filter on wp_trim_excerpt --><!-- AddThis Share Buttons generic via filter on wp_trim_excerpt --><\/p>\n","protected":false},"author":3,"featured_media":2842,"comment_status":"open","ping_status":"open","sticky":false,"template":"","format":"standard","meta":{"loftloader_page_shortcode":""},"categories":[1],"tags":[],"yoast_head":"<!-- This site is optimized with the Yoast SEO plugin v16.2 - https:\/\/yoast.com\/wordpress\/plugins\/seo\/ -->\n<title>Films with diverse themes will be shown at Festival Biarritz Am\u00e9rique Latine &raquo;<\/title>\n<meta name=\"robots\" content=\"index, follow, max-snippet:-1, max-image-preview:large, max-video-preview:-1\" \/>\n<link rel=\"canonical\" href=\"https:\/\/antes.cinemachile.cl\/festival-biarritz-amerique-latine\/\" \/>\n<meta property=\"og:locale\" content=\"en_US\" \/>\n<meta property=\"og:type\" content=\"article\" \/>\n<meta property=\"og:title\" content=\"[:es]Pel\u00edculas con diversas tem\u00e1ticas ser\u00e1n exhibidas en el Festival Biarritz Am\u00e9rique Latine [:en]Films with diverse themes will be shown at Festival Biarritz Am\u00e9rique Latine[:] &raquo;\" \/>\n<meta property=\"og:description\" content=\"From September 30th to October 6th in the city of Biarritz (southeast France), the 28th version of Festival Biarritz Am\u00e9rique Latine will take place, an event dedicated to promoting Latin American cinema and culture, in addition to opening possibilities for distribution and co-production. Chile will be represented by several films in competitive and non-competitive categories. [&hellip;]\" \/>\n<meta property=\"og:url\" content=\"https:\/\/antes.cinemachile.cl\/festival-biarritz-amerique-latine\/\" \/>\n<meta property=\"article:publisher\" content=\"https:\/\/www.facebook.com\/cinemachile\" \/>\n<meta property=\"article:published_time\" content=\"2019-09-30T22:06:40+00:00\" \/>\n<meta property=\"article:modified_time\" content=\"2019-10-18T14:49:57+00:00\" \/>\n<meta property=\"og:image\" content=\"https:\/\/cinemachile.cl\/wp-content\/uploads\/2019\/09\/LEMEBEL_Joanna-Reposi-Gariballdi.jpg\" \/>\n\t<meta property=\"og:image:width\" content=\"1920\" \/>\n\t<meta property=\"og:image:height\" content=\"990\" \/>\n<meta name=\"twitter:card\" content=\"summary_large_image\" \/>\n<meta name=\"twitter:creator\" content=\"@cinemachile\" \/>\n<meta name=\"twitter:site\" content=\"@cinemachile\" \/>\n<meta name=\"twitter:label1\" content=\"Est. reading time\">\n\t<meta name=\"twitter:data1\" content=\"4 minutes\">\n<script type=\"application\/ld+json\" class=\"yoast-schema-graph\">{\"@context\":\"https:\/\/schema.org\",\"@graph\":[{\"@type\":\"Organization\",\"@id\":\"https:\/\/antes.cinemachile.cl\/#organization\",\"name\":\"CinemaChile\",\"url\":\"https:\/\/antes.cinemachile.cl\/\",\"sameAs\":[\"https:\/\/www.facebook.com\/cinemachile\",\"https:\/\/www.instagram.com\/cinemachile\/\",\"https:\/\/twitter.com\/cinemachile\"],\"logo\":{\"@type\":\"ImageObject\",\"@id\":\"https:\/\/antes.cinemachile.cl\/#logo\",\"inLanguage\":\"en-US\",\"url\":\"https:\/\/cinemachile.cl\/wp-content\/uploads\/2020\/06\/logo-cinema-gif.gif\",\"contentUrl\":\"https:\/\/cinemachile.cl\/wp-content\/uploads\/2020\/06\/logo-cinema-gif.gif\",\"width\":330,\"height\":150,\"caption\":\"CinemaChile\"},\"image\":{\"@id\":\"https:\/\/antes.cinemachile.cl\/#logo\"}},{\"@type\":\"WebSite\",\"@id\":\"https:\/\/antes.cinemachile.cl\/#website\",\"url\":\"https:\/\/antes.cinemachile.cl\/\",\"name\":\"\",\"description\":\"\",\"publisher\":{\"@id\":\"https:\/\/antes.cinemachile.cl\/#organization\"},\"potentialAction\":[{\"@type\":\"SearchAction\",\"target\":\"https:\/\/antes.cinemachile.cl\/?s={search_term_string}\",\"query-input\":\"required name=search_term_string\"}],\"inLanguage\":\"en-US\"},{\"@type\":\"ImageObject\",\"@id\":\"https:\/\/antes.cinemachile.cl\/festival-biarritz-amerique-latine\/#primaryimage\",\"inLanguage\":\"en-US\",\"url\":\"https:\/\/antes.cinemachile.cl\/wp-content\/uploads\/2019\/09\/LEMEBEL_Joanna-Reposi-Gariballdi.jpg\",\"contentUrl\":\"https:\/\/antes.cinemachile.cl\/wp-content\/uploads\/2019\/09\/LEMEBEL_Joanna-Reposi-Gariballdi.jpg\",\"width\":1920,\"height\":990},{\"@type\":\"WebPage\",\"@id\":\"https:\/\/antes.cinemachile.cl\/festival-biarritz-amerique-latine\/#webpage\",\"url\":\"https:\/\/antes.cinemachile.cl\/festival-biarritz-amerique-latine\/\",\"name\":\"[:es]Pel\\u00edculas con diversas tem\\u00e1ticas ser\\u00e1n exhibidas en el Festival Biarritz Am\\u00e9rique Latine [:en]Films with diverse themes will be shown at Festival Biarritz Am\\u00e9rique Latine[:] &raquo;\",\"isPartOf\":{\"@id\":\"https:\/\/antes.cinemachile.cl\/#website\"},\"primaryImageOfPage\":{\"@id\":\"https:\/\/antes.cinemachile.cl\/festival-biarritz-amerique-latine\/#primaryimage\"},\"datePublished\":\"2019-09-30T22:06:40+00:00\",\"dateModified\":\"2019-10-18T14:49:57+00:00\",\"breadcrumb\":{\"@id\":\"https:\/\/antes.cinemachile.cl\/festival-biarritz-amerique-latine\/#breadcrumb\"},\"inLanguage\":\"en-US\",\"potentialAction\":[{\"@type\":\"ReadAction\",\"target\":[\"https:\/\/antes.cinemachile.cl\/festival-biarritz-amerique-latine\/\"]}]},{\"@type\":\"BreadcrumbList\",\"@id\":\"https:\/\/antes.cinemachile.cl\/festival-biarritz-amerique-latine\/#breadcrumb\",\"itemListElement\":[{\"@type\":\"ListItem\",\"position\":1,\"item\":{\"@type\":\"WebPage\",\"@id\":\"https:\/\/antes.cinemachile.cl\/\",\"url\":\"https:\/\/antes.cinemachile.cl\/\",\"name\":\"Portada\"}},{\"@type\":\"ListItem\",\"position\":2,\"item\":{\"@id\":\"https:\/\/antes.cinemachile.cl\/festival-biarritz-amerique-latine\/#webpage\"}}]},{\"@type\":\"Article\",\"@id\":\"https:\/\/antes.cinemachile.cl\/festival-biarritz-amerique-latine\/#article\",\"isPartOf\":{\"@id\":\"https:\/\/antes.cinemachile.cl\/festival-biarritz-amerique-latine\/#webpage\"},\"author\":{\"@id\":\"https:\/\/antes.cinemachile.cl\/#\/schema\/person\/4d418e8c155e0e6c7f6824d46930c359\"},\"headline\":\"Films with diverse themes will be shown at Festival Biarritz Am\\u00e9rique Latine\",\"datePublished\":\"2019-09-30T22:06:40+00:00\",\"dateModified\":\"2019-10-18T14:49:57+00:00\",\"mainEntityOfPage\":{\"@id\":\"https:\/\/antes.cinemachile.cl\/festival-biarritz-amerique-latine\/#webpage\"},\"commentCount\":0,\"publisher\":{\"@id\":\"https:\/\/antes.cinemachile.cl\/#organization\"},\"image\":{\"@id\":\"https:\/\/antes.cinemachile.cl\/festival-biarritz-amerique-latine\/#primaryimage\"},\"articleSection\":[\"Sin categor\\u00eda\"],\"inLanguage\":\"en-US\",\"potentialAction\":[{\"@type\":\"CommentAction\",\"name\":\"Comment\",\"target\":[\"https:\/\/antes.cinemachile.cl\/festival-biarritz-amerique-latine\/#respond\"]}]},{\"@type\":\"Person\",\"@id\":\"https:\/\/antes.cinemachile.cl\/#\/schema\/person\/4d418e8c155e0e6c7f6824d46930c359\",\"name\":\"Javi\",\"image\":{\"@type\":\"ImageObject\",\"@id\":\"https:\/\/antes.cinemachile.cl\/#personlogo\",\"inLanguage\":\"en-US\",\"url\":\"https:\/\/secure.gravatar.com\/avatar\/910b1edd78db85cb2357db80f6b4f20e?s=96&d=mm&r=g\",\"contentUrl\":\"https:\/\/secure.gravatar.com\/avatar\/910b1edd78db85cb2357db80f6b4f20e?s=96&d=mm&r=g\",\"caption\":\"Javi\"}}]}<\/script>\n<!-- \/ Yoast SEO plugin. -->","_links":{"self":[{"href":"https:\/\/antes.cinemachile.cl\/en\/wp-json\/wp\/v2\/posts\/2782"}],"collection":[{"href":"https:\/\/antes.cinemachile.cl\/en\/wp-json\/wp\/v2\/posts"}],"about":[{"href":"https:\/\/antes.cinemachile.cl\/en\/wp-json\/wp\/v2\/types\/post"}],"author":[{"embeddable":true,"href":"https:\/\/antes.cinemachile.cl\/en\/wp-json\/wp\/v2\/users\/3"}],"replies":[{"embeddable":true,"href":"https:\/\/antes.cinemachile.cl\/en\/wp-json\/wp\/v2\/comments?post=2782"}],"version-history":[{"count":21,"href":"https:\/\/antes.cinemachile.cl\/en\/wp-json\/wp\/v2\/posts\/2782\/revisions"}],"predecessor-version":[{"id":3014,"href":"https:\/\/antes.cinemachile.cl\/en\/wp-json\/wp\/v2\/posts\/2782\/revisions\/3014"}],"wp:featuredmedia":[{"embeddable":true,"href":"https:\/\/antes.cinemachile.cl\/en\/wp-json\/wp\/v2\/media\/2842"}],"wp:attachment":[{"href":"https:\/\/antes.cinemachile.cl\/en\/wp-json\/wp\/v2\/media?parent=2782"}],"wp:term":[{"taxonomy":"category","embeddable":true,"href":"https:\/\/antes.cinemachile.cl\/en\/wp-json\/wp\/v2\/categories?post=2782"},{"taxonomy":"post_tag","embeddable":true,"href":"https:\/\/antes.cinemachile.cl\/en\/wp-json\/wp\/v2\/tags?post=2782"}],"curies":[{"name":"wp","href":"https:\/\/api.w.org\/{rel}","templated":true}]}}