{"id":2658,"date":"2019-09-05T13:41:57","date_gmt":"2019-09-05T17:41:57","guid":{"rendered":"https:\/\/antes.cinemachile.cl?p=2658"},"modified":"2019-10-18T11:11:53","modified_gmt":"2019-10-18T15:11:53","slug":"productores-chilenos-llegan-al-festival-de-cine-de-toronto-en-busqueda-de-nuevos-acuerdos","status":"publish","type":"post","link":"https:\/\/antes.cinemachile.cl\/en\/espanol-productores-chilenos-en-toronto\/","title":{"rendered":"Chilean producers arrive at Toronto Film Festival in search of new agreements"},"content":{"rendered":"<p>The Toronto International Film Festival will celebrate its 2019 edition from September 5th to the 15th, and Chile will make itself present with a delegation of professionals backed on-location by ProChile subsidiary CinemaChile. National films will be presented in the competition, while projects in development will participate in different market instances, offering connections and networking with international film industry professionals.<\/p>\n<p>Chilean participation in Toronto includes the arrival of four national producers that will attend thanks to backing by the Ministry of Culture, Arts and Heritage through its Support Program for International Market Participation, belonging to the Council of Art and the Audiovisual Industry (CAIA). They are <strong>Omar Z\u00fa\u00f1iga<\/strong> from Cinestaci\u00f3n, <strong>Roc\u00edo Jadue<\/strong> from F\u00e1bula, <strong>Francisco Herv\u00e9<\/strong> from Panchito Films, and <strong>Giancarlo Nasi<\/strong> from Quijote Films.<\/p>\n<p><strong>Z\u00fa\u00f1iga<\/strong> is a producer and director at Cinestaci\u00f3n, a creative platform for emerging filmmakers in Latin America. The production company boasts broad experience with diverse authors, cultivating new talents and presenting their work to an international audience. Its productions have been recognized by festivals like Cannes, Berlin, Toronto, Locarno, and Valdivia.<\/p>\n<p>Among the projects he\u2019s taking to Toronto are <strong><em>Los Fuertes<\/em><\/strong>, a film he also directed, which participated in Works in Progress at the 2016 San Sebasti\u00e1n Film Festival, and is currently seeking festivals; <strong><em>1976<\/em><\/strong>, directed by <strong>Manuela Martelli<\/strong>, a project in development in search of financing; and <strong><em>Penal Cordillera<\/em><\/strong> by <strong>Felipe Carmona<\/strong>, which requires co-producers.<\/p>\n<p>Meanwhile, Jadue will arrive in North America in representation of F\u00e1bula, Chilean production company founded by Juan de Dios Larra\u00edn and Pablo Larra\u00edn in 2004. F\u00e1bula\u2019s work includes film, television, advertising, and production services, and it has acquired international recognition for films like <strong><em>No<\/em><\/strong> (2012), <strong><em>Neruda<\/em><\/strong> (2016), <strong><em>A Fantastic Woman<\/em><\/strong> (2017), and <strong><em>Gloria Bell<\/em><\/strong> (2018). Jadue will attend with two projects in development: <strong><em>Los Brujos<\/em><\/strong> by <strong>Christopher Murray<\/strong>, in need of financing, and <strong><em>La Tierra de los Salvajes<\/em><\/strong> by <strong>Fernando Guzzoni<\/strong>, in search of co-producers.<\/p>\n<p>Herv\u00e9 will attend with Panchito Films, a production company that proposes to tell stories that help us understand human fragility, with a sense of humor, representing humankind\u2019s contradictions. The projects he\u2019s taking are <strong><em>Anacoreta<\/em><\/strong> by <strong>Francisco Bermejo<\/strong>, currently in post-production and seeking a world premiere after having participated in Rotterdam Lab 2019 and Doc Corner at March\u00e9 du Film; <strong><em>Gran Avenida<\/em><\/strong> by <strong>Mois\u00e9s Sep\u00falveda<\/strong>, in post-production with sights set on finding distribution; and <strong><em>Immersion<\/em><\/strong> by <strong>Nicol\u00e1s Postiglione<\/strong>, in development and in search of co-producers.<\/p>\n<p>&nbsp;<\/p>\n<p>&nbsp;<\/p>\n<!-- AddThis Advanced Settings generic via filter on the_content --><!-- AddThis Share Buttons generic via filter on the_content -->","protected":false},"excerpt":{"rendered":"<p>The Toronto International Film Festival will celebrate its 2019 edition from September 5th to the 15th, and Chile will make itself present with a delegation of professionals backed on-location by ProChile subsidiary CinemaChile. National films will be presented in the competition, while projects in development will participate in different market instances, offering connections and networking [&hellip;]<!-- AddThis Advanced Settings generic via filter on wp_trim_excerpt --><!-- AddThis Share Buttons generic via filter on wp_trim_excerpt --><\/p>\n","protected":false},"author":3,"featured_media":2699,"comment_status":"open","ping_status":"open","sticky":false,"template":"","format":"standard","meta":{"loftloader_page_shortcode":""},"categories":[1],"tags":[],"yoast_head":"<!-- This site is optimized with the Yoast SEO plugin v16.2 - https:\/\/yoast.com\/wordpress\/plugins\/seo\/ -->\n<title>Chilean producers arrive at Toronto Film Festival in search of new agreements &raquo;<\/title>\n<meta name=\"robots\" content=\"index, follow, max-snippet:-1, max-image-preview:large, max-video-preview:-1\" \/>\n<link rel=\"canonical\" href=\"https:\/\/antes.cinemachile.cl\/productores-chilenos-en-toronto\/\" \/>\n<meta property=\"og:locale\" content=\"en_US\" \/>\n<meta property=\"og:type\" content=\"article\" \/>\n<meta property=\"og:title\" content=\"[:es]Productores chilenos llegan al Festival de Cine de Toronto en b\u00fasqueda de nuevos acuerdos [:en]Chilean producers arrive at Toronto Film Festival in search of new agreements[:] &raquo;\" \/>\n<meta property=\"og:description\" content=\"The Toronto International Film Festival will celebrate its 2019 edition from September 5th to the 15th, and Chile will make itself present with a delegation of professionals backed on-location by ProChile subsidiary CinemaChile. National films will be presented in the competition, while projects in development will participate in different market instances, offering connections and networking [&hellip;]\" \/>\n<meta property=\"og:url\" content=\"https:\/\/antes.cinemachile.cl\/productores-chilenos-en-toronto\/\" \/>\n<meta property=\"article:publisher\" content=\"https:\/\/www.facebook.com\/cinemachile\" \/>\n<meta property=\"article:published_time\" content=\"2019-09-05T17:41:57+00:00\" \/>\n<meta property=\"article:modified_time\" content=\"2019-10-18T15:11:53+00:00\" \/>\n<meta property=\"og:image\" content=\"https:\/\/cinemachile.cl\/wp-content\/uploads\/2019\/09\/lina-de-lima-web-1024x683.jpg\" \/>\n\t<meta property=\"og:image:width\" content=\"1024\" \/>\n\t<meta property=\"og:image:height\" content=\"683\" \/>\n<meta name=\"twitter:card\" content=\"summary_large_image\" \/>\n<meta name=\"twitter:creator\" content=\"@cinemachile\" \/>\n<meta name=\"twitter:site\" content=\"@cinemachile\" \/>\n<meta name=\"twitter:label1\" content=\"Est. reading time\">\n\t<meta name=\"twitter:data1\" content=\"5 minutes\">\n<script type=\"application\/ld+json\" class=\"yoast-schema-graph\">{\"@context\":\"https:\/\/schema.org\",\"@graph\":[{\"@type\":\"Organization\",\"@id\":\"https:\/\/antes.cinemachile.cl\/#organization\",\"name\":\"CinemaChile\",\"url\":\"https:\/\/antes.cinemachile.cl\/\",\"sameAs\":[\"https:\/\/www.facebook.com\/cinemachile\",\"https:\/\/www.instagram.com\/cinemachile\/\",\"https:\/\/twitter.com\/cinemachile\"],\"logo\":{\"@type\":\"ImageObject\",\"@id\":\"https:\/\/antes.cinemachile.cl\/#logo\",\"inLanguage\":\"en-US\",\"url\":\"https:\/\/cinemachile.cl\/wp-content\/uploads\/2020\/06\/logo-cinema-gif.gif\",\"contentUrl\":\"https:\/\/cinemachile.cl\/wp-content\/uploads\/2020\/06\/logo-cinema-gif.gif\",\"width\":330,\"height\":150,\"caption\":\"CinemaChile\"},\"image\":{\"@id\":\"https:\/\/antes.cinemachile.cl\/#logo\"}},{\"@type\":\"WebSite\",\"@id\":\"https:\/\/antes.cinemachile.cl\/#website\",\"url\":\"https:\/\/antes.cinemachile.cl\/\",\"name\":\"\",\"description\":\"\",\"publisher\":{\"@id\":\"https:\/\/antes.cinemachile.cl\/#organization\"},\"potentialAction\":[{\"@type\":\"SearchAction\",\"target\":\"https:\/\/antes.cinemachile.cl\/?s={search_term_string}\",\"query-input\":\"required name=search_term_string\"}],\"inLanguage\":\"en-US\"},{\"@type\":\"ImageObject\",\"@id\":\"https:\/\/antes.cinemachile.cl\/productores-chilenos-en-toronto\/#primaryimage\",\"inLanguage\":\"en-US\",\"url\":\"https:\/\/antes.cinemachile.cl\/wp-content\/uploads\/2019\/09\/lina-de-lima-web.jpg\",\"contentUrl\":\"https:\/\/antes.cinemachile.cl\/wp-content\/uploads\/2019\/09\/lina-de-lima-web.jpg\",\"width\":1920,\"height\":1280},{\"@type\":\"WebPage\",\"@id\":\"https:\/\/antes.cinemachile.cl\/productores-chilenos-en-toronto\/#webpage\",\"url\":\"https:\/\/antes.cinemachile.cl\/productores-chilenos-en-toronto\/\",\"name\":\"[:es]Productores chilenos llegan al Festival de Cine de Toronto en b\\u00fasqueda de nuevos acuerdos [:en]Chilean producers arrive at Toronto Film Festival in search of new agreements[:] &raquo;\",\"isPartOf\":{\"@id\":\"https:\/\/antes.cinemachile.cl\/#website\"},\"primaryImageOfPage\":{\"@id\":\"https:\/\/antes.cinemachile.cl\/productores-chilenos-en-toronto\/#primaryimage\"},\"datePublished\":\"2019-09-05T17:41:57+00:00\",\"dateModified\":\"2019-10-18T15:11:53+00:00\",\"breadcrumb\":{\"@id\":\"https:\/\/antes.cinemachile.cl\/productores-chilenos-en-toronto\/#breadcrumb\"},\"inLanguage\":\"en-US\",\"potentialAction\":[{\"@type\":\"ReadAction\",\"target\":[\"https:\/\/antes.cinemachile.cl\/productores-chilenos-en-toronto\/\"]}]},{\"@type\":\"BreadcrumbList\",\"@id\":\"https:\/\/antes.cinemachile.cl\/productores-chilenos-en-toronto\/#breadcrumb\",\"itemListElement\":[{\"@type\":\"ListItem\",\"position\":1,\"item\":{\"@type\":\"WebPage\",\"@id\":\"https:\/\/antes.cinemachile.cl\/\",\"url\":\"https:\/\/antes.cinemachile.cl\/\",\"name\":\"Portada\"}},{\"@type\":\"ListItem\",\"position\":2,\"item\":{\"@id\":\"https:\/\/antes.cinemachile.cl\/productores-chilenos-en-toronto\/#webpage\"}}]},{\"@type\":\"Article\",\"@id\":\"https:\/\/antes.cinemachile.cl\/productores-chilenos-en-toronto\/#article\",\"isPartOf\":{\"@id\":\"https:\/\/antes.cinemachile.cl\/productores-chilenos-en-toronto\/#webpage\"},\"author\":{\"@id\":\"https:\/\/antes.cinemachile.cl\/#\/schema\/person\/4d418e8c155e0e6c7f6824d46930c359\"},\"headline\":\"Chilean producers arrive at Toronto Film Festival in search of new agreements\",\"datePublished\":\"2019-09-05T17:41:57+00:00\",\"dateModified\":\"2019-10-18T15:11:53+00:00\",\"mainEntityOfPage\":{\"@id\":\"https:\/\/antes.cinemachile.cl\/productores-chilenos-en-toronto\/#webpage\"},\"commentCount\":0,\"publisher\":{\"@id\":\"https:\/\/antes.cinemachile.cl\/#organization\"},\"image\":{\"@id\":\"https:\/\/antes.cinemachile.cl\/productores-chilenos-en-toronto\/#primaryimage\"},\"articleSection\":[\"Sin categor\\u00eda\"],\"inLanguage\":\"en-US\",\"potentialAction\":[{\"@type\":\"CommentAction\",\"name\":\"Comment\",\"target\":[\"https:\/\/antes.cinemachile.cl\/productores-chilenos-en-toronto\/#respond\"]}]},{\"@type\":\"Person\",\"@id\":\"https:\/\/antes.cinemachile.cl\/#\/schema\/person\/4d418e8c155e0e6c7f6824d46930c359\",\"name\":\"Javi\",\"image\":{\"@type\":\"ImageObject\",\"@id\":\"https:\/\/antes.cinemachile.cl\/#personlogo\",\"inLanguage\":\"en-US\",\"url\":\"https:\/\/secure.gravatar.com\/avatar\/910b1edd78db85cb2357db80f6b4f20e?s=96&d=mm&r=g\",\"contentUrl\":\"https:\/\/secure.gravatar.com\/avatar\/910b1edd78db85cb2357db80f6b4f20e?s=96&d=mm&r=g\",\"caption\":\"Javi\"}}]}<\/script>\n<!-- \/ Yoast SEO plugin. -->","_links":{"self":[{"href":"https:\/\/antes.cinemachile.cl\/en\/wp-json\/wp\/v2\/posts\/2658"}],"collection":[{"href":"https:\/\/antes.cinemachile.cl\/en\/wp-json\/wp\/v2\/posts"}],"about":[{"href":"https:\/\/antes.cinemachile.cl\/en\/wp-json\/wp\/v2\/types\/post"}],"author":[{"embeddable":true,"href":"https:\/\/antes.cinemachile.cl\/en\/wp-json\/wp\/v2\/users\/3"}],"replies":[{"embeddable":true,"href":"https:\/\/antes.cinemachile.cl\/en\/wp-json\/wp\/v2\/comments?post=2658"}],"version-history":[{"count":18,"href":"https:\/\/antes.cinemachile.cl\/en\/wp-json\/wp\/v2\/posts\/2658\/revisions"}],"predecessor-version":[{"id":3016,"href":"https:\/\/antes.cinemachile.cl\/en\/wp-json\/wp\/v2\/posts\/2658\/revisions\/3016"}],"wp:featuredmedia":[{"embeddable":true,"href":"https:\/\/antes.cinemachile.cl\/en\/wp-json\/wp\/v2\/media\/2699"}],"wp:attachment":[{"href":"https:\/\/antes.cinemachile.cl\/en\/wp-json\/wp\/v2\/media?parent=2658"}],"wp:term":[{"taxonomy":"category","embeddable":true,"href":"https:\/\/antes.cinemachile.cl\/en\/wp-json\/wp\/v2\/categories?post=2658"},{"taxonomy":"post_tag","embeddable":true,"href":"https:\/\/antes.cinemachile.cl\/en\/wp-json\/wp\/v2\/tags?post=2658"}],"curies":[{"name":"wp","href":"https:\/\/api.w.org\/{rel}","templated":true}]}}