{"id":2296,"date":"2019-08-14T18:53:50","date_gmt":"2019-08-14T22:53:50","guid":{"rendered":"https:\/\/antes.cinemachile.cl?p=2296"},"modified":"2019-08-16T16:03:16","modified_gmt":"2019-08-16T20:03:16","slug":"cinemachile-y-sanfic-celebraran-juntos-sus-aniversarios-y-una-historica-alianza-de-trabajo","status":"publish","type":"post","link":"https:\/\/antes.cinemachile.cl\/en\/espanol-work-in-progress-sanfic\/","title":{"rendered":"CinemaChile and SANFIC will celebrate together their anniversaries and a historic alliance"},"content":{"rendered":"<p>This Sunday marks the beginning of a new edition of the Santiago International Film Festival (SANFIC) and its renowned industry space, providing a great opportunity to celebrate an important double anniversary: ten years of CinemaChile and fifteen years of SANFIC. The alliance between the sectorial brand and one of the most important international festivals in the country is defined by a joint effort to internationalize Chilean audiovisual content, opening doors for fresh talent in the global market. This year, we will honor these milestones together.<\/p>\n<p>This alliance also means that CinemaChile, the ProChile and APCT sector brand, will have an important presence in the activities of SANFIC Industry, participating in round tables, panels and evaluating both Chilean and international projects in development.<\/p>\n<p>This year, the eighth version of the Ibero-American Work in Progress that will take place between August 19th and 23rd, will focus on projects that have already been filmed and are in the post-production stage. The selection consists of 6 feature films in their \u201cFirst Cut\u201d stage, including both fictions and documentaries that will be evaluated by a jury composed of three international film professionals. The productions that will participate are A\u00f1os luz by Joaqu\u00edn Mauad, (Uruguay), Odisea amaz\u00f3nica by \u00c1lvaro Sarmiento y Diego Sarmiento (Per\u00fa), Esquirlas by Natalia Garayalde (Argentina), Hermanas by Paola Ochoa (Colombia \u2013 Estados Unidos), Lo habitado by Mart\u00edn Emiliano D\u00edaz (Argentina), and\u00a0 Las dem\u00e1s de Alexandra Hyland (Chile).<\/p>\n<p>Additionally, Santiago Lab will also bring light to fresh content, focusing on Latin American documentary and fiction projects that are\u00a0 in development. Both directors and producers of the works will receive advice and may present their work to a panel of experts. The winners will obtain various prizes to continue the development of their films.<\/p>\n<p><span style=\"font-weight: 400;\">The fiction productions that will participate are <\/span><i><span style=\"font-weight: 400;\">Ahora vienen por nosotros, <\/span><\/i><span style=\"font-weight: 400;\">by Shawn Garry; <\/span><i><span style=\"font-weight: 400;\">Ancestra, <\/span><\/i><span style=\"font-weight: 400;\">by Paulette Lecaros; <\/span><i><span style=\"font-weight: 400;\">Aracne, <\/span><\/i><span style=\"font-weight: 400;\">by Florencia Dupont; <\/span><i><span style=\"font-weight: 400;\">Ba\u2019Alche, <\/span><\/i><span style=\"font-weight: 400;\">by Wong Reyes; <\/span><i><span style=\"font-weight: 400;\">Cuentero, <\/span><\/i><span style=\"font-weight: 400;\">by Erick Haro; <\/span><i><span style=\"font-weight: 400;\">Desarraigo, <\/span><\/i><span style=\"font-weight: 400;\">by Camilo Cadena Erazo; <\/span><i><span style=\"font-weight: 400;\">El amanecer de los cahueles, <\/span><\/i><span style=\"font-weight: 400;\">by Sebasti\u00e1n Cuevas Barr\u00eda; <\/span><i><span style=\"font-weight: 400;\">El forastero, <\/span><\/i><span style=\"font-weight: 400;\">by Lucas Quintana; <\/span><i><span style=\"font-weight: 400;\">Gar\u00faa, <\/span><\/i><span style=\"font-weight: 400;\">by Ana Sof\u00eda Osorio; <\/span><i><span style=\"font-weight: 400;\">La m\u00e1quina que destruye recuerdos del futuro<\/span><\/i><span style=\"font-weight: 400;\">, by Lucas Turturro; <\/span><i><span style=\"font-weight: 400;\">Los afectos, <\/span><\/i><span style=\"font-weight: 400;\">by Diego Ayala and An\u00edbal Jofr\u00e9, <\/span><i><span style=\"font-weight: 400;\">Los ni\u00f1os del viento, <\/span><\/i><span style=\"font-weight: 400;\">by Katherina Harder; <\/span><i><span style=\"font-weight: 400;\">Mi nuevo estilo de baile, <\/span><\/i><span style=\"font-weight: 400;\">by Pablo Berthelon; <\/span><i><span style=\"font-weight: 400;\">Mitra, apaga la luz para poder ver, <\/span><\/i><span style=\"font-weight: 400;\">by Diego Sebastian Bellocchio; <\/span><i><span style=\"font-weight: 400;\">Ni\u00f1o Marchito, <\/span><\/i><span style=\"font-weight: 400;\">by\u00a0 Pelayo Lira; <\/span><i><span style=\"font-weight: 400;\">Noche de verano, <\/span><\/i><span style=\"font-weight: 400;\">by\u00a0 Christian Nawrath Smith; <\/span><i><span style=\"font-weight: 400;\">Noche de verano,\u00a0 <\/span><\/i><span style=\"font-weight: 400;\">by Joaqu\u00edn Ruano; <\/span><i><span style=\"font-weight: 400;\">Peek-a-boo, <\/span><\/i><span style=\"font-weight: 400;\">by\u00a0 Francisco Pavanetto; <\/span><i><span style=\"font-weight: 400;\">Primero tomamos anillaco, <\/span><\/i><span style=\"font-weight: 400;\">by Paula Martel; <\/span><i><span style=\"font-weight: 400;\">Sch\u00e4efer, Se busca <\/span><\/i><span style=\"font-weight: 400;\">by Lucho Smok y <\/span><i><span style=\"font-weight: 400;\">Shadowplay, <\/span><\/i><span style=\"font-weight: 400;\">by Felipe Eluti.<\/span><\/p>\n<p>In the documentary section of SANFIC LAB, the selected projects are <i>Anhell 69, <\/i>by Theo Montoya; <i>Asteroide 2518, by<\/i> Amanda Rutllant; <i>Bajo Sospecha, <\/i>by Daniel D\u00edaz Oyarz\u00fan; <i>Bien inmueble, <\/i>by\u00a0 Emanuel Giraldo; <i>Cagliostro: poeta del cine, <\/i>by Orlando Torres Osorio; <i>Gloria Camiroaga por fin tus huellas, <\/i>by Pablo Stephens; <i>Henry el \u00faltimo pirata, <\/i>by Juli\u00e1n Fern\u00e1ndez Prieto; <i>Isla alien, <\/i>by Crist\u00f3bal Valenzuela; <i>\u00bfLa recuerdas?\u00a0 <\/i>by Andr\u00e9s Finat; <i>Los nombres propios, <\/i>by Fernando Dom\u00ednguez; <i>Malqueridas, <\/i>by\u00a0 Tana Gilbert; <i>N\u00f3madas de la 57, <\/i>by Alberto Arnaut, Jos\u00e9 Mar\u00eda Castro; <i>Notas de luz, <\/i>by Constanza Valdivia Llewellyn and <i>Sincron\u00eda, <\/i>by\u00a0 Caro Bloj.<\/p>\n<p>SANFIC will be held between August 18th and 25th, and will screen around 100 films, both Chilean and international, featuring prominent guests such as the actor-directors Wagner Moura and Gael Garc\u00eda Bernal.<\/p>\n<!-- AddThis Advanced Settings generic via filter on the_content --><!-- AddThis Share Buttons generic via filter on the_content -->","protected":false},"excerpt":{"rendered":"<p>This Sunday marks the beginning of a new edition of the Santiago International Film Festival (SANFIC) and its renowned industry space, providing a great opportunity to celebrate an important double anniversary: ten years of CinemaChile and fifteen years of SANFIC. The alliance between the sectorial brand and one of the most important international festivals in [&hellip;]<!-- AddThis Advanced Settings generic via filter on wp_trim_excerpt --><!-- AddThis Share Buttons generic via filter on wp_trim_excerpt --><\/p>\n","protected":false},"author":3,"featured_media":2305,"comment_status":"open","ping_status":"open","sticky":false,"template":"","format":"standard","meta":{"loftloader_page_shortcode":""},"categories":[1],"tags":[],"yoast_head":"<!-- This site is optimized with the Yoast SEO plugin v16.2 - https:\/\/yoast.com\/wordpress\/plugins\/seo\/ -->\n<title>CinemaChile and SANFIC will celebrate together their anniversaries and a historic alliance &raquo;<\/title>\n<meta name=\"robots\" content=\"index, follow, max-snippet:-1, max-image-preview:large, max-video-preview:-1\" \/>\n<link rel=\"canonical\" href=\"https:\/\/antes.cinemachile.cl\/?p=2296\" \/>\n<meta property=\"og:locale\" content=\"en_US\" \/>\n<meta property=\"og:type\" content=\"article\" \/>\n<meta property=\"og:title\" content=\"[:es]CinemaChile y SANFIC celebrar\u00e1n juntos sus aniversarios y una hist\u00f3rica alianza de trabajo[:en]CinemaChile and SANFIC will celebrate together their anniversaries and a historic alliance[:] &raquo;\" \/>\n<meta property=\"og:description\" content=\"This Sunday marks the beginning of a new edition of the Santiago International Film Festival (SANFIC) and its renowned industry space, providing a great opportunity to celebrate an important double anniversary: ten years of CinemaChile and fifteen years of SANFIC. The alliance between the sectorial brand and one of the most important international festivals in [&hellip;]\" \/>\n<meta property=\"og:url\" content=\"https:\/\/antes.cinemachile.cl\/?p=2296\" \/>\n<meta property=\"article:publisher\" content=\"https:\/\/www.facebook.com\/cinemachile\" \/>\n<meta property=\"article:published_time\" content=\"2019-08-14T22:53:50+00:00\" \/>\n<meta property=\"article:modified_time\" content=\"2019-08-16T20:03:16+00:00\" \/>\n<meta property=\"og:image\" content=\"https:\/\/cinemachile.cl\/wp-content\/uploads\/2019\/08\/Conferencia_008-1-1024x684.jpg\" \/>\n\t<meta property=\"og:image:width\" content=\"1024\" \/>\n\t<meta property=\"og:image:height\" content=\"684\" \/>\n<meta name=\"twitter:card\" content=\"summary_large_image\" \/>\n<meta name=\"twitter:creator\" content=\"@cinemachile\" \/>\n<meta name=\"twitter:site\" content=\"@cinemachile\" \/>\n<meta name=\"twitter:label1\" content=\"Est. reading time\">\n\t<meta name=\"twitter:data1\" content=\"6 minutes\">\n<script type=\"application\/ld+json\" class=\"yoast-schema-graph\">{\"@context\":\"https:\/\/schema.org\",\"@graph\":[{\"@type\":\"Organization\",\"@id\":\"https:\/\/antes.cinemachile.cl\/#organization\",\"name\":\"CinemaChile\",\"url\":\"https:\/\/antes.cinemachile.cl\/\",\"sameAs\":[\"https:\/\/www.facebook.com\/cinemachile\",\"https:\/\/www.instagram.com\/cinemachile\/\",\"https:\/\/twitter.com\/cinemachile\"],\"logo\":{\"@type\":\"ImageObject\",\"@id\":\"https:\/\/antes.cinemachile.cl\/#logo\",\"inLanguage\":\"en-US\",\"url\":\"https:\/\/cinemachile.cl\/wp-content\/uploads\/2020\/06\/logo-cinema-gif.gif\",\"contentUrl\":\"https:\/\/cinemachile.cl\/wp-content\/uploads\/2020\/06\/logo-cinema-gif.gif\",\"width\":330,\"height\":150,\"caption\":\"CinemaChile\"},\"image\":{\"@id\":\"https:\/\/antes.cinemachile.cl\/#logo\"}},{\"@type\":\"WebSite\",\"@id\":\"https:\/\/antes.cinemachile.cl\/#website\",\"url\":\"https:\/\/antes.cinemachile.cl\/\",\"name\":\"\",\"description\":\"\",\"publisher\":{\"@id\":\"https:\/\/antes.cinemachile.cl\/#organization\"},\"potentialAction\":[{\"@type\":\"SearchAction\",\"target\":\"https:\/\/antes.cinemachile.cl\/?s={search_term_string}\",\"query-input\":\"required name=search_term_string\"}],\"inLanguage\":\"en-US\"},{\"@type\":\"ImageObject\",\"@id\":\"https:\/\/antes.cinemachile.cl\/?p=2296#primaryimage\",\"inLanguage\":\"en-US\",\"url\":\"https:\/\/antes.cinemachile.cl\/wp-content\/uploads\/2019\/08\/Conferencia_008-1-scaled.jpg\",\"contentUrl\":\"https:\/\/antes.cinemachile.cl\/wp-content\/uploads\/2019\/08\/Conferencia_008-1-scaled.jpg\",\"width\":2560,\"height\":1709},{\"@type\":\"WebPage\",\"@id\":\"https:\/\/antes.cinemachile.cl\/?p=2296#webpage\",\"url\":\"https:\/\/antes.cinemachile.cl\/?p=2296\",\"name\":\"[:es]CinemaChile y SANFIC celebrar\\u00e1n juntos sus aniversarios y una hist\\u00f3rica alianza de trabajo[:en]CinemaChile and SANFIC will celebrate together their anniversaries and a historic alliance[:] &raquo;\",\"isPartOf\":{\"@id\":\"https:\/\/antes.cinemachile.cl\/#website\"},\"primaryImageOfPage\":{\"@id\":\"https:\/\/antes.cinemachile.cl\/?p=2296#primaryimage\"},\"datePublished\":\"2019-08-14T22:53:50+00:00\",\"dateModified\":\"2019-08-16T20:03:16+00:00\",\"breadcrumb\":{\"@id\":\"https:\/\/antes.cinemachile.cl\/?p=2296#breadcrumb\"},\"inLanguage\":\"en-US\",\"potentialAction\":[{\"@type\":\"ReadAction\",\"target\":[\"https:\/\/antes.cinemachile.cl\/?p=2296\"]}]},{\"@type\":\"BreadcrumbList\",\"@id\":\"https:\/\/antes.cinemachile.cl\/?p=2296#breadcrumb\",\"itemListElement\":[{\"@type\":\"ListItem\",\"position\":1,\"item\":{\"@type\":\"WebPage\",\"@id\":\"https:\/\/antes.cinemachile.cl\/\",\"url\":\"https:\/\/antes.cinemachile.cl\/\",\"name\":\"Portada\"}},{\"@type\":\"ListItem\",\"position\":2,\"item\":{\"@id\":\"https:\/\/antes.cinemachile.cl\/?p=2296#webpage\"}}]},{\"@type\":\"Article\",\"@id\":\"https:\/\/antes.cinemachile.cl\/?p=2296#article\",\"isPartOf\":{\"@id\":\"https:\/\/antes.cinemachile.cl\/?p=2296#webpage\"},\"author\":{\"@id\":\"https:\/\/antes.cinemachile.cl\/#\/schema\/person\/4d418e8c155e0e6c7f6824d46930c359\"},\"headline\":\"CinemaChile and SANFIC will celebrate together their anniversaries and a historic alliance\",\"datePublished\":\"2019-08-14T22:53:50+00:00\",\"dateModified\":\"2019-08-16T20:03:16+00:00\",\"mainEntityOfPage\":{\"@id\":\"https:\/\/antes.cinemachile.cl\/?p=2296#webpage\"},\"commentCount\":0,\"publisher\":{\"@id\":\"https:\/\/antes.cinemachile.cl\/#organization\"},\"image\":{\"@id\":\"https:\/\/antes.cinemachile.cl\/?p=2296#primaryimage\"},\"articleSection\":[\"Sin categor\\u00eda\"],\"inLanguage\":\"en-US\",\"potentialAction\":[{\"@type\":\"CommentAction\",\"name\":\"Comment\",\"target\":[\"https:\/\/antes.cinemachile.cl\/?p=2296#respond\"]}]},{\"@type\":\"Person\",\"@id\":\"https:\/\/antes.cinemachile.cl\/#\/schema\/person\/4d418e8c155e0e6c7f6824d46930c359\",\"name\":\"Javi\",\"image\":{\"@type\":\"ImageObject\",\"@id\":\"https:\/\/antes.cinemachile.cl\/#personlogo\",\"inLanguage\":\"en-US\",\"url\":\"https:\/\/secure.gravatar.com\/avatar\/910b1edd78db85cb2357db80f6b4f20e?s=96&d=mm&r=g\",\"contentUrl\":\"https:\/\/secure.gravatar.com\/avatar\/910b1edd78db85cb2357db80f6b4f20e?s=96&d=mm&r=g\",\"caption\":\"Javi\"}}]}<\/script>\n<!-- \/ Yoast SEO plugin. -->","_links":{"self":[{"href":"https:\/\/antes.cinemachile.cl\/en\/wp-json\/wp\/v2\/posts\/2296"}],"collection":[{"href":"https:\/\/antes.cinemachile.cl\/en\/wp-json\/wp\/v2\/posts"}],"about":[{"href":"https:\/\/antes.cinemachile.cl\/en\/wp-json\/wp\/v2\/types\/post"}],"author":[{"embeddable":true,"href":"https:\/\/antes.cinemachile.cl\/en\/wp-json\/wp\/v2\/users\/3"}],"replies":[{"embeddable":true,"href":"https:\/\/antes.cinemachile.cl\/en\/wp-json\/wp\/v2\/comments?post=2296"}],"version-history":[{"count":8,"href":"https:\/\/antes.cinemachile.cl\/en\/wp-json\/wp\/v2\/posts\/2296\/revisions"}],"predecessor-version":[{"id":2316,"href":"https:\/\/antes.cinemachile.cl\/en\/wp-json\/wp\/v2\/posts\/2296\/revisions\/2316"}],"wp:featuredmedia":[{"embeddable":true,"href":"https:\/\/antes.cinemachile.cl\/en\/wp-json\/wp\/v2\/media\/2305"}],"wp:attachment":[{"href":"https:\/\/antes.cinemachile.cl\/en\/wp-json\/wp\/v2\/media?parent=2296"}],"wp:term":[{"taxonomy":"category","embeddable":true,"href":"https:\/\/antes.cinemachile.cl\/en\/wp-json\/wp\/v2\/categories?post=2296"},{"taxonomy":"post_tag","embeddable":true,"href":"https:\/\/antes.cinemachile.cl\/en\/wp-json\/wp\/v2\/tags?post=2296"}],"curies":[{"name":"wp","href":"https:\/\/api.w.org\/{rel}","templated":true}]}}