{"id":10946,"date":"2021-10-04T15:48:14","date_gmt":"2021-10-04T15:48:14","guid":{"rendered":"https:\/\/cinemachile.cl\/?p=10946"},"modified":"2021-10-05T01:46:35","modified_gmt":"2021-10-05T01:46:35","slug":"discurso-de-maite-alberdi-tras-ganar-con-el-agente-topo-emociona-en-los-premios-platino","status":"publish","type":"post","link":"https:\/\/antes.cinemachile.cl\/en\/discurso-de-maite-alberdi-tras-ganar-con-el-agente-topo-emociona-en-los-premios-platino\/","title":{"rendered":"Exclusive! Read Maite Alberdi&#8217;s translated Platino acceptance speech here"},"content":{"rendered":"<p><span style=\"font-weight: 400;\">Last night\u2019s Platino Awards in Madrid brought new recognitions for Chilean cinema! <\/span><b><i>The Mole Agent<\/i><\/b><span style=\"font-weight: 400;\"> by Maite Alberdi won two prizes while the actor Alfredo Castro won for his role in <\/span><b><i>The prince<\/i><\/b><span style=\"font-weight: 400;\"> by Sebasti\u00e1n Mu\u00f1oz.\u00a0<\/span><\/p>\n<h2><b>Maite Alberdi\u2019s moving speech<\/b><\/h2>\n<p><span style=\"font-weight: 400;\">We want to share the moving words that Maite Alberdi said when she received the Platinum Award for Cinema and Education in Values \u200b\u200band then the award for Best Ibero-American Documentary. We firmly believe that his words reflect the importance of cinema and the impact that art has on our society.<\/span><\/p>\n<h2><b><i>Platinum Award for Cinema and Education in Values Speech<\/i><\/b><\/h2>\n<p><span style=\"font-weight: 400;\">\u201cThe pandemic has highlighted the need to review our relationship with old age. When we were making <\/span><b><i>The Mole Agent <\/i><\/b><span style=\"font-weight: 400;\">we realized that there was already a pandemic in nursing homes&#8211; the pandemic of loneliness.\u201d<\/span><\/p>\n<p><span style=\"font-weight: 400;\">\u201cIn our current society, life expectancy has increased, but not with it the desire to live. <\/span><span style=\"font-weight: 400;\">Art and cinema are one of the few spaces in society where people can be together to share and reflect on a common experience, even if that means seeing the world in radically different ways.\u201d<\/span><\/p>\n<p><span style=\"font-weight: 400;\">\u201cI hope that our documentary will be a source of inspiration for politicians and activists, so that we can defend a dignified and respected eldery community, where they are not relegated to oblivion, either in family or institutional settings. Thank you.\u201d<\/span><\/p>\n<h2><img loading=\"lazy\" class=\"aligncenter wp-image-10947\" src=\"https:\/\/cinemachile.cl\/wp-content\/uploads\/2021\/10\/MAITE-PLATINOS.jpeg\" alt=\"\" width=\"530\" height=\"707\" srcset=\"https:\/\/antes.cinemachile.cl\/wp-content\/uploads\/2021\/10\/MAITE-PLATINOS.jpeg 1200w, https:\/\/antes.cinemachile.cl\/wp-content\/uploads\/2021\/10\/MAITE-PLATINOS-225x300.jpeg 225w, https:\/\/antes.cinemachile.cl\/wp-content\/uploads\/2021\/10\/MAITE-PLATINOS-768x1024.jpeg 768w, https:\/\/antes.cinemachile.cl\/wp-content\/uploads\/2021\/10\/MAITE-PLATINOS-1152x1536.jpeg 1152w\" sizes=\"(max-width: 530px) 100vw, 530px\" \/><\/h2>\n<h2><b><i>Best Iberoamerican Documentary Speech<\/i><\/b><\/h2>\n<p><span style=\"font-weight: 400;\">\u201cSince we released <\/span><b><i>The Mole Agent<\/i><\/b><span style=\"font-weight: 400;\">, many have asked us how we made the protagonists act or how they learned the script. And we had to clarify that all the experiences and stories that we see on the screen are real. THEY ARE NOT ACTORS, THERE IS NO SCRIPT. THEY ARE REAL PEOPLE.<\/span><\/p>\n<p><span style=\"font-weight: 400;\">\u201cDocumentaries are films, just like any other, the only difference being that we work with reality as our raw material. <\/span><b><i>The Mole Agent<\/i><\/b><span style=\"font-weight: 400;\"> looks like a FICTION movie thanks to a talented team searching for new cinematographic forms: an editor who edited 300 hours of film, MATERIAL THAT WAS OBSERVATIONAL AND PAUSED, a cinematographer who spent 4 months patiently waiting for the action, a soundman who rescued every whispered word, a producer, Marcela who was able to co-produce WITH 5 countries and be a creative voice together. Above all, our co-producers gave universality to this story, each one trying to make it RESONATE in their own country.\u201d<\/span><\/p>\n<p><span style=\"font-weight: 400;\">\u201cThank you very much, this award belongs to all of them, and I hope that tomorrow the barriers of film genres that separate documentary from fiction will be broken, and that any film can be nominated in the category in which they deserve to be in. So anyone can dream of winning their own Goya, Oscar or any other cinematographic award.\u201d\u00a0<\/span><\/p>\n<h2><b>Alfredo Castro sigue sumando reconocimientos<\/b><\/h2>\n<p><span style=\"font-weight: 400;\"><img loading=\"lazy\" class=\" wp-image-10948 alignright\" src=\"https:\/\/cinemachile.cl\/wp-content\/uploads\/2021\/10\/MUN\u0303OZ.jpeg\" alt=\"\" width=\"373\" height=\"497\" srcset=\"https:\/\/antes.cinemachile.cl\/wp-content\/uploads\/2021\/10\/MUN\u0303OZ.jpeg 1200w, https:\/\/antes.cinemachile.cl\/wp-content\/uploads\/2021\/10\/MUN\u0303OZ-225x300.jpeg 225w, https:\/\/antes.cinemachile.cl\/wp-content\/uploads\/2021\/10\/MUN\u0303OZ-768x1024.jpeg 768w, https:\/\/antes.cinemachile.cl\/wp-content\/uploads\/2021\/10\/MUN\u0303OZ-1152x1536.jpeg 1152w\" sizes=\"(max-width: 373px) 100vw, 373px\" \/>2021 has been a powerful year for Alfredo Castro, one of the most emblematic Chilean actors; a distinguished face of fiction series and of national and global cinema. During these months he has been honored in Toulouse and has won the award for Best Supporting Actor in Mal\u00e1ga. Last night a new recognition was added: Platinum Award for Best Male Supporting Performance, for his role in<\/span><b><i> The prince<\/i><\/b><span style=\"font-weight: 400;\">, by Sebasti\u00e1n Mu\u00f1oz.\u00a0<\/span><\/p>\n<p><span style=\"font-weight: 400;\">The film, based on a novel of the same name by the author Mario Cruz, brings us closer to prison reality. The award was received by Mu\u00f1oz, who also read some words that Castro wrote in gratitude: <\/span><i><span style=\"font-weight: 400;\">\u201cThank you for this recognition that I receive with joy, on behalf of all who made The Prince possible. Grateful to Sebasti\u00e1n Mu\u00f1oz, and to all my colleagues. I am grateful for this gathering of talents and sensibilities, multiple, multinational, joint, heterogeneous, portraying common and diverse realities. Our territories celebrate this meeting of humanity, creation, so necessary and loving \u201d.\u00a0<\/span><\/i><\/p>\n<p><span style=\"font-weight: 400;\">This film is the first feature film by Mu\u00f1oz, who has been an art director in films by Alicia Scherson and Pablo Larra\u00edn. The film was produced by El Otro Film (Chile) and Ni\u00f1a Ni\u00f1o Films (Chile) and co-produced by Le Tiro Films (Argentina) and Be Revolution Pictures (Belgium).<\/span><\/p>\n<p><span style=\"font-weight: 400;\">Esta cinta es el primer largometraje de Mu\u00f1oz, quien ha sido director de arte en pel\u00edculas de Alicia Scherson y Pablo Larra\u00edn. El filme fue producido El Otro Film (Chile)y Ni\u00f1aNi\u00f1o Films (Chile) y coproducida por Le tiro Films (Argentina) y Be Revolution Pictures (B\u00e9lgica).<\/span><\/p>\n<!-- AddThis Advanced Settings generic via filter on the_content --><!-- AddThis Share Buttons generic via filter on the_content -->","protected":false},"excerpt":{"rendered":"<p>Last night\u2019s Platino Awards in Madrid brought new recognitions for Chilean cinema! The Mole Agent by Maite Alberdi won two prizes while the actor Alfredo Castro won for his role in The prince by Sebasti\u00e1n Mu\u00f1oz.\u00a0 Maite Alberdi\u2019s moving speech We want to share the moving words that Maite Alberdi said when she received the [&hellip;]<!-- AddThis Advanced Settings generic via filter on wp_trim_excerpt --><!-- AddThis Share Buttons generic via filter on wp_trim_excerpt --><\/p>\n","protected":false},"author":4,"featured_media":10022,"comment_status":"open","ping_status":"open","sticky":false,"template":"","format":"standard","meta":{"loftloader_page_shortcode":""},"categories":[1],"tags":[],"yoast_head":"<!-- This site is optimized with the Yoast SEO plugin v16.2 - https:\/\/yoast.com\/wordpress\/plugins\/seo\/ -->\n<title>Exclusive! Read Maite Alberdi&#039;s translated Platino acceptance speech here &raquo;<\/title>\n<meta name=\"robots\" content=\"index, follow, max-snippet:-1, max-image-preview:large, max-video-preview:-1\" \/>\n<link rel=\"canonical\" href=\"https:\/\/antes.cinemachile.cl\/?p=10946\" \/>\n<meta property=\"og:locale\" content=\"en_US\" \/>\n<meta property=\"og:type\" content=\"article\" \/>\n<meta property=\"og:title\" content=\"[:es]\u00a1Exclusivo! Este fue el discurso completo de Maite Alberdi tras ganar con &quot;El agente topo&quot; emociona en los Premios Platino[:en]Exclusive! Read Maite Alberdi&#039;s translated Platino acceptance speech here[:] &raquo;\" \/>\n<meta property=\"og:description\" content=\"Last night\u2019s Platino Awards in Madrid brought new recognitions for Chilean cinema! The Mole Agent by Maite Alberdi won two prizes while the actor Alfredo Castro won for his role in The prince by Sebasti\u00e1n Mu\u00f1oz.\u00a0 Maite Alberdi\u2019s moving speech We want to share the moving words that Maite Alberdi said when she received the [&hellip;]\" \/>\n<meta property=\"og:url\" content=\"https:\/\/antes.cinemachile.cl\/?p=10946\" \/>\n<meta property=\"article:publisher\" content=\"https:\/\/www.facebook.com\/cinemachile\" \/>\n<meta property=\"article:published_time\" content=\"2021-10-04T15:48:14+00:00\" \/>\n<meta property=\"article:modified_time\" content=\"2021-10-05T01:46:35+00:00\" \/>\n<meta property=\"og:image\" content=\"https:\/\/cinemachile.cl\/wp-content\/uploads\/2021\/03\/EL-AGENTE-TOPO_1-e1615826303596.jpg\" \/>\n\t<meta property=\"og:image:width\" content=\"850\" \/>\n\t<meta property=\"og:image:height\" content=\"501\" \/>\n<meta name=\"twitter:card\" content=\"summary_large_image\" \/>\n<meta name=\"twitter:creator\" content=\"@cinemachile\" \/>\n<meta name=\"twitter:site\" content=\"@cinemachile\" \/>\n<meta name=\"twitter:label1\" content=\"Est. reading time\">\n\t<meta name=\"twitter:data1\" content=\"4 minutes\">\n<script type=\"application\/ld+json\" class=\"yoast-schema-graph\">{\"@context\":\"https:\/\/schema.org\",\"@graph\":[{\"@type\":\"Organization\",\"@id\":\"https:\/\/antes.cinemachile.cl\/#organization\",\"name\":\"CinemaChile\",\"url\":\"https:\/\/antes.cinemachile.cl\/\",\"sameAs\":[\"https:\/\/www.facebook.com\/cinemachile\",\"https:\/\/www.instagram.com\/cinemachile\/\",\"https:\/\/twitter.com\/cinemachile\"],\"logo\":{\"@type\":\"ImageObject\",\"@id\":\"https:\/\/antes.cinemachile.cl\/#logo\",\"inLanguage\":\"en-US\",\"url\":\"https:\/\/cinemachile.cl\/wp-content\/uploads\/2020\/06\/logo-cinema-gif.gif\",\"contentUrl\":\"https:\/\/cinemachile.cl\/wp-content\/uploads\/2020\/06\/logo-cinema-gif.gif\",\"width\":330,\"height\":150,\"caption\":\"CinemaChile\"},\"image\":{\"@id\":\"https:\/\/antes.cinemachile.cl\/#logo\"}},{\"@type\":\"WebSite\",\"@id\":\"https:\/\/antes.cinemachile.cl\/#website\",\"url\":\"https:\/\/antes.cinemachile.cl\/\",\"name\":\"\",\"description\":\"\",\"publisher\":{\"@id\":\"https:\/\/antes.cinemachile.cl\/#organization\"},\"potentialAction\":[{\"@type\":\"SearchAction\",\"target\":\"https:\/\/antes.cinemachile.cl\/?s={search_term_string}\",\"query-input\":\"required name=search_term_string\"}],\"inLanguage\":\"en-US\"},{\"@type\":\"ImageObject\",\"@id\":\"https:\/\/antes.cinemachile.cl\/?p=10946#primaryimage\",\"inLanguage\":\"en-US\",\"url\":\"https:\/\/antes.cinemachile.cl\/wp-content\/uploads\/2021\/03\/EL-AGENTE-TOPO_1-e1615826303596.jpg\",\"contentUrl\":\"https:\/\/antes.cinemachile.cl\/wp-content\/uploads\/2021\/03\/EL-AGENTE-TOPO_1-e1615826303596.jpg\",\"width\":850,\"height\":501,\"caption\":\"sergio charmy, adulto mayor protagonista de la pelicula con la directora maite alberdi\"},{\"@type\":\"WebPage\",\"@id\":\"https:\/\/antes.cinemachile.cl\/?p=10946#webpage\",\"url\":\"https:\/\/antes.cinemachile.cl\/?p=10946\",\"name\":\"[:es]\\u00a1Exclusivo! Este fue el discurso completo de Maite Alberdi tras ganar con \\\"El agente topo\\\" emociona en los Premios Platino[:en]Exclusive! Read Maite Alberdi's translated Platino acceptance speech here[:] &raquo;\",\"isPartOf\":{\"@id\":\"https:\/\/antes.cinemachile.cl\/#website\"},\"primaryImageOfPage\":{\"@id\":\"https:\/\/antes.cinemachile.cl\/?p=10946#primaryimage\"},\"datePublished\":\"2021-10-04T15:48:14+00:00\",\"dateModified\":\"2021-10-05T01:46:35+00:00\",\"breadcrumb\":{\"@id\":\"https:\/\/antes.cinemachile.cl\/?p=10946#breadcrumb\"},\"inLanguage\":\"en-US\",\"potentialAction\":[{\"@type\":\"ReadAction\",\"target\":[\"https:\/\/antes.cinemachile.cl\/?p=10946\"]}]},{\"@type\":\"BreadcrumbList\",\"@id\":\"https:\/\/antes.cinemachile.cl\/?p=10946#breadcrumb\",\"itemListElement\":[{\"@type\":\"ListItem\",\"position\":1,\"item\":{\"@type\":\"WebPage\",\"@id\":\"https:\/\/antes.cinemachile.cl\/\",\"url\":\"https:\/\/antes.cinemachile.cl\/\",\"name\":\"Portada\"}},{\"@type\":\"ListItem\",\"position\":2,\"item\":{\"@id\":\"https:\/\/antes.cinemachile.cl\/?p=10946#webpage\"}}]},{\"@type\":\"Article\",\"@id\":\"https:\/\/antes.cinemachile.cl\/?p=10946#article\",\"isPartOf\":{\"@id\":\"https:\/\/antes.cinemachile.cl\/?p=10946#webpage\"},\"author\":{\"@id\":\"https:\/\/antes.cinemachile.cl\/#\/schema\/person\/158f3a844e621bdede2a86ce150981e0\"},\"headline\":\"Exclusive! Read Maite Alberdi&#8217;s translated Platino acceptance speech here\",\"datePublished\":\"2021-10-04T15:48:14+00:00\",\"dateModified\":\"2021-10-05T01:46:35+00:00\",\"mainEntityOfPage\":{\"@id\":\"https:\/\/antes.cinemachile.cl\/?p=10946#webpage\"},\"commentCount\":0,\"publisher\":{\"@id\":\"https:\/\/antes.cinemachile.cl\/#organization\"},\"image\":{\"@id\":\"https:\/\/antes.cinemachile.cl\/?p=10946#primaryimage\"},\"articleSection\":[\"Sin categor\\u00eda\"],\"inLanguage\":\"en-US\",\"potentialAction\":[{\"@type\":\"CommentAction\",\"name\":\"Comment\",\"target\":[\"https:\/\/antes.cinemachile.cl\/?p=10946#respond\"]}]},{\"@type\":\"Person\",\"@id\":\"https:\/\/antes.cinemachile.cl\/#\/schema\/person\/158f3a844e621bdede2a86ce150981e0\",\"name\":\"Prensa CinemaChile\",\"image\":{\"@type\":\"ImageObject\",\"@id\":\"https:\/\/antes.cinemachile.cl\/#personlogo\",\"inLanguage\":\"en-US\",\"url\":\"https:\/\/secure.gravatar.com\/avatar\/b3ccb455f578dd97b84c14103abb9dcb?s=96&d=mm&r=g\",\"contentUrl\":\"https:\/\/secure.gravatar.com\/avatar\/b3ccb455f578dd97b84c14103abb9dcb?s=96&d=mm&r=g\",\"caption\":\"Prensa CinemaChile\"}}]}<\/script>\n<!-- \/ Yoast SEO plugin. -->","_links":{"self":[{"href":"https:\/\/antes.cinemachile.cl\/en\/wp-json\/wp\/v2\/posts\/10946"}],"collection":[{"href":"https:\/\/antes.cinemachile.cl\/en\/wp-json\/wp\/v2\/posts"}],"about":[{"href":"https:\/\/antes.cinemachile.cl\/en\/wp-json\/wp\/v2\/types\/post"}],"author":[{"embeddable":true,"href":"https:\/\/antes.cinemachile.cl\/en\/wp-json\/wp\/v2\/users\/4"}],"replies":[{"embeddable":true,"href":"https:\/\/antes.cinemachile.cl\/en\/wp-json\/wp\/v2\/comments?post=10946"}],"version-history":[{"count":2,"href":"https:\/\/antes.cinemachile.cl\/en\/wp-json\/wp\/v2\/posts\/10946\/revisions"}],"predecessor-version":[{"id":10950,"href":"https:\/\/antes.cinemachile.cl\/en\/wp-json\/wp\/v2\/posts\/10946\/revisions\/10950"}],"wp:featuredmedia":[{"embeddable":true,"href":"https:\/\/antes.cinemachile.cl\/en\/wp-json\/wp\/v2\/media\/10022"}],"wp:attachment":[{"href":"https:\/\/antes.cinemachile.cl\/en\/wp-json\/wp\/v2\/media?parent=10946"}],"wp:term":[{"taxonomy":"category","embeddable":true,"href":"https:\/\/antes.cinemachile.cl\/en\/wp-json\/wp\/v2\/categories?post=10946"},{"taxonomy":"post_tag","embeddable":true,"href":"https:\/\/antes.cinemachile.cl\/en\/wp-json\/wp\/v2\/tags?post=10946"}],"curies":[{"name":"wp","href":"https:\/\/api.w.org\/{rel}","templated":true}]}}