{"id":10863,"date":"2021-09-16T16:41:51","date_gmt":"2021-09-16T16:41:51","guid":{"rendered":"https:\/\/cinemachile.cl\/?p=10863"},"modified":"2021-10-01T20:32:33","modified_gmt":"2021-10-01T20:32:33","slug":"chile-en-san-sebastian-desde-maite-alberdi-en-el-jurado-hasta-una-destacada-delegacion-en-el-foro-de-coproduccion","status":"publish","type":"post","link":"https:\/\/antes.cinemachile.cl\/en\/espanol-chile-en-san-sebastian-desde-maite-alberdi-en-el-jurado-hasta-una-destacada-delegacion-en-el-foro-de-coproduccion\/","title":{"rendered":"Chile in San Sebasti\u00e1n: From Maite Alberdi&#8217;s jury selection to a distinguished delegation at the co-production Forum"},"content":{"rendered":"<p>Another year has gone by and, as usual, the San Sebastian Festival welcomes Chilean cinema with great anticipation and enthusiasm. This year, our country establishes its presence with an Argentine-Chilean co-production in Horizontes Latinos (Piedra Noche by Iv\u00e1n Fund), a short film at Nest Film Students (Algo as\u00ed como la nocheby Alv\u00e1n Prado) and the new projects by Nayra Ilic, Cristi\u00e1n Leighton and \u00c1lvaro Aponte at the Co-Production Forum. Maite Alberdi, the first Chilean director nominated for an Oscar, participates as a jury member in the Official Section of the Festival.<\/p>\n<p>For our executive director, Constanza Arena, this appearance is \u201can investment that emphasizes our consolidated values, like the director Maite Alberdi&#8217;s participation in the jury, in the relevance of the growing co-productions with neighboring countries, as is the case with Argentina in Piedra Noche. Above all, this year highlights the future of Chilean cinema: the fact that three Chilean projects appear in the Co-Production Forum is something really important for cinematography in our country.\u201d<\/p>\n<h2><span style=\"color: #ff0000;\">MAITE ALBERDI: JURY FOR THE OFFICIAL SELECTION<\/span><\/h2>\n<p><img loading=\"lazy\" class=\" wp-image-4055 alignright\" src=\"https:\/\/cinemachile.cl\/wp-content\/uploads\/2020\/04\/maite-alberdi.jpg\" alt=\"\" width=\"230\" height=\"326\" srcset=\"https:\/\/antes.cinemachile.cl\/wp-content\/uploads\/2020\/04\/maite-alberdi.jpg 533w, https:\/\/antes.cinemachile.cl\/wp-content\/uploads\/2020\/04\/maite-alberdi-212x300.jpg 212w\" sizes=\"(max-width: 230px) 100vw, 230px\" \/>There&#8217;s no doubt that director Maite Alberdi has had a spectacular year, continuing to shine with her prestigious participation as a Jury of the Official Section of San Sebastian, where 16 feature films will compete for the Concha de Oro (Golden Shell), the highest award of the festival.<\/p>\n<p>The jury is chaired by Georgian director Dea Kulumbegashvilil, winner in 2020 of four awards in San Sebastian for her debut film Beginning.<\/p>\n<p>\u201cIt is an honor to be part of the jury of the Official Section and share it with people whose works I follow, in a year in which the majority of us on the deliberating body are women, which is a sign of change. I am also an admirer of many of the directors in the competition, so it will be a pleasure to see their films. San Sebasti\u00e1n is a Festival that has helped my career, as it did with El Agente Topo, which received a huge boost from the Audience Award,&#8221; Alberdi said.<\/p>\n<p>Alberdi&#8217;s latest film, <a href=\"https:\/\/cinemachile.cl\/el-agente-topo-hace-historia-nominado-a-mejor-documental-en-los-premios-oscar\/\">E<\/a><a href=\"https:\/\/cinemachile.cl\/el-agente-topo-hace-historia-nominado-a-mejor-documental-en-los-premios-oscar\/\">l Agente Topo <\/a><a href=\"https:\/\/cinemachile.cl\/el-agente-topo-hace-historia-nominado-a-mejor-documental-en-los-premios-oscar\/\"> made history by being nominated for an Oscar for Best Documentary<\/a><a href=\"https:\/\/cinemachile.cl\/el-agente-topo-hace-historia-nominado-a-mejor-documental-en-los-premios-oscar\/\">,<\/a> a milestone that consolidated her position as one of the most powerful voices in documentaries in the world. It was also nominated for a Goya for Best Ibero-American Film.<\/p>\n<p>San Sebastian supported El Agente Topofrom its development stage, selecting it for the Co-Production Forum in 2017. Three years later, it was shown at the festival, where, as Alberdi mentions, it won the City of Donostia Audience Award for Best European Film 2020.<\/p>\n<p>Alberdi&#8217;s international career dates back to 2011, when she premiered her first feature film, El Salvavidas. She directed La Once, which was nominated in 2016 for the Goya award for best Ibero-American film. That same year, she premiered the short film Yo No Soy De Aqui, nominated for the European Film Awards, and the feature Los ni\u00f1os, which won 10 international awards. She is a member of the Hollywood Film Academy.<\/p>\n<h2><span style=\"color: #ff0000;\">PIEDRA NOCHE AT HORIZONTES LATINOS<\/span><\/h2>\n<p>After a visit with Venice Days, Piedra Nocheby Iv\u00e1n Fund lands at Horizontes Latinos, a section that brings together outstanding films from Latin America. It was co-produced by the Chilean producer Catalina Vergara (Globo Rojo Films) with Argentine producers Rita Cine and Insomnia Films.<\/p>\n<p><img loading=\"lazy\" class=\"wp-image-10867 aligncenter\" src=\"https:\/\/cinemachile.cl\/wp-content\/uploads\/2021\/09\/piedra-noche.jpg\" alt=\"\" width=\"616\" height=\"347\" srcset=\"https:\/\/antes.cinemachile.cl\/wp-content\/uploads\/2021\/09\/piedra-noche.jpg 1000w, https:\/\/antes.cinemachile.cl\/wp-content\/uploads\/2021\/09\/piedra-noche-300x169.jpg 300w, https:\/\/antes.cinemachile.cl\/wp-content\/uploads\/2021\/09\/piedra-noche-768x432.jpg 768w\" sizes=\"(max-width: 616px) 100vw, 616px\" \/><\/p>\n<p>Piedra Noche is a film about devotion, about having to live with the belief systems of others, and the tenderness of this mutual covenant to overcome our pain. Alfredo Castro stars alongside Maricel \u00c1lvarez, Marcelo Subiotto, and Mara Bestelli. (Sales: Elle Driver). It won the WIP LATAM Industry Award at San Sebastian 2020.<\/p>\n<h3><span style=\"color: #ff0000;\"><strong>ALGO AS\u00cd COMO LA NOCHE AT NEST STUDENT\u00a0<\/strong><\/span><\/h3>\n<p>The short film Algo as\u00ed como la noche, de Alv\u00e1n Prado, will participate in Nest, the international meeting of film students at the San Sebastian Film Festival<\/p>\n<p>The story transports us to a cold April afternoon, at the foot of a mountain, where Marcos and Ivan will have to decide whether to cover up or take responsibility for an action they have just committed.<\/p>\n<p><img loading=\"lazy\" class=\"aligncenter wp-image-10868\" src=\"https:\/\/cinemachile.cl\/wp-content\/uploads\/2021\/09\/Algo-asi\u0301-como-la-noche.jpg\" alt=\"\" width=\"614\" height=\"345\" srcset=\"https:\/\/antes.cinemachile.cl\/wp-content\/uploads\/2021\/09\/Algo-asi\u0301-como-la-noche.jpg 800w, https:\/\/antes.cinemachile.cl\/wp-content\/uploads\/2021\/09\/Algo-asi\u0301-como-la-noche-300x169.jpg 300w, https:\/\/antes.cinemachile.cl\/wp-content\/uploads\/2021\/09\/Algo-asi\u0301-como-la-noche-768x432.jpg 768w\" sizes=\"(max-width: 614px) 100vw, 614px\" \/><\/p>\n<p>Prado holds a degree in performing arts as well as for film and theatre directing. He directed the short film Victor (2014) and the feature film Mi Galaxia (2015), the latter of which he made jointly with a Canadian team.<\/p>\n<h3><span style=\"color: #ff0000;\">4 PROJECTS IN THE CO-PRODUCTION FORUM<\/span><\/h3>\n<p><strong>\u00a0<\/strong>This year, four Chilean projects are participating in the Europe &#8211; Latin America Co-Production Forum, dedicated to promoting productions in different stages of development.<\/p>\n<h4><strong>Cuerpo celeste, by Nayra Ilic (Chile, Italy, and France)<\/strong><\/h4>\n<p>Director Nayra Ilic made her mark on contemporary Chilean cinema with her debut film, Metro Cuadrado (2010), which premiered in 2011 at the Palm Springs festival.<\/p>\n<p>Since then, there is an international audience eager to continue viewing her directing vision and, fortunately, her second feature film, Cuerpo Celeste , is in the process of development.<\/p>\n<p>The project shows us the death of Celeste&#8217;s father, and her mother who wants to sell her old beach house, and Celeste, who still does not accept his death, sees his soul wandering around the place.<\/p>\n<p>It had a great showing at WIP spaces, winning the award for Best Project of the Chilean Cinema of the Future at the Valdivia Festival 2019 and participating in the selection of the Torino Film Lab Feature Lab Next 2020. It obtained the Ibermedia 2020 Fund and the CORFO 2020 Development Fund.<\/p>\n<p>It is produced by Florencia Rodr\u00edguez and Dominga Ort\u00fazar (Oro Films), who arrive in San Sebasti\u00e1n after going through the Toronto Film Festival with Matar A La Bestia, the first film by the Argentinian director Agustina San Mart\u00edn, premiering in the Discovery section.<\/p>\n<h4><strong><em>El porvenir de la mirada<\/em> by Cristian Leighton (Chile)<\/strong><\/h4>\n<p>This new project by Storyboard Media focuses on human Rights violations in Chile during the 2019 social upheaval, focusing on the victims suffering eye injuries from police forces. It is a complex and profound issue that addresses the crisis of neoliberalism and its impact on the bodies of citizens.<\/p>\n<p>&#8220;This film is not only important for us as directors or producers, but we think it is a fundamental film for Chile and for the cinematic depiction of our history and our memory, &#8221; said the director of the film, Cristi\u00e1n Leighton.<\/p>\n<p>Leighton has been working for more than 20 years on various cultural documentaries, all of which take a deep look at the construction of identity and belonging. His works, exhibited at festivals such as FIDMARSEILLE, NYFF, FIDOCS, and BAFICI, address themes that include interculturality and injustice.<\/p>\n<p>This is the first time he has worked with Storyboard Media, run by Gabriela Sandoval and Carlos Nu\u00f1\u00e9z, one of the most important production companies in Spain. Last year, they premiered El Cielo Est\u00e1 Rojoby Francina Carbonell in IDFA, where it participated in two competitions being positioned as one of the most important documentaries of the year.<\/p>\n<p>El porvenir de la mirada is also produced by Sebasti\u00e1n Lelio, winner of the Oscar for Best Foreign Language Film for Una mujer fant\u00e1stica<\/p>\n<h4><strong><em>Sarah<\/em>, \u00c1lvaro Aponte (Puerto Rico, Chile)<\/strong><\/h4>\n<p>Sarah is an innovative Latin American co-production by Puerto Rican director \u00c1lvaro Aponte, produced by Chilean producer Quijote Films. It was developed and written at the Cinefondation residence in Cannes 2019.<\/p>\n<p>The project, which will be Aponte&#8217;s second feature film, tells the story of a young piano prodigy who must live with the abandonment caused by his mother&#8217;s sudden illness and his lack of any relationship with his father. In search of love and support, he takes refuge in his best friends, but soon he must choose between continuing to run away from reality or fulfilling his own desire.<\/p>\n<p>\u201cSarah is a film that I have a lot of faith in, and a lot of hope for. I think it is a beautiful project, a very humanistic project, that addresses the universal family conflicts that occur in Puerto Rico but that also occur in other parts of the world,\u201d Aponte said to the news outlet El Nuevo D\u00eda.<\/p>\n<h4><strong><em>Volver a cas<\/em><em>a<\/em>, Catalina Alarc\u00f3n<\/strong><\/h4>\n<p>The <strong><em>Lau Haizetara documentary co-production forum<\/em><\/strong> will include <strong><em>Volver A Casa<\/em><\/strong>, by Catalina Alarc\u00f3n, a Chilean production by Mimbre Films &amp; Pequ\u00e9n Producciones.<\/p>\n<p>The documentary has as its producers Daniela Camino &amp; Josephine Schroeder, telling the story of Franco, an inmate in the Valparaiso prison who leads a virtual reality workshop where participants can see their families again using this technology. This virtual and experimental journey invites viewers to create realistic scenarios for their VR experiences, while surviving the violence of the prison.<\/p>\n<p><strong><em>Volver a casa <\/em><\/strong> is a transmedia project that began in 2017 with the goal of democratizing access to cinema and technology by building a virtual bridge from the inside of the prison to the outside world. The documentary includes three subprojects with that work in parallel in different stages: a short film, feature film and film workshops, and virtual reality in prisons.<\/p>\n<p style=\"text-align: center;\"><div class=\"_df_book df-container df-loading \" id=\"df_10860\"  title=\"chile-en-san-sebastian-2021\" wpoptions=\"true\" thumbtype=\"bg\" ><\/div><script data-cfasync=\"false\">var option_df_10860 = {\"outline\":[],\"backgroundColor\":\"#7fa099\",\"forceFit\":\"true\",\"autoEnableOutline\":\"false\",\"autoEnableThumbnail\":\"false\",\"overwritePDFOutline\":\"false\",\"direction\":\"1\",\"pageMode\":\"0\",\"source\":\"https:\\\/\\\/cinemachile.cl\\\/wp-content\\\/uploads\\\/2021\\\/09\\\/Presskit-SS-2021.pdf\",\"wpOptions\":\"true\"}; if(window.DFLIP && DFLIP.parseBooks){DFLIP.parseBooks();}<\/script><\/p>\n<p>&nbsp;<\/p>\n<!-- AddThis Advanced Settings generic via filter on the_content --><!-- AddThis Share Buttons generic via filter on the_content -->","protected":false},"excerpt":{"rendered":"<p>Another year has gone by and, as usual, the San Sebastian Festival welcomes Chilean cinema with great anticipation and enthusiasm. This year, our country establishes its presence with an Argentine-Chilean co-production in Horizontes Latinos (Piedra Noche by Iv\u00e1n Fund), a short film at Nest Film Students (Algo as\u00ed como la nocheby Alv\u00e1n Prado) and the [&hellip;]<!-- AddThis Advanced Settings generic via filter on wp_trim_excerpt --><!-- AddThis Share Buttons generic via filter on wp_trim_excerpt --><\/p>\n","protected":false},"author":4,"featured_media":10864,"comment_status":"open","ping_status":"open","sticky":false,"template":"","format":"standard","meta":{"loftloader_page_shortcode":""},"categories":[1],"tags":[],"yoast_head":"<!-- This site is optimized with the Yoast SEO plugin v16.2 - https:\/\/yoast.com\/wordpress\/plugins\/seo\/ -->\n<title>Chile in San Sebasti\u00e1n: From Maite Alberdi&#039;s jury selection to a distinguished delegation at the co-production Forum &raquo;<\/title>\n<meta name=\"robots\" content=\"index, follow, max-snippet:-1, max-image-preview:large, max-video-preview:-1\" \/>\n<link rel=\"canonical\" href=\"https:\/\/antes.cinemachile.cl\/?p=10863\" \/>\n<meta property=\"og:locale\" content=\"en_US\" \/>\n<meta property=\"og:type\" content=\"article\" \/>\n<meta property=\"og:title\" content=\"[:es]Chile en San Sebasti\u00e1n: Desde Maite Alberdi en el jurado hasta una destacada delegaci\u00f3n en el Foro de coproducci\u00f3n[:en]Chile in San Sebasti\u00e1n: From Maite Alberdi&#039;s jury selection to a distinguished delegation at the co-production Forum[:] &raquo;\" \/>\n<meta property=\"og:description\" content=\"Another year has gone by and, as usual, the San Sebastian Festival welcomes Chilean cinema with great anticipation and enthusiasm. This year, our country establishes its presence with an Argentine-Chilean co-production in Horizontes Latinos (Piedra Noche by Iv\u00e1n Fund), a short film at Nest Film Students (Algo as\u00ed como la nocheby Alv\u00e1n Prado) and the [&hellip;]\" \/>\n<meta property=\"og:url\" content=\"https:\/\/antes.cinemachile.cl\/?p=10863\" \/>\n<meta property=\"article:publisher\" content=\"https:\/\/www.facebook.com\/cinemachile\" \/>\n<meta property=\"article:published_time\" content=\"2021-09-16T16:41:51+00:00\" \/>\n<meta property=\"article:modified_time\" content=\"2021-10-01T20:32:33+00:00\" \/>\n<meta property=\"og:image\" content=\"https:\/\/cinemachile.cl\/wp-content\/uploads\/2021\/09\/san-seb-web.jpg\" \/>\n\t<meta property=\"og:image:width\" content=\"2500\" \/>\n\t<meta property=\"og:image:height\" content=\"1120\" \/>\n<meta name=\"twitter:card\" content=\"summary_large_image\" \/>\n<meta name=\"twitter:creator\" content=\"@cinemachile\" \/>\n<meta name=\"twitter:site\" content=\"@cinemachile\" \/>\n<meta name=\"twitter:label1\" content=\"Est. reading time\">\n\t<meta name=\"twitter:data1\" content=\"8 minutes\">\n<script type=\"application\/ld+json\" class=\"yoast-schema-graph\">{\"@context\":\"https:\/\/schema.org\",\"@graph\":[{\"@type\":\"Organization\",\"@id\":\"https:\/\/antes.cinemachile.cl\/#organization\",\"name\":\"CinemaChile\",\"url\":\"https:\/\/antes.cinemachile.cl\/\",\"sameAs\":[\"https:\/\/www.facebook.com\/cinemachile\",\"https:\/\/www.instagram.com\/cinemachile\/\",\"https:\/\/twitter.com\/cinemachile\"],\"logo\":{\"@type\":\"ImageObject\",\"@id\":\"https:\/\/antes.cinemachile.cl\/#logo\",\"inLanguage\":\"en-US\",\"url\":\"https:\/\/cinemachile.cl\/wp-content\/uploads\/2020\/06\/logo-cinema-gif.gif\",\"contentUrl\":\"https:\/\/cinemachile.cl\/wp-content\/uploads\/2020\/06\/logo-cinema-gif.gif\",\"width\":330,\"height\":150,\"caption\":\"CinemaChile\"},\"image\":{\"@id\":\"https:\/\/antes.cinemachile.cl\/#logo\"}},{\"@type\":\"WebSite\",\"@id\":\"https:\/\/antes.cinemachile.cl\/#website\",\"url\":\"https:\/\/antes.cinemachile.cl\/\",\"name\":\"\",\"description\":\"\",\"publisher\":{\"@id\":\"https:\/\/antes.cinemachile.cl\/#organization\"},\"potentialAction\":[{\"@type\":\"SearchAction\",\"target\":\"https:\/\/antes.cinemachile.cl\/?s={search_term_string}\",\"query-input\":\"required name=search_term_string\"}],\"inLanguage\":\"en-US\"},{\"@type\":\"ImageObject\",\"@id\":\"https:\/\/antes.cinemachile.cl\/?p=10863#primaryimage\",\"inLanguage\":\"en-US\",\"url\":\"https:\/\/antes.cinemachile.cl\/wp-content\/uploads\/2021\/09\/san-seb-web.jpg\",\"contentUrl\":\"https:\/\/antes.cinemachile.cl\/wp-content\/uploads\/2021\/09\/san-seb-web.jpg\",\"width\":2500,\"height\":1120},{\"@type\":\"WebPage\",\"@id\":\"https:\/\/antes.cinemachile.cl\/?p=10863#webpage\",\"url\":\"https:\/\/antes.cinemachile.cl\/?p=10863\",\"name\":\"[:es]Chile en San Sebasti\\u00e1n: Desde Maite Alberdi en el jurado hasta una destacada delegaci\\u00f3n en el Foro de coproducci\\u00f3n[:en]Chile in San Sebasti\\u00e1n: From Maite Alberdi's jury selection to a distinguished delegation at the co-production Forum[:] &raquo;\",\"isPartOf\":{\"@id\":\"https:\/\/antes.cinemachile.cl\/#website\"},\"primaryImageOfPage\":{\"@id\":\"https:\/\/antes.cinemachile.cl\/?p=10863#primaryimage\"},\"datePublished\":\"2021-09-16T16:41:51+00:00\",\"dateModified\":\"2021-10-01T20:32:33+00:00\",\"breadcrumb\":{\"@id\":\"https:\/\/antes.cinemachile.cl\/?p=10863#breadcrumb\"},\"inLanguage\":\"en-US\",\"potentialAction\":[{\"@type\":\"ReadAction\",\"target\":[\"https:\/\/antes.cinemachile.cl\/?p=10863\"]}]},{\"@type\":\"BreadcrumbList\",\"@id\":\"https:\/\/antes.cinemachile.cl\/?p=10863#breadcrumb\",\"itemListElement\":[{\"@type\":\"ListItem\",\"position\":1,\"item\":{\"@type\":\"WebPage\",\"@id\":\"https:\/\/antes.cinemachile.cl\/\",\"url\":\"https:\/\/antes.cinemachile.cl\/\",\"name\":\"Portada\"}},{\"@type\":\"ListItem\",\"position\":2,\"item\":{\"@id\":\"https:\/\/antes.cinemachile.cl\/?p=10863#webpage\"}}]},{\"@type\":\"Article\",\"@id\":\"https:\/\/antes.cinemachile.cl\/?p=10863#article\",\"isPartOf\":{\"@id\":\"https:\/\/antes.cinemachile.cl\/?p=10863#webpage\"},\"author\":{\"@id\":\"https:\/\/antes.cinemachile.cl\/#\/schema\/person\/ee02b79f2dae650098562382a24d21d1\"},\"headline\":\"Chile in San Sebasti\\u00e1n: From Maite Alberdi&#8217;s jury selection to a distinguished delegation at the co-production Forum\",\"datePublished\":\"2021-09-16T16:41:51+00:00\",\"dateModified\":\"2021-10-01T20:32:33+00:00\",\"mainEntityOfPage\":{\"@id\":\"https:\/\/antes.cinemachile.cl\/?p=10863#webpage\"},\"commentCount\":0,\"publisher\":{\"@id\":\"https:\/\/antes.cinemachile.cl\/#organization\"},\"image\":{\"@id\":\"https:\/\/antes.cinemachile.cl\/?p=10863#primaryimage\"},\"articleSection\":[\"Sin categor\\u00eda\"],\"inLanguage\":\"en-US\",\"potentialAction\":[{\"@type\":\"CommentAction\",\"name\":\"Comment\",\"target\":[\"https:\/\/antes.cinemachile.cl\/?p=10863#respond\"]}]},{\"@type\":\"Person\",\"@id\":\"https:\/\/antes.cinemachile.cl\/#\/schema\/person\/ee02b79f2dae650098562382a24d21d1\",\"name\":\"Prensa CinemaChile\",\"image\":{\"@type\":\"ImageObject\",\"@id\":\"https:\/\/antes.cinemachile.cl\/#personlogo\",\"inLanguage\":\"en-US\",\"url\":\"https:\/\/secure.gravatar.com\/avatar\/b3ccb455f578dd97b84c14103abb9dcb?s=96&d=mm&r=g\",\"contentUrl\":\"https:\/\/secure.gravatar.com\/avatar\/b3ccb455f578dd97b84c14103abb9dcb?s=96&d=mm&r=g\",\"caption\":\"Prensa CinemaChile\"}}]}<\/script>\n<!-- \/ Yoast SEO plugin. -->","_links":{"self":[{"href":"https:\/\/antes.cinemachile.cl\/en\/wp-json\/wp\/v2\/posts\/10863"}],"collection":[{"href":"https:\/\/antes.cinemachile.cl\/en\/wp-json\/wp\/v2\/posts"}],"about":[{"href":"https:\/\/antes.cinemachile.cl\/en\/wp-json\/wp\/v2\/types\/post"}],"author":[{"embeddable":true,"href":"https:\/\/antes.cinemachile.cl\/en\/wp-json\/wp\/v2\/users\/4"}],"replies":[{"embeddable":true,"href":"https:\/\/antes.cinemachile.cl\/en\/wp-json\/wp\/v2\/comments?post=10863"}],"version-history":[{"count":8,"href":"https:\/\/antes.cinemachile.cl\/en\/wp-json\/wp\/v2\/posts\/10863\/revisions"}],"predecessor-version":[{"id":10888,"href":"https:\/\/antes.cinemachile.cl\/en\/wp-json\/wp\/v2\/posts\/10863\/revisions\/10888"}],"wp:featuredmedia":[{"embeddable":true,"href":"https:\/\/antes.cinemachile.cl\/en\/wp-json\/wp\/v2\/media\/10864"}],"wp:attachment":[{"href":"https:\/\/antes.cinemachile.cl\/en\/wp-json\/wp\/v2\/media?parent=10863"}],"wp:term":[{"taxonomy":"category","embeddable":true,"href":"https:\/\/antes.cinemachile.cl\/en\/wp-json\/wp\/v2\/categories?post=10863"},{"taxonomy":"post_tag","embeddable":true,"href":"https:\/\/antes.cinemachile.cl\/en\/wp-json\/wp\/v2\/tags?post=10863"}],"curies":[{"name":"wp","href":"https:\/\/api.w.org\/{rel}","templated":true}]}}