{"id":10712,"date":"2021-08-20T23:34:28","date_gmt":"2021-08-20T23:34:28","guid":{"rendered":"https:\/\/cinemachile.cl\/?p=10712"},"modified":"2021-09-02T17:17:14","modified_gmt":"2021-09-02T17:17:14","slug":"vas-a-participar-en-conecta-fiction-2021-avisanos-y-sumate-a-la-delegacion-chilena","status":"publish","type":"post","link":"https:\/\/antes.cinemachile.cl\/en\/vas-a-participar-en-conecta-fiction-2021-avisanos-y-sumate-a-la-delegacion-chilena\/","title":{"rendered":"Convocatoria cerrada \/\/ \u00bfVAS A PARTICIPAR EN CONECTA FICTION 2021? AV\u00cdSANOS Y S\u00daMATE A LA DELEGACI\u00d3N CHILENA"},"content":{"rendered":"<p><span style=\"font-weight: 400;\">Por tercer a\u00f1o consecutivo, participaremos -bajo el alero de la marca <\/span><b>CinemaChileTV<\/b><span style=\"font-weight: 400;\">&#8211; en <strong>C<\/strong><\/span><b>onecta FICTION<\/b><span style=\"font-weight: 400;\"> y por eso invitamos a todos los profesionales de la industria nacional, que tambi\u00e9n participar\u00e1n en el encuentro espa\u00f1ol, a que nos confirmen su presencia a trav\u00e9s de un <span style=\"color: #ff0000;\"><a style=\"color: #ff0000;\" href=\"https:\/\/docs.google.com\/forms\/d\/e\/1FAIpQLSeqT_hoYWdBmPxNeCvFGPoqsa3b9mywZ-OvbW0Dj89kidQrCw\/viewform\">formulario exclusivo.<\/a><\/span><\/span><\/p>\n<p><span style=\"font-weight: 400;\">Conecta FICTION es una plataforma internacional de networking dedicada exclusivamente a la coproducci\u00f3n de series de ficci\u00f3n y a fomentar el intercambio de negocios entre Am\u00e9rica y Europa. La cita\u00a0 tendr\u00e1 lugar entre el <\/span><b>13 y el 17 de septiembre en formato online y presencial en Pamplona-Iru\u00f1a (Navarra, Espa\u00f1a).<\/b><\/p>\n<p><span style=\"font-weight: 400;\">En CinemaChile, marca sectorial de ProChile dedicada a la promoci\u00f3n de\u00a0 la producci\u00f3n audiovisual de nuestro pa\u00eds en el extranjero, buscamos fortalecer la presencia nacional reuniendo en una sola pieza gr\u00e1fica de promoci\u00f3n a todos los proyectos que ser\u00e1n exhibidos durante Conecta FICTION, as\u00ed como a las empresas productoras y a los profesionales presentes, dando cuenta del potencial de Chile como pa\u00eds coproductor de contenidos audiovisuales y del talento de sus creadores.<\/span><\/p>\n<p><b>Recordamos que para informarnos su asistencia y as\u00ed formar parte de la delegaci\u00f3n oficial, deben rellenar rigurosamente el <a href=\"https:\/\/docs.google.com\/forms\/d\/e\/1FAIpQLSeqT_hoYWdBmPxNeCvFGPoqsa3b9mywZ-OvbW0Dj89kidQrCw\/viewform\">formulario dispuesto (clic).<\/a><\/b><\/p>\n<h4><span style=\"font-weight: 400;\">Sus respuestas\u00a0 ser\u00e1n recibidas hasta las <\/span><b>12.00 hrs. del jueves 26 de septiembre<\/b><span style=\"font-weight: 400;\">. Para m\u00e1s informaci\u00f3n o dudas, pueden escribir a Carolina Acevedo: cat\u00e1logo@cinemachile.cl<\/span><\/h4>\n<!-- AddThis Advanced Settings generic via filter on the_content --><!-- AddThis Share Buttons generic via filter on the_content -->","protected":false},"excerpt":{"rendered":"<p>Por tercer a\u00f1o consecutivo, participaremos -bajo el alero de la marca CinemaChileTV&#8211; en Conecta FICTION y por eso invitamos a todos los profesionales de la industria nacional, que tambi\u00e9n participar\u00e1n en el encuentro espa\u00f1ol, a que nos confirmen su presencia a trav\u00e9s de un formulario exclusivo. Conecta FICTION es una plataforma internacional de networking dedicada [&hellip;]<!-- AddThis Advanced Settings generic via filter on wp_trim_excerpt --><!-- AddThis Share Buttons generic via filter on wp_trim_excerpt --><\/p>\n","protected":false},"author":4,"featured_media":10713,"comment_status":"open","ping_status":"open","sticky":false,"template":"","format":"standard","meta":{"loftloader_page_shortcode":""},"categories":[1],"tags":[],"yoast_head":"<!-- This site is optimized with the Yoast SEO plugin v16.2 - https:\/\/yoast.com\/wordpress\/plugins\/seo\/ -->\n<title>Convocatoria cerrada \/\/ \u00bfVAS A PARTICIPAR EN CONECTA FICTION 2021? AV\u00cdSANOS Y S\u00daMATE A LA DELEGACI\u00d3N CHILENA &raquo;<\/title>\n<meta name=\"robots\" content=\"index, follow, max-snippet:-1, max-image-preview:large, max-video-preview:-1\" \/>\n<link rel=\"canonical\" href=\"https:\/\/antes.cinemachile.cl\/?p=10712\" \/>\n<meta property=\"og:locale\" content=\"en_US\" \/>\n<meta property=\"og:type\" content=\"article\" \/>\n<meta property=\"og:title\" content=\"Convocatoria cerrada \/\/ \u00bfVAS A PARTICIPAR EN CONECTA FICTION 2021? AV\u00cdSANOS Y S\u00daMATE A LA DELEGACI\u00d3N CHILENA &raquo;\" \/>\n<meta property=\"og:description\" content=\"Por tercer a\u00f1o consecutivo, participaremos -bajo el alero de la marca CinemaChileTV&#8211; en Conecta FICTION y por eso invitamos a todos los profesionales de la industria nacional, que tambi\u00e9n participar\u00e1n en el encuentro espa\u00f1ol, a que nos confirmen su presencia a trav\u00e9s de un formulario exclusivo. Conecta FICTION es una plataforma internacional de networking dedicada [&hellip;]\" \/>\n<meta property=\"og:url\" content=\"https:\/\/antes.cinemachile.cl\/?p=10712\" \/>\n<meta property=\"article:publisher\" content=\"https:\/\/www.facebook.com\/cinemachile\" \/>\n<meta property=\"article:published_time\" content=\"2021-08-20T23:34:28+00:00\" \/>\n<meta property=\"article:modified_time\" content=\"2021-09-02T17:17:14+00:00\" \/>\n<meta property=\"og:image\" content=\"https:\/\/cinemachile.cl\/wp-content\/uploads\/2021\/08\/WhatsApp-Image-2021-08-20-at-19.31.21.jpeg\" \/>\n\t<meta property=\"og:image:width\" content=\"1280\" \/>\n\t<meta property=\"og:image:height\" content=\"574\" \/>\n<meta name=\"twitter:card\" content=\"summary_large_image\" \/>\n<meta name=\"twitter:creator\" content=\"@cinemachile\" \/>\n<meta name=\"twitter:site\" content=\"@cinemachile\" \/>\n<meta name=\"twitter:label1\" content=\"Est. reading time\">\n\t<meta name=\"twitter:data1\" content=\"1 minute\">\n<script type=\"application\/ld+json\" class=\"yoast-schema-graph\">{\"@context\":\"https:\/\/schema.org\",\"@graph\":[{\"@type\":\"Organization\",\"@id\":\"https:\/\/antes.cinemachile.cl\/#organization\",\"name\":\"CinemaChile\",\"url\":\"https:\/\/antes.cinemachile.cl\/\",\"sameAs\":[\"https:\/\/www.facebook.com\/cinemachile\",\"https:\/\/www.instagram.com\/cinemachile\/\",\"https:\/\/twitter.com\/cinemachile\"],\"logo\":{\"@type\":\"ImageObject\",\"@id\":\"https:\/\/antes.cinemachile.cl\/#logo\",\"inLanguage\":\"en-US\",\"url\":\"https:\/\/cinemachile.cl\/wp-content\/uploads\/2020\/06\/logo-cinema-gif.gif\",\"contentUrl\":\"https:\/\/cinemachile.cl\/wp-content\/uploads\/2020\/06\/logo-cinema-gif.gif\",\"width\":330,\"height\":150,\"caption\":\"CinemaChile\"},\"image\":{\"@id\":\"https:\/\/antes.cinemachile.cl\/#logo\"}},{\"@type\":\"WebSite\",\"@id\":\"https:\/\/antes.cinemachile.cl\/#website\",\"url\":\"https:\/\/antes.cinemachile.cl\/\",\"name\":\"\",\"description\":\"\",\"publisher\":{\"@id\":\"https:\/\/antes.cinemachile.cl\/#organization\"},\"potentialAction\":[{\"@type\":\"SearchAction\",\"target\":\"https:\/\/antes.cinemachile.cl\/?s={search_term_string}\",\"query-input\":\"required name=search_term_string\"}],\"inLanguage\":\"en-US\"},{\"@type\":\"ImageObject\",\"@id\":\"https:\/\/antes.cinemachile.cl\/?p=10712#primaryimage\",\"inLanguage\":\"en-US\",\"url\":\"https:\/\/antes.cinemachile.cl\/wp-content\/uploads\/2021\/08\/WhatsApp-Image-2021-08-20-at-19.31.21.jpeg\",\"contentUrl\":\"https:\/\/antes.cinemachile.cl\/wp-content\/uploads\/2021\/08\/WhatsApp-Image-2021-08-20-at-19.31.21.jpeg\",\"width\":1280,\"height\":574},{\"@type\":\"WebPage\",\"@id\":\"https:\/\/antes.cinemachile.cl\/?p=10712#webpage\",\"url\":\"https:\/\/antes.cinemachile.cl\/?p=10712\",\"name\":\"Convocatoria cerrada \/\/ \\u00bfVAS A PARTICIPAR EN CONECTA FICTION 2021? AV\\u00cdSANOS Y S\\u00daMATE A LA DELEGACI\\u00d3N CHILENA &raquo;\",\"isPartOf\":{\"@id\":\"https:\/\/antes.cinemachile.cl\/#website\"},\"primaryImageOfPage\":{\"@id\":\"https:\/\/antes.cinemachile.cl\/?p=10712#primaryimage\"},\"datePublished\":\"2021-08-20T23:34:28+00:00\",\"dateModified\":\"2021-09-02T17:17:14+00:00\",\"breadcrumb\":{\"@id\":\"https:\/\/antes.cinemachile.cl\/?p=10712#breadcrumb\"},\"inLanguage\":\"en-US\",\"potentialAction\":[{\"@type\":\"ReadAction\",\"target\":[\"https:\/\/antes.cinemachile.cl\/?p=10712\"]}]},{\"@type\":\"BreadcrumbList\",\"@id\":\"https:\/\/antes.cinemachile.cl\/?p=10712#breadcrumb\",\"itemListElement\":[{\"@type\":\"ListItem\",\"position\":1,\"item\":{\"@type\":\"WebPage\",\"@id\":\"https:\/\/antes.cinemachile.cl\/\",\"url\":\"https:\/\/antes.cinemachile.cl\/\",\"name\":\"Portada\"}},{\"@type\":\"ListItem\",\"position\":2,\"item\":{\"@id\":\"https:\/\/antes.cinemachile.cl\/?p=10712#webpage\"}}]},{\"@type\":\"Article\",\"@id\":\"https:\/\/antes.cinemachile.cl\/?p=10712#article\",\"isPartOf\":{\"@id\":\"https:\/\/antes.cinemachile.cl\/?p=10712#webpage\"},\"author\":{\"@id\":\"https:\/\/antes.cinemachile.cl\/#\/schema\/person\/ee02b79f2dae650098562382a24d21d1\"},\"headline\":\"Convocatoria cerrada \/\/ \\u00bfVAS A PARTICIPAR EN CONECTA FICTION 2021? AV\\u00cdSANOS Y S\\u00daMATE A LA DELEGACI\\u00d3N CHILENA\",\"datePublished\":\"2021-08-20T23:34:28+00:00\",\"dateModified\":\"2021-09-02T17:17:14+00:00\",\"mainEntityOfPage\":{\"@id\":\"https:\/\/antes.cinemachile.cl\/?p=10712#webpage\"},\"commentCount\":0,\"publisher\":{\"@id\":\"https:\/\/antes.cinemachile.cl\/#organization\"},\"image\":{\"@id\":\"https:\/\/antes.cinemachile.cl\/?p=10712#primaryimage\"},\"articleSection\":[\"Sin categor\\u00eda\"],\"inLanguage\":\"en-US\",\"potentialAction\":[{\"@type\":\"CommentAction\",\"name\":\"Comment\",\"target\":[\"https:\/\/antes.cinemachile.cl\/?p=10712#respond\"]}]},{\"@type\":\"Person\",\"@id\":\"https:\/\/antes.cinemachile.cl\/#\/schema\/person\/ee02b79f2dae650098562382a24d21d1\",\"name\":\"Prensa CinemaChile\",\"image\":{\"@type\":\"ImageObject\",\"@id\":\"https:\/\/antes.cinemachile.cl\/#personlogo\",\"inLanguage\":\"en-US\",\"url\":\"https:\/\/secure.gravatar.com\/avatar\/b3ccb455f578dd97b84c14103abb9dcb?s=96&d=mm&r=g\",\"contentUrl\":\"https:\/\/secure.gravatar.com\/avatar\/b3ccb455f578dd97b84c14103abb9dcb?s=96&d=mm&r=g\",\"caption\":\"Prensa CinemaChile\"}}]}<\/script>\n<!-- \/ Yoast SEO plugin. -->","_links":{"self":[{"href":"https:\/\/antes.cinemachile.cl\/en\/wp-json\/wp\/v2\/posts\/10712"}],"collection":[{"href":"https:\/\/antes.cinemachile.cl\/en\/wp-json\/wp\/v2\/posts"}],"about":[{"href":"https:\/\/antes.cinemachile.cl\/en\/wp-json\/wp\/v2\/types\/post"}],"author":[{"embeddable":true,"href":"https:\/\/antes.cinemachile.cl\/en\/wp-json\/wp\/v2\/users\/4"}],"replies":[{"embeddable":true,"href":"https:\/\/antes.cinemachile.cl\/en\/wp-json\/wp\/v2\/comments?post=10712"}],"version-history":[{"count":4,"href":"https:\/\/antes.cinemachile.cl\/en\/wp-json\/wp\/v2\/posts\/10712\/revisions"}],"predecessor-version":[{"id":10777,"href":"https:\/\/antes.cinemachile.cl\/en\/wp-json\/wp\/v2\/posts\/10712\/revisions\/10777"}],"wp:featuredmedia":[{"embeddable":true,"href":"https:\/\/antes.cinemachile.cl\/en\/wp-json\/wp\/v2\/media\/10713"}],"wp:attachment":[{"href":"https:\/\/antes.cinemachile.cl\/en\/wp-json\/wp\/v2\/media?parent=10712"}],"wp:term":[{"taxonomy":"category","embeddable":true,"href":"https:\/\/antes.cinemachile.cl\/en\/wp-json\/wp\/v2\/categories?post=10712"},{"taxonomy":"post_tag","embeddable":true,"href":"https:\/\/antes.cinemachile.cl\/en\/wp-json\/wp\/v2\/tags?post=10712"}],"curies":[{"name":"wp","href":"https:\/\/api.w.org\/{rel}","templated":true}]}}