{"id":10609,"date":"2021-07-28T22:21:39","date_gmt":"2021-07-28T22:21:39","guid":{"rendered":"https:\/\/cinemachile.cl\/?p=10609"},"modified":"2021-07-28T22:26:23","modified_gmt":"2021-07-28T22:26:23","slug":"nueva-version-de-mediamorfosis-se-exhibira-desde-chile-a-toda-latinoamerica","status":"publish","type":"post","link":"https:\/\/antes.cinemachile.cl\/en\/nueva-version-de-mediamorfosis-se-exhibira-desde-chile-a-toda-latinoamerica\/","title":{"rendered":"NUEVA VERSI\u00d3N DE MEDIAMORFOSIS SE EXHIBIR\u00c1 DESDE CHILE A TODA LATINOAM\u00c9RICA"},"content":{"rendered":"<p><b><a href=\"https:\/\/mediamorfosis.net\/\">Mediamorfosis<\/a> <\/b><span style=\"font-weight: 400;\">es el encuentro de formaci\u00f3n, industria y exhibici\u00f3n de contenidos vinculado a la<\/span> <span style=\"font-weight: 400;\">evoluci\u00f3n de los <\/span><b>nuevos medios <\/b><span style=\"font-weight: 400;\">m\u00e1s influyentes de Latinoam\u00e9rica. Y este a\u00f1o, desde el <\/span><b>26 al 31 de julio, <\/b><span style=\"font-weight: 400;\">se<\/span> <span style=\"font-weight: 400;\">proyectar\u00e1 desde Chile de manera <\/span><b>online y gratuita <\/b><span style=\"font-weight: 400;\">a toda Latinoam\u00e9rica por mediamorfosis.net , Facebook Live<\/span> <span style=\"font-weight: 400;\">y YouTube.<\/span><span style=\"font-weight: 400;\">\u00a0<\/span><\/p>\n<p><span style=\"font-weight: 400;\">A partir de 2014, con 23 <\/span><span style=\"font-weight: 400;\">ediciones en 11 ciudades de 9 pa\u00edses latinoamericanos,\u00a0 el encuentro se ha posicionado como la<\/span> <span style=\"font-weight: 400;\">plataforma de promoci\u00f3n m\u00e1s importante para los nuevos talentos de la regi\u00f3n.\u00a0<\/span><\/p>\n<h3><span style=\"color: #ff0000;\"><b>Las novedades para este 2021<\/b><\/span><\/h3>\n<p><span style=\"font-weight: 400;\">Reconocidos expositores<\/span> <span style=\"font-weight: 400;\">internacionales contar\u00e1n a trav\u00e9s de conferencias, paneles, pitch y reuniones de industria c\u00f3mo lideran el<\/span> <span style=\"font-weight: 400;\">cambio en la comunicaci\u00f3n a trav\u00e9s de las nuevas tecnolog\u00edas.<\/span><span style=\"font-weight: 400;\">\u00a0<\/span><\/p>\n<p><span style=\"font-weight: 400;\">Adem\u00e1s, se indagar\u00e1 en el uso de las nuevas narrativas XR (Realidad Expandida) y de qu\u00e9 manera la<\/span> <span style=\"font-weight: 400;\">tecnolog\u00eda abre nuevas posibilidades expresivas para el mundo del entretenimiento latinoamericano,<\/span> <span style=\"font-weight: 400;\">repensando c\u00f3mo se transforma la matriz de trabajo de toda la industria de las comunicaciones y el<\/span> <span style=\"font-weight: 400;\">entretenimiento.<\/span><\/p>\n<p><span style=\"font-weight: 400;\">Uno de los paneles de conversaci\u00f3n abordar\u00e1 los desaf\u00edos de la adopci\u00f3n tecnol\u00f3gica de XR en Chile y contar\u00e1 con 5 panelistas nacionales a cargo del tema, entre ellos <\/span><b>Felipe Mujica<\/b><span style=\"font-weight: 400;\"> (Fundador de Galer\u00eda Chilena GALCHI), <\/span><b>Jos\u00e9 Guridi <\/b><span style=\"font-weight: 400;\">(Jefe de FAST en Ministerio Economia)<\/span><b>, Alejandra Ferrari <\/b><span style=\"font-weight: 400;\">(Gerente General en ACHAP, Asociaci\u00f3n Chilena de Publicidad), <\/span><b>\u00d3scar Cartagena<\/b><span style=\"font-weight: 400;\"> (Fundador de ACHEI, Asociaci\u00f3n Chilena de Experiencias Inmersivas) y <\/span><b>Ricardo Lira<\/b><span style=\"font-weight: 400;\"> (Bizarro Lab).<\/span><\/p>\n<p><img loading=\"lazy\" class=\" wp-image-10586 aligncenter\" src=\"https:\/\/cinemachile.cl\/wp-content\/uploads\/2021\/07\/mediamorfosis.png\" alt=\"\" width=\"712\" height=\"198\" srcset=\"https:\/\/antes.cinemachile.cl\/wp-content\/uploads\/2021\/07\/mediamorfosis.png 1080w, https:\/\/antes.cinemachile.cl\/wp-content\/uploads\/2021\/07\/mediamorfosis-300x83.png 300w, https:\/\/antes.cinemachile.cl\/wp-content\/uploads\/2021\/07\/mediamorfosis-1024x284.png 1024w, https:\/\/antes.cinemachile.cl\/wp-content\/uploads\/2021\/07\/mediamorfosis-768x213.png 768w\" sizes=\"(max-width: 712px) 100vw, 712px\" \/><\/p>\n<h3><span style=\"color: #ff0000;\"><b>Presencia chilena en Mediamorfosis<\/b><\/span><\/h3>\n<p><span style=\"font-weight: 400;\">Los creadores nacionales han tenido la posibilidad de conocer y aprender sobre el uso de nuevas tecnolog\u00edas en las nuevas narrativas inmersivas en estas versiones de Mediamorfosis, lo que es una tremenda oportunidad de aprendizaje, de vinculaci\u00f3n y una ventana de exhibici\u00f3n para los pioneros que se han atrevido y han avanzado con sus proyectos y experiencias XR.\u00a0<\/span><\/p>\n<figure id=\"attachment_10610\" aria-describedby=\"caption-attachment-10610\" style=\"width: 440px\" class=\"wp-caption alignright\"><img loading=\"lazy\" class=\"wp-image-10610 \" src=\"https:\/\/cinemachile.cl\/wp-content\/uploads\/2021\/07\/gemelos-celestiales.jpg\" alt=\"\" width=\"440\" height=\"231\" srcset=\"https:\/\/antes.cinemachile.cl\/wp-content\/uploads\/2021\/07\/gemelos-celestiales.jpg 1367w, https:\/\/antes.cinemachile.cl\/wp-content\/uploads\/2021\/07\/gemelos-celestiales-300x158.jpg 300w, https:\/\/antes.cinemachile.cl\/wp-content\/uploads\/2021\/07\/gemelos-celestiales-1024x539.jpg 1024w, https:\/\/antes.cinemachile.cl\/wp-content\/uploads\/2021\/07\/gemelos-celestiales-768x404.jpg 768w\" sizes=\"(max-width: 440px) 100vw, 440px\" \/><figcaption id=\"caption-attachment-10610\" class=\"wp-caption-text\">&#8220;Los gemelos celestiales&#8221;<\/figcaption><\/figure>\n<p><span style=\"font-weight: 400;\">De un total de 68 proyectos de toda Latinoam\u00e9rica, 17 fueron chilenos y de ellos 7 participaron en el Taller de Pitch y reuniones One to One con importantes commisioners de la industria VR como: <\/span><b>Yorinde Segal<\/b><span style=\"font-weight: 400;\"> (Directora de industria de nuevos medios en IDFA) ; <\/span><b>Liz Rosenthal<\/b><span style=\"font-weight: 400;\"> (Curadora del Festival Internacional de Venecia VR) ; <\/span><b>Blake KammerdieneR<\/b><span style=\"font-weight: 400;\"> (Programador SXSW XR) ; <\/span><b>Tom Burton<\/b><span style=\"font-weight: 400;\"> (Director interactividad en BBC Estudios) ; <\/span><b>Jimmy Cheng<\/b><span style=\"font-weight: 400;\"> (Director de contenidos y adquisiciones en Digital Domain)\u00a0 y <\/span><b>Agata Di Tommaso <\/b><span style=\"font-weight: 400;\">(Diversi\u00f3n Cinema).<\/span><\/p>\n<p><span style=\"font-weight: 400;\">Por otro lado los proyectos chilenos que est\u00e1n participando en esta versi\u00f3n son documentales interactivos, experiencias VR, proyectos inmersivos multiplataformas, web interactivas, instalaciones VR, como <\/span><b>Los gemelos celestiales <\/b><span style=\"font-weight: 400;\">de Niles Atallah producido por Giancarlo Nasi; <\/span><b>Secreto ancestral <\/b><span style=\"font-weight: 400;\">de Francisca Silva producido por Mar\u00eda Jos\u00e9 D\u00edaz; <\/span><b>Un lugar seguro<\/b><span style=\"font-weight: 400;\"> de Milena Castro producido por Ignacia Merino; <\/span><b>Mujeres en cuarentena <\/b><span style=\"font-weight: 400;\">de Sof\u00eda Eluani producido por Rosario Castillo; <\/span><b>Inteligencias Infinitas<\/b><span style=\"font-weight: 400;\"> de Javier Garay; <\/span><b>documental Olla com\u00fan <\/b><span style=\"font-weight: 400;\">de Fabian Andrade y Pamela Cuadros, producido por Nils Broch y<\/span><b> Menoko<\/b><span style=\"font-weight: 400;\"> de Emilio Romero producida por Pepe Rovano.<\/span><\/p>\n<h3><span style=\"color: #ff0000;\"><b>La expansi\u00f3n internacional de la industria chilena<\/b><\/span><\/h3>\n<p><span style=\"font-weight: 400;\">Con s\u00f3lo una versi\u00f3n en Chile, Mediamorfosis se ha vinculado a dos\u00a0 proyectos, que han podido reunirse en Londres con distintos agentes, medios\u00a0 y casas productoras\u00a0 gracias al <\/span><b>premio al pitch <\/b><span style=\"font-weight: 400;\">que Mediamorfosis otorga a sus ganadores. <\/span><b>Volver a casa<\/b><span style=\"font-weight: 400;\">, de Catalina Alarc\u00f3n e Hypha de Natalia Cabrera.,<\/span><\/p>\n<p><span style=\"font-weight: 400;\">Este a\u00f1o, los proyectos nacionales podr\u00e1n acceder a un promedio de 12 reuniones con commisioners internacionales que los conectar\u00e1n con los principales agentes de la industria (Productores, Creativos, Festivales Internacionales, Desarrolladores, Distribuidores y Compradores de contenidos XR).\u00a0<\/span><\/p>\n<h4><span style=\"color: #ff0000;\"><b>Talentos del futuro<\/b><\/span><\/h4>\n<p><span style=\"font-weight: 400;\">Con la premisa de presentar el futuro en storytelling a trav\u00e9s de casos reales, contados por quienes<\/span> <span style=\"font-weight: 400;\">est\u00e1n cambiando la forma de narrar con nuevas tecnolog\u00edas, este a\u00f1o Mediamorfosis tendr\u00e1 a talentosos creadores<\/span> <span style=\"font-weight: 400;\">de la talla de <\/span><b>Tupac Martir<\/b><span style=\"font-weight: 400;\"> (MX\/UK) l\u00edder de Satore Studio y <\/span><b>Karim Ben Khelifa <\/b><span style=\"font-weight: 400;\">(B\u00e9lgica\/Tunisia) quien ha<\/span> <span style=\"font-weight: 400;\">integrado su trabajo como fot\u00f3grafo de guerra con tecnolog\u00edas XR para crear la multipremiada<\/span> <span style=\"font-weight: 400;\">instalaci\u00f3n \u201c<\/span><b>The Enemy<\/b><span style=\"font-weight: 400;\">\u201d , estar\u00e1 aqu\u00ed anunciando su nueva obra<\/span><b> \u201c7 Grams\u201d<\/b><span style=\"font-weight: 400;\">.<\/span><\/p>\n<p><span style=\"font-weight: 400;\">Por otro lado, directivos de los estudios m\u00e1s importantes del mundo como <\/span><b>Tom Burton <\/b><span style=\"font-weight: 400;\">(<\/span><span style=\"font-weight: 400;\">Jefe de<\/span> <span style=\"font-weight: 400;\">Interactive de BBC Studios<\/span><span style=\"font-weight: 400;\">); <\/span><b>Sharon Clark<\/b><span style=\"font-weight: 400;\"> (UK, Directora Creativa de <\/span><span style=\"font-weight: 400;\">Raucous<\/span><span style=\"font-weight: 400;\">) y <\/span><b>Eleanor Whitley <\/b><span style=\"font-weight: 400;\">(U<\/span><span style=\"font-weight: 400;\">K, <\/span><span style=\"font-weight: 400;\">Productora Ejecutiva Marshmallow Laser Feast), conversar\u00e1n sobre sus conocimientos y experiencia de<\/span> <span style=\"font-weight: 400;\">lo que se necesita para dirigir un negocio exitoso en la industria inmersiva sin dejar de ser creativos y<\/span> <span style=\"font-weight: 400;\">artistas.<\/span><span style=\"font-weight: 400;\">\u00a0<\/span><\/p>\n<p><span style=\"font-weight: 400;\">\u00bfY los principales festivales del mundo? \u00a1Tambi\u00e9n estar\u00e1n presentes en la programaci\u00f3n del festival!<\/span><\/p>\n<p><span style=\"font-weight: 400;\">De la mano de<\/span> <b>Liz Rosenthal <\/b><span style=\"font-weight: 400;\">(UK, Programadora VR del Festival de Venecia); <\/span><b>Wotienke Vermeer<\/b><span style=\"font-weight: 400;\">\/<\/span><b> Yorinde Segal<\/b> <span style=\"font-weight: 400;\">(Holanda) de IDFA,<\/span><b> Mark Atkin <\/b><span style=\"font-weight: 400;\">(UK, de Electric Dreams) y <\/span><b>Blake Kammerdiener<\/b><span style=\"font-weight: 400;\"> (USA, de SXSW) .<\/span><span style=\"font-weight: 400;\">\u00a0<\/span><\/p>\n<p><span style=\"font-weight: 400;\">Durante el encuentro se conocer\u00e1n los 10 proyectos XR de nuevos talentos Latinoamericanos<\/span> <span style=\"font-weight: 400;\">seleccionados por el jurado (entre 68 presentados al Concurso de Mediamorfosis), ellos tendr\u00e1n reuniones uno a uno con l\u00edderes de la industria mundial y el ganador viajar\u00e1 a Amsterdam para participar<\/span> <span style=\"font-weight: 400;\">del<\/span><b> Festival IDFA<\/b><span style=\"font-weight: 400;\">, habr\u00e1 tambi\u00e9n U$S1.000 y mentor\u00edas de premio para otro proyecto.<\/span><span style=\"font-weight: 400;\">\u00a0<\/span><\/p>\n<p><span style=\"font-weight: 400;\">Entre los tomadores de decisiones de la Industria Inmersiva Internacional que participan de reuniones<\/span> <span style=\"font-weight: 400;\">uno a uno con los ganadores del concurso est\u00e1n: Antoine Cayrol (Fr) &#8211; Productor y cofundador ATLAS V<\/span> <span style=\"font-weight: 400;\">&#8211; , Jimmy Cheng (Taiwan) -Director de Contenidos y Operaciones Comerciales en Digital Domain-, Paul<\/span> <span style=\"font-weight: 400;\">Bouchard (Fr) -Jefe de Ventas y Adquisiciones en Diversi\u00f3n Cinema-, Morgan Bouchet (Fr) -Director de<\/span> <span style=\"font-weight: 400;\">Contenidos Digitales e Innovaci\u00f3n XR en Orange-, Spencer Hunt (USA) -Presidente y Productor Ejecutivo<\/span> <span style=\"font-weight: 400;\">en Lookit-, entre otros.<\/span><span style=\"font-weight: 400;\">\u00a0<\/span><\/p>\n<h4><span style=\"color: #ff0000;\"><b>Narraciones h\u00edbridas, la nueva propuesta del festival<\/b><\/span><\/h4>\n<p><span style=\"font-weight: 400;\">Este a\u00f1o Mediamorfosis suma una cartelera de espect\u00e1culos de experiencias h\u00edbridas, 360 y VR de los<\/span> <span style=\"font-weight: 400;\">mejores proyectos latinoamericanos e internacionales, que estar\u00e1 abierta al p\u00fablico de forma libre.<\/span><span style=\"font-weight: 400;\">\u00a0<\/span><\/p>\n<p><span style=\"font-weight: 400;\">Habr\u00e1 un panel con los m\u00e1ximos referentes latinoamericanos en narraciones h\u00edbridas que cruzan<\/span> <span style=\"font-weight: 400;\">disciplinas (teatro, danza, audiovisual, interactividad), otro panel para analizar el presente de la actividad<\/span> <span style=\"font-weight: 400;\">en la regi\u00f3n sobre Realidad Virtual, y finalmente uno con profesionales internacionales para analizar los<\/span> <span style=\"font-weight: 400;\">cambios en las narrativas inmersivas durante y post pandemia.<\/span><span style=\"font-weight: 400;\">\u00a0<\/span><\/p>\n<p><span style=\"font-weight: 400;\">Organizado por New Sock y producida por 500 Nan\u00f3metros, este proyecto es financiado por el Programa<\/span> <span style=\"font-weight: 400;\">de Apoyo para la Realizaci\u00f3n de Encuentros Internacionales del Ministerio de la Cultura, las Artes y el<\/span> <span style=\"font-weight: 400;\">Patrimonio de Chile.<\/span><span style=\"font-weight: 400;\">\u00a0<\/span><\/p>\n<p><span style=\"font-weight: 400;\">La invitaci\u00f3n es abierta a todo p\u00fablico que quiera adquirir conocimiento sobre narrativas transmedia, el<\/span> <span style=\"font-weight: 400;\">uso de las tecnolog\u00edas inmersivas XR (Realidad Virtual, Aumentada y Mixta) y c\u00f3mo impactar\u00e1n de ahora<\/span> <span style=\"font-weight: 400;\">en adelante, considerando que el mundo cambi\u00f3 y tambi\u00e9n la forma de informarnos, aprender y<\/span> <span style=\"font-weight: 400;\">entretenernos. S\u00f3lo tienes que inscribirte en <\/span><a href=\"https:\/\/mediamorfosis.net\/\"><span style=\"font-weight: 400;\">mediamorfosis.net<\/span><\/a><span style=\"font-weight: 400;\">.<\/span><\/p>\n<!-- AddThis Advanced Settings generic via filter on the_content --><!-- AddThis Share Buttons generic via filter on the_content -->","protected":false},"excerpt":{"rendered":"<p>Mediamorfosis es el encuentro de formaci\u00f3n, industria y exhibici\u00f3n de contenidos vinculado a la evoluci\u00f3n de los nuevos medios m\u00e1s influyentes de Latinoam\u00e9rica. Y este a\u00f1o, desde el 26 al 31 de julio, se proyectar\u00e1 desde Chile de manera online y gratuita a toda Latinoam\u00e9rica por mediamorfosis.net , Facebook Live y YouTube.\u00a0 A partir de [&hellip;]<!-- AddThis Advanced Settings generic via filter on wp_trim_excerpt --><!-- AddThis Share Buttons generic via filter on wp_trim_excerpt --><\/p>\n","protected":false},"author":4,"featured_media":10588,"comment_status":"open","ping_status":"open","sticky":false,"template":"","format":"standard","meta":{"loftloader_page_shortcode":""},"categories":[1],"tags":[],"yoast_head":"<!-- This site is optimized with the Yoast SEO plugin v16.2 - https:\/\/yoast.com\/wordpress\/plugins\/seo\/ -->\n<title>NUEVA VERSI\u00d3N DE MEDIAMORFOSIS SE EXHIBIR\u00c1 DESDE CHILE A TODA LATINOAM\u00c9RICA &raquo;<\/title>\n<meta name=\"robots\" content=\"index, follow, max-snippet:-1, max-image-preview:large, max-video-preview:-1\" \/>\n<link rel=\"canonical\" href=\"https:\/\/antes.cinemachile.cl\/?p=10609\" \/>\n<meta property=\"og:locale\" content=\"en_US\" \/>\n<meta property=\"og:type\" content=\"article\" \/>\n<meta property=\"og:title\" content=\"NUEVA VERSI\u00d3N DE MEDIAMORFOSIS SE EXHIBIR\u00c1 DESDE CHILE A TODA LATINOAM\u00c9RICA &raquo;\" \/>\n<meta property=\"og:description\" content=\"Mediamorfosis es el encuentro de formaci\u00f3n, industria y exhibici\u00f3n de contenidos vinculado a la evoluci\u00f3n de los nuevos medios m\u00e1s influyentes de Latinoam\u00e9rica. Y este a\u00f1o, desde el 26 al 31 de julio, se proyectar\u00e1 desde Chile de manera online y gratuita a toda Latinoam\u00e9rica por mediamorfosis.net , Facebook Live y YouTube.\u00a0 A partir de [&hellip;]\" \/>\n<meta property=\"og:url\" content=\"https:\/\/antes.cinemachile.cl\/?p=10609\" \/>\n<meta property=\"article:publisher\" content=\"https:\/\/www.facebook.com\/cinemachile\" \/>\n<meta property=\"article:published_time\" content=\"2021-07-28T22:21:39+00:00\" \/>\n<meta property=\"article:modified_time\" content=\"2021-07-28T22:26:23+00:00\" \/>\n<meta property=\"og:image\" content=\"https:\/\/cinemachile.cl\/wp-content\/uploads\/2021\/07\/mediamorfosis-1-e1627510881429.jpg\" \/>\n\t<meta property=\"og:image:width\" content=\"1956\" \/>\n\t<meta property=\"og:image:height\" content=\"1200\" \/>\n<meta name=\"twitter:card\" content=\"summary_large_image\" \/>\n<meta name=\"twitter:creator\" content=\"@cinemachile\" \/>\n<meta name=\"twitter:site\" content=\"@cinemachile\" \/>\n<meta name=\"twitter:label1\" content=\"Est. reading time\">\n\t<meta name=\"twitter:data1\" content=\"6 minutes\">\n<script type=\"application\/ld+json\" class=\"yoast-schema-graph\">{\"@context\":\"https:\/\/schema.org\",\"@graph\":[{\"@type\":\"Organization\",\"@id\":\"https:\/\/antes.cinemachile.cl\/#organization\",\"name\":\"CinemaChile\",\"url\":\"https:\/\/antes.cinemachile.cl\/\",\"sameAs\":[\"https:\/\/www.facebook.com\/cinemachile\",\"https:\/\/www.instagram.com\/cinemachile\/\",\"https:\/\/twitter.com\/cinemachile\"],\"logo\":{\"@type\":\"ImageObject\",\"@id\":\"https:\/\/antes.cinemachile.cl\/#logo\",\"inLanguage\":\"en-US\",\"url\":\"https:\/\/cinemachile.cl\/wp-content\/uploads\/2020\/06\/logo-cinema-gif.gif\",\"contentUrl\":\"https:\/\/cinemachile.cl\/wp-content\/uploads\/2020\/06\/logo-cinema-gif.gif\",\"width\":330,\"height\":150,\"caption\":\"CinemaChile\"},\"image\":{\"@id\":\"https:\/\/antes.cinemachile.cl\/#logo\"}},{\"@type\":\"WebSite\",\"@id\":\"https:\/\/antes.cinemachile.cl\/#website\",\"url\":\"https:\/\/antes.cinemachile.cl\/\",\"name\":\"\",\"description\":\"\",\"publisher\":{\"@id\":\"https:\/\/antes.cinemachile.cl\/#organization\"},\"potentialAction\":[{\"@type\":\"SearchAction\",\"target\":\"https:\/\/antes.cinemachile.cl\/?s={search_term_string}\",\"query-input\":\"required name=search_term_string\"}],\"inLanguage\":\"en-US\"},{\"@type\":\"ImageObject\",\"@id\":\"https:\/\/antes.cinemachile.cl\/?p=10609#primaryimage\",\"inLanguage\":\"en-US\",\"url\":\"https:\/\/antes.cinemachile.cl\/wp-content\/uploads\/2021\/07\/mediamorfosis-1-e1627510881429.jpg\",\"contentUrl\":\"https:\/\/antes.cinemachile.cl\/wp-content\/uploads\/2021\/07\/mediamorfosis-1-e1627510881429.jpg\",\"width\":1956,\"height\":1200},{\"@type\":\"WebPage\",\"@id\":\"https:\/\/antes.cinemachile.cl\/?p=10609#webpage\",\"url\":\"https:\/\/antes.cinemachile.cl\/?p=10609\",\"name\":\"NUEVA VERSI\\u00d3N DE MEDIAMORFOSIS SE EXHIBIR\\u00c1 DESDE CHILE A TODA LATINOAM\\u00c9RICA &raquo;\",\"isPartOf\":{\"@id\":\"https:\/\/antes.cinemachile.cl\/#website\"},\"primaryImageOfPage\":{\"@id\":\"https:\/\/antes.cinemachile.cl\/?p=10609#primaryimage\"},\"datePublished\":\"2021-07-28T22:21:39+00:00\",\"dateModified\":\"2021-07-28T22:26:23+00:00\",\"breadcrumb\":{\"@id\":\"https:\/\/antes.cinemachile.cl\/?p=10609#breadcrumb\"},\"inLanguage\":\"en-US\",\"potentialAction\":[{\"@type\":\"ReadAction\",\"target\":[\"https:\/\/antes.cinemachile.cl\/?p=10609\"]}]},{\"@type\":\"BreadcrumbList\",\"@id\":\"https:\/\/antes.cinemachile.cl\/?p=10609#breadcrumb\",\"itemListElement\":[{\"@type\":\"ListItem\",\"position\":1,\"item\":{\"@type\":\"WebPage\",\"@id\":\"https:\/\/antes.cinemachile.cl\/\",\"url\":\"https:\/\/antes.cinemachile.cl\/\",\"name\":\"Portada\"}},{\"@type\":\"ListItem\",\"position\":2,\"item\":{\"@id\":\"https:\/\/antes.cinemachile.cl\/?p=10609#webpage\"}}]},{\"@type\":\"Article\",\"@id\":\"https:\/\/antes.cinemachile.cl\/?p=10609#article\",\"isPartOf\":{\"@id\":\"https:\/\/antes.cinemachile.cl\/?p=10609#webpage\"},\"author\":{\"@id\":\"https:\/\/antes.cinemachile.cl\/#\/schema\/person\/ee02b79f2dae650098562382a24d21d1\"},\"headline\":\"NUEVA VERSI\\u00d3N DE MEDIAMORFOSIS SE EXHIBIR\\u00c1 DESDE CHILE A TODA LATINOAM\\u00c9RICA\",\"datePublished\":\"2021-07-28T22:21:39+00:00\",\"dateModified\":\"2021-07-28T22:26:23+00:00\",\"mainEntityOfPage\":{\"@id\":\"https:\/\/antes.cinemachile.cl\/?p=10609#webpage\"},\"commentCount\":0,\"publisher\":{\"@id\":\"https:\/\/antes.cinemachile.cl\/#organization\"},\"image\":{\"@id\":\"https:\/\/antes.cinemachile.cl\/?p=10609#primaryimage\"},\"articleSection\":[\"Sin categor\\u00eda\"],\"inLanguage\":\"en-US\",\"potentialAction\":[{\"@type\":\"CommentAction\",\"name\":\"Comment\",\"target\":[\"https:\/\/antes.cinemachile.cl\/?p=10609#respond\"]}]},{\"@type\":\"Person\",\"@id\":\"https:\/\/antes.cinemachile.cl\/#\/schema\/person\/ee02b79f2dae650098562382a24d21d1\",\"name\":\"Prensa CinemaChile\",\"image\":{\"@type\":\"ImageObject\",\"@id\":\"https:\/\/antes.cinemachile.cl\/#personlogo\",\"inLanguage\":\"en-US\",\"url\":\"https:\/\/secure.gravatar.com\/avatar\/b3ccb455f578dd97b84c14103abb9dcb?s=96&d=mm&r=g\",\"contentUrl\":\"https:\/\/secure.gravatar.com\/avatar\/b3ccb455f578dd97b84c14103abb9dcb?s=96&d=mm&r=g\",\"caption\":\"Prensa CinemaChile\"}}]}<\/script>\n<!-- \/ Yoast SEO plugin. -->","_links":{"self":[{"href":"https:\/\/antes.cinemachile.cl\/en\/wp-json\/wp\/v2\/posts\/10609"}],"collection":[{"href":"https:\/\/antes.cinemachile.cl\/en\/wp-json\/wp\/v2\/posts"}],"about":[{"href":"https:\/\/antes.cinemachile.cl\/en\/wp-json\/wp\/v2\/types\/post"}],"author":[{"embeddable":true,"href":"https:\/\/antes.cinemachile.cl\/en\/wp-json\/wp\/v2\/users\/4"}],"replies":[{"embeddable":true,"href":"https:\/\/antes.cinemachile.cl\/en\/wp-json\/wp\/v2\/comments?post=10609"}],"version-history":[{"count":6,"href":"https:\/\/antes.cinemachile.cl\/en\/wp-json\/wp\/v2\/posts\/10609\/revisions"}],"predecessor-version":[{"id":10616,"href":"https:\/\/antes.cinemachile.cl\/en\/wp-json\/wp\/v2\/posts\/10609\/revisions\/10616"}],"wp:featuredmedia":[{"embeddable":true,"href":"https:\/\/antes.cinemachile.cl\/en\/wp-json\/wp\/v2\/media\/10588"}],"wp:attachment":[{"href":"https:\/\/antes.cinemachile.cl\/en\/wp-json\/wp\/v2\/media?parent=10609"}],"wp:term":[{"taxonomy":"category","embeddable":true,"href":"https:\/\/antes.cinemachile.cl\/en\/wp-json\/wp\/v2\/categories?post=10609"},{"taxonomy":"post_tag","embeddable":true,"href":"https:\/\/antes.cinemachile.cl\/en\/wp-json\/wp\/v2\/tags?post=10609"}],"curies":[{"name":"wp","href":"https:\/\/api.w.org\/{rel}","templated":true}]}}