{"id":10468,"date":"2021-07-07T11:22:57","date_gmt":"2021-07-07T11:22:57","guid":{"rendered":"https:\/\/cinemachile.cl\/?p=10468"},"modified":"2021-07-23T19:02:25","modified_gmt":"2021-07-23T19:02:25","slug":"hoy-publicamos-nuestro-nuevo-catalogo-internacional-de-cine-chileno","status":"publish","type":"post","link":"https:\/\/antes.cinemachile.cl\/en\/we-launch-in-cannes-our-new-international-catalogue\/","title":{"rendered":"We launched in Cannes a New International Chilean Film Catalogue!"},"content":{"rendered":"<p>Another year, another catalogue of national cinema for the world!<\/p>\n<p>The publication\u2019s release took place, as has become the tradition, within the context of March\u00e9 and marks the beginning of national participation in the French industry encounter. <strong>139 films form part of this new edition<\/strong>, which you can now take a look at below!<\/p>\n<p>The catalogue\u2019s new projects, which will premiere during the next 12 months, construct a multi-focal narrative about a world in reconstruction and include works by filmmakers with extensive careers as well as those with new perspectives.<\/p>\n<div class=\"_df_book df-container df-loading \" id=\"df_10447\"  title=\"new-chilean-films-2021\" wpoptions=\"true\" thumb=\"https:\/\/cinemachile.cl\/wp-content\/uploads\/2021\/07\/newchileanfilms.jpg\" thumbtype=\"bg\" ><\/div><script data-cfasync=\"false\">var option_df_10447 = {\"outline\":[],\"backgroundColor\":\"#F1D4D6\",\"forceFit\":\"true\",\"autoEnableOutline\":\"false\",\"autoEnableThumbnail\":\"false\",\"overwritePDFOutline\":\"false\",\"direction\":\"1\",\"pageMode\":\"0\",\"source\":\"https:\\\/\\\/cinemachile.cl\\\/wp-content\\\/uploads\\\/2021\\\/07\\\/new-chilean-films-2021.pdf\",\"wpOptions\":\"true\"}; if(window.DFLIP && DFLIP.parseBooks){DFLIP.parseBooks();}<\/script>\n<p>The feature films include 32 fictions and 17 documentaries, narrating the new proposals of seasoned creators such as Mat\u00edas Bize (<strong><em>Mensajes privados<\/em><\/strong>), Cristi\u00e1n S\u00e1nchez (<strong><em>Date una vuelta en el aire<\/em><\/strong>), Paola Castillo (<strong><em>Frontera<\/em><\/strong>), Pablo Perelman (<strong><em>Testimonios para el centenario de Gabriel Vald\u00e9s<\/em><\/strong>), Bernardo Quesney (<strong><em>History and Geography<\/em><\/strong>), and Constanza Fernandez (<strong><em>Impatient<\/em><\/strong>), among many others.<\/p>\n<p>Short films are also leading the reactivation of Chilean cinema with 90 new proposals, among which are 46 fictions and 32 documentaries, in addition to a historic year for animation with 12 shorts.<\/p>\n<p>Soon, in our editorial section QUICK LOOK, we will be revealing all the details about these multiple cinematic perspectives, highlighting new creators, first films, films directed by women, and new <em>trends<\/em> in our cinema.<\/p>\n<!-- AddThis Advanced Settings generic via filter on the_content --><!-- AddThis Share Buttons generic via filter on the_content -->","protected":false},"excerpt":{"rendered":"<p>Another year, another catalogue of national cinema for the world! The publication\u2019s release took place, as has become the tradition, within the context of March\u00e9 and marks the beginning of national participation in the French industry encounter. 139 films form part of this new edition, which you can now take a look at below! The [&hellip;]<!-- AddThis Advanced Settings generic via filter on wp_trim_excerpt --><!-- AddThis Share Buttons generic via filter on wp_trim_excerpt --><\/p>\n","protected":false},"author":4,"featured_media":10469,"comment_status":"open","ping_status":"open","sticky":false,"template":"","format":"standard","meta":{"loftloader_page_shortcode":""},"categories":[1],"tags":[],"yoast_head":"<!-- This site is optimized with the Yoast SEO plugin v16.2 - https:\/\/yoast.com\/wordpress\/plugins\/seo\/ -->\n<title>Cat\u00e1logo Internacional de Cine Chileno 2021 \u00a1Conoce este lanzamiento!<\/title>\n<meta name=\"description\" content=\"El cat\u00e1logo se lanz\u00f3 en el March\u00e9 du Film (Cannes) y cuenta con 139 pel\u00edculas y cortometrajes nacionales, que ser\u00e1n estrenadas en un plazo de 12 meses.\" \/>\n<meta name=\"robots\" content=\"index, follow, max-snippet:-1, max-image-preview:large, max-video-preview:-1\" \/>\n<link rel=\"canonical\" href=\"https:\/\/antes.cinemachile.cl\/?p=10468\" \/>\n<meta property=\"og:locale\" content=\"en_US\" \/>\n<meta property=\"og:type\" content=\"article\" \/>\n<meta property=\"og:title\" content=\"Cat\u00e1logo Internacional de Cine Chileno 2021 \u00a1Conoce este lanzamiento!\" \/>\n<meta property=\"og:description\" content=\"El cat\u00e1logo se lanz\u00f3 en el March\u00e9 du Film (Cannes) y cuenta con 139 pel\u00edculas y cortometrajes nacionales, que ser\u00e1n estrenadas en un plazo de 12 meses.\" \/>\n<meta property=\"og:url\" content=\"https:\/\/antes.cinemachile.cl\/?p=10468\" \/>\n<meta property=\"article:publisher\" content=\"https:\/\/www.facebook.com\/cinemachile\" \/>\n<meta property=\"article:published_time\" content=\"2021-07-07T11:22:57+00:00\" \/>\n<meta property=\"article:modified_time\" content=\"2021-07-23T19:02:25+00:00\" \/>\n<meta property=\"og:image\" content=\"https:\/\/cinemachile.cl\/wp-content\/uploads\/2021\/07\/lanzamientocatalogo-04.jpg\" \/>\n\t<meta property=\"og:image:width\" content=\"1921\" \/>\n\t<meta property=\"og:image:height\" content=\"860\" \/>\n<meta name=\"twitter:card\" content=\"summary_large_image\" \/>\n<meta name=\"twitter:creator\" content=\"@cinemachile\" \/>\n<meta name=\"twitter:site\" content=\"@cinemachile\" \/>\n<meta name=\"twitter:label1\" content=\"Est. reading time\">\n\t<meta name=\"twitter:data1\" content=\"1 minute\">\n<script type=\"application\/ld+json\" class=\"yoast-schema-graph\">{\"@context\":\"https:\/\/schema.org\",\"@graph\":[{\"@type\":\"Organization\",\"@id\":\"https:\/\/antes.cinemachile.cl\/#organization\",\"name\":\"CinemaChile\",\"url\":\"https:\/\/antes.cinemachile.cl\/\",\"sameAs\":[\"https:\/\/www.facebook.com\/cinemachile\",\"https:\/\/www.instagram.com\/cinemachile\/\",\"https:\/\/twitter.com\/cinemachile\"],\"logo\":{\"@type\":\"ImageObject\",\"@id\":\"https:\/\/antes.cinemachile.cl\/#logo\",\"inLanguage\":\"en-US\",\"url\":\"https:\/\/cinemachile.cl\/wp-content\/uploads\/2020\/06\/logo-cinema-gif.gif\",\"contentUrl\":\"https:\/\/cinemachile.cl\/wp-content\/uploads\/2020\/06\/logo-cinema-gif.gif\",\"width\":330,\"height\":150,\"caption\":\"CinemaChile\"},\"image\":{\"@id\":\"https:\/\/antes.cinemachile.cl\/#logo\"}},{\"@type\":\"WebSite\",\"@id\":\"https:\/\/antes.cinemachile.cl\/#website\",\"url\":\"https:\/\/antes.cinemachile.cl\/\",\"name\":\"\",\"description\":\"\",\"publisher\":{\"@id\":\"https:\/\/antes.cinemachile.cl\/#organization\"},\"potentialAction\":[{\"@type\":\"SearchAction\",\"target\":\"https:\/\/antes.cinemachile.cl\/?s={search_term_string}\",\"query-input\":\"required name=search_term_string\"}],\"inLanguage\":\"en-US\"},{\"@type\":\"ImageObject\",\"@id\":\"https:\/\/antes.cinemachile.cl\/?p=10468#primaryimage\",\"inLanguage\":\"en-US\",\"url\":\"https:\/\/antes.cinemachile.cl\/wp-content\/uploads\/2021\/07\/lanzamientocatalogo-04.jpg\",\"contentUrl\":\"https:\/\/antes.cinemachile.cl\/wp-content\/uploads\/2021\/07\/lanzamientocatalogo-04.jpg\",\"width\":1921,\"height\":860},{\"@type\":\"WebPage\",\"@id\":\"https:\/\/antes.cinemachile.cl\/?p=10468#webpage\",\"url\":\"https:\/\/antes.cinemachile.cl\/?p=10468\",\"name\":\"Cat\\u00e1logo Internacional de Cine Chileno 2021 \\u00a1Conoce este lanzamiento!\",\"isPartOf\":{\"@id\":\"https:\/\/antes.cinemachile.cl\/#website\"},\"primaryImageOfPage\":{\"@id\":\"https:\/\/antes.cinemachile.cl\/?p=10468#primaryimage\"},\"datePublished\":\"2021-07-07T11:22:57+00:00\",\"dateModified\":\"2021-07-23T19:02:25+00:00\",\"description\":\"El cat\\u00e1logo se lanz\\u00f3 en el March\\u00e9 du Film (Cannes) y cuenta con 139 pel\\u00edculas y cortometrajes nacionales, que ser\\u00e1n estrenadas en un plazo de 12 meses.\",\"breadcrumb\":{\"@id\":\"https:\/\/antes.cinemachile.cl\/?p=10468#breadcrumb\"},\"inLanguage\":\"en-US\",\"potentialAction\":[{\"@type\":\"ReadAction\",\"target\":[\"https:\/\/antes.cinemachile.cl\/?p=10468\"]}]},{\"@type\":\"BreadcrumbList\",\"@id\":\"https:\/\/antes.cinemachile.cl\/?p=10468#breadcrumb\",\"itemListElement\":[{\"@type\":\"ListItem\",\"position\":1,\"item\":{\"@type\":\"WebPage\",\"@id\":\"https:\/\/antes.cinemachile.cl\/\",\"url\":\"https:\/\/antes.cinemachile.cl\/\",\"name\":\"Portada\"}},{\"@type\":\"ListItem\",\"position\":2,\"item\":{\"@id\":\"https:\/\/antes.cinemachile.cl\/?p=10468#webpage\"}}]},{\"@type\":\"Article\",\"@id\":\"https:\/\/antes.cinemachile.cl\/?p=10468#article\",\"isPartOf\":{\"@id\":\"https:\/\/antes.cinemachile.cl\/?p=10468#webpage\"},\"author\":{\"@id\":\"https:\/\/antes.cinemachile.cl\/#\/schema\/person\/ee02b79f2dae650098562382a24d21d1\"},\"headline\":\"We launched in Cannes a New International Chilean Film Catalogue!\",\"datePublished\":\"2021-07-07T11:22:57+00:00\",\"dateModified\":\"2021-07-23T19:02:25+00:00\",\"mainEntityOfPage\":{\"@id\":\"https:\/\/antes.cinemachile.cl\/?p=10468#webpage\"},\"commentCount\":0,\"publisher\":{\"@id\":\"https:\/\/antes.cinemachile.cl\/#organization\"},\"image\":{\"@id\":\"https:\/\/antes.cinemachile.cl\/?p=10468#primaryimage\"},\"articleSection\":[\"Sin categor\\u00eda\"],\"inLanguage\":\"en-US\",\"potentialAction\":[{\"@type\":\"CommentAction\",\"name\":\"Comment\",\"target\":[\"https:\/\/antes.cinemachile.cl\/?p=10468#respond\"]}]},{\"@type\":\"Person\",\"@id\":\"https:\/\/antes.cinemachile.cl\/#\/schema\/person\/ee02b79f2dae650098562382a24d21d1\",\"name\":\"Prensa CinemaChile\",\"image\":{\"@type\":\"ImageObject\",\"@id\":\"https:\/\/antes.cinemachile.cl\/#personlogo\",\"inLanguage\":\"en-US\",\"url\":\"https:\/\/secure.gravatar.com\/avatar\/b3ccb455f578dd97b84c14103abb9dcb?s=96&d=mm&r=g\",\"contentUrl\":\"https:\/\/secure.gravatar.com\/avatar\/b3ccb455f578dd97b84c14103abb9dcb?s=96&d=mm&r=g\",\"caption\":\"Prensa CinemaChile\"}}]}<\/script>\n<!-- \/ Yoast SEO plugin. -->","_links":{"self":[{"href":"https:\/\/antes.cinemachile.cl\/en\/wp-json\/wp\/v2\/posts\/10468"}],"collection":[{"href":"https:\/\/antes.cinemachile.cl\/en\/wp-json\/wp\/v2\/posts"}],"about":[{"href":"https:\/\/antes.cinemachile.cl\/en\/wp-json\/wp\/v2\/types\/post"}],"author":[{"embeddable":true,"href":"https:\/\/antes.cinemachile.cl\/en\/wp-json\/wp\/v2\/users\/4"}],"replies":[{"embeddable":true,"href":"https:\/\/antes.cinemachile.cl\/en\/wp-json\/wp\/v2\/comments?post=10468"}],"version-history":[{"count":6,"href":"https:\/\/antes.cinemachile.cl\/en\/wp-json\/wp\/v2\/posts\/10468\/revisions"}],"predecessor-version":[{"id":10577,"href":"https:\/\/antes.cinemachile.cl\/en\/wp-json\/wp\/v2\/posts\/10468\/revisions\/10577"}],"wp:featuredmedia":[{"embeddable":true,"href":"https:\/\/antes.cinemachile.cl\/en\/wp-json\/wp\/v2\/media\/10469"}],"wp:attachment":[{"href":"https:\/\/antes.cinemachile.cl\/en\/wp-json\/wp\/v2\/media?parent=10468"}],"wp:term":[{"taxonomy":"category","embeddable":true,"href":"https:\/\/antes.cinemachile.cl\/en\/wp-json\/wp\/v2\/categories?post=10468"},{"taxonomy":"post_tag","embeddable":true,"href":"https:\/\/antes.cinemachile.cl\/en\/wp-json\/wp\/v2\/tags?post=10468"}],"curies":[{"name":"wp","href":"https:\/\/api.w.org\/{rel}","templated":true}]}}