{"id":10270,"date":"2021-06-01T12:00:32","date_gmt":"2021-06-01T12:00:32","guid":{"rendered":"https:\/\/cinemachile.cl\/?p=10270"},"modified":"2021-06-15T16:09:37","modified_gmt":"2021-06-15T16:09:37","slug":"momentos-peak-the-cinemachile-monthly-wrap-mayo-2021","status":"publish","type":"post","link":"https:\/\/antes.cinemachile.cl\/en\/espanol-momentos-peak-the-cinemachile-monthly-wrap-mayo-2021\/","title":{"rendered":"The CinemaChile Monthly Wrap, May 2021"},"content":{"rendered":"<p><\/p>\n<div class=\"c-message_kit__gutter\">\n<div class=\"c-message_kit__gutter__right\" data-qa=\"message_content\">\n<div class=\"c-message_kit__blocks c-message_kit__blocks--rich_text\">\n<div class=\"c-message__message_blocks c-message__message_blocks--rich_text\">\n<div class=\"p-block_kit_renderer\" data-qa=\"block-kit-renderer\">\n<div class=\"p-block_kit_renderer__block_wrapper p-block_kit_renderer__block_wrapper--first\">\n<div class=\"p-rich_text_block\" dir=\"auto\">\n<div class=\"p-rich_text_section\">\n<div class=\"c-message_kit__gutter\">\n<div class=\"c-message_kit__gutter__right\" data-qa=\"message_content\">\n<div class=\"c-message_kit__blocks c-message_kit__blocks--rich_text\">\n<div class=\"c-message__message_blocks c-message__message_blocks--rich_text\">\n<div class=\"p-block_kit_renderer\" data-qa=\"block-kit-renderer\">\n<div class=\"p-block_kit_renderer__block_wrapper p-block_kit_renderer__block_wrapper--first\">\n<div class=\"p-rich_text_block\" dir=\"auto\">\n<div class=\"p-rich_text_section\"><b data-stringify-type=\"bold\">We made it through May! And as is already a tradition, we prepared a summary of last month\u2019s high points.<\/b><\/div>\n<\/div>\n<\/div>\n<\/div>\n<\/div>\n<\/div>\n<\/div>\n<\/div>\n<div class=\"c-message_actions__container c-message__actions\" role=\"group\">\n<div class=\"c-message_actions__group\" role=\"group\" aria-label=\"Accesos directos de mensaje\" data-qa=\"message-actions\"><\/div>\n<\/div>\n<\/div>\n<\/div>\n<\/div>\n<\/div>\n<\/div>\n<\/div>\n<\/div>\n<\/div>\n<p><span style=\"font-weight: 400;\">Across the board, May was marked by the reactivation of our film industry. While some projects prepared their final details before filming, others finished shooting and entered post-production. Announcements included festival selections in Annecy and Mal\u00e1ga, as well as the participation of top directors in international series. Check out all these milestones (and many more) as we say \u201cTHAT\u2019S A WRAP!\u201d to the month of May.<\/span><\/p>\n<p><img loading=\"lazy\" class=\"alignnone size-full wp-image-10274\" src=\"https:\/\/cinemachile.cl\/wp-content\/uploads\/2021\/05\/titulo1-UNDERTHERADAR.png\" alt=\"\" width=\"800\" height=\"112\" srcset=\"https:\/\/antes.cinemachile.cl\/wp-content\/uploads\/2021\/05\/titulo1-UNDERTHERADAR.png 800w, https:\/\/antes.cinemachile.cl\/wp-content\/uploads\/2021\/05\/titulo1-UNDERTHERADAR-300x42.png 300w, https:\/\/antes.cinemachile.cl\/wp-content\/uploads\/2021\/05\/titulo1-UNDERTHERADAR-768x108.png 768w\" sizes=\"(max-width: 800px) 100vw, 800px\" \/><\/p>\n<p><span style=\"font-weight: 400;\">With so much going on in virtual platforms and digital news sources, sometimes it&#8217;s easy to miss out on key info. Here we quickly bring together some of the month&#8217;s landmarks so you never again have to worry about not being on top of your Chilean industry scoop!<\/span><\/p>\n<p><img loading=\"lazy\" class=\"wp-image-10312 aligncenter\" src=\"https:\/\/cinemachile.cl\/wp-content\/uploads\/2020\/05\/under-radar-10.jpg\" alt=\"\" width=\"646\" height=\"152\" srcset=\"https:\/\/antes.cinemachile.cl\/wp-content\/uploads\/2020\/05\/under-radar-10.jpg 800w, https:\/\/antes.cinemachile.cl\/wp-content\/uploads\/2020\/05\/under-radar-10-300x71.jpg 300w, https:\/\/antes.cinemachile.cl\/wp-content\/uploads\/2020\/05\/under-radar-10-768x180.jpg 768w\" sizes=\"(max-width: 646px) 100vw, 646px\" \/><img loading=\"lazy\" class=\"wp-image-10313 aligncenter\" src=\"https:\/\/cinemachile.cl\/wp-content\/uploads\/2020\/05\/under-radar-11.jpg\" alt=\"\" width=\"667\" height=\"157\" srcset=\"https:\/\/antes.cinemachile.cl\/wp-content\/uploads\/2020\/05\/under-radar-11.jpg 800w, https:\/\/antes.cinemachile.cl\/wp-content\/uploads\/2020\/05\/under-radar-11-300x71.jpg 300w, https:\/\/antes.cinemachile.cl\/wp-content\/uploads\/2020\/05\/under-radar-11-768x180.jpg 768w\" sizes=\"(max-width: 667px) 100vw, 667px\" \/><img loading=\"lazy\" class=\"wp-image-10314 aligncenter\" src=\"https:\/\/cinemachile.cl\/wp-content\/uploads\/2020\/05\/under-radar-12.jpg\" alt=\"\" width=\"675\" height=\"159\" srcset=\"https:\/\/antes.cinemachile.cl\/wp-content\/uploads\/2020\/05\/under-radar-12.jpg 800w, https:\/\/antes.cinemachile.cl\/wp-content\/uploads\/2020\/05\/under-radar-12-300x71.jpg 300w, https:\/\/antes.cinemachile.cl\/wp-content\/uploads\/2020\/05\/under-radar-12-768x180.jpg 768w\" sizes=\"(max-width: 675px) 100vw, 675px\" \/><\/p>\n<p><img loading=\"lazy\" class=\"alignnone size-full wp-image-10282\" src=\"https:\/\/cinemachile.cl\/wp-content\/uploads\/2021\/05\/titulo5-NEWSECTIONS.jpg\" alt=\"\" width=\"800\" height=\"85\" srcset=\"https:\/\/antes.cinemachile.cl\/wp-content\/uploads\/2021\/05\/titulo5-NEWSECTIONS.jpg 800w, https:\/\/antes.cinemachile.cl\/wp-content\/uploads\/2021\/05\/titulo5-NEWSECTIONS-300x32.jpg 300w, https:\/\/antes.cinemachile.cl\/wp-content\/uploads\/2021\/05\/titulo5-NEWSECTIONS-768x82.jpg 768w\" sizes=\"(max-width: 800px) 100vw, 800px\" \/><\/p>\n<p><span style=\"font-weight: 400;\">We have fresh new content taking over social media! <\/span><b>#cinemachileretro on Instagram<\/b><span style=\"font-weight: 400;\"> is a space where nostalgia and memories take us back\u00a0 on a weekly basis to different time periods throughout our filmic history.\u00a0 In this edition, we are remembering when Chilean-Spanish director Theo Court dazzled the Venice jury with his third film \u201cWhite on White\u201d, winning the Silver Lion for Best Director (Orizzonti).<\/span><\/p>\n<p><a href=\"https:\/\/www.instagram.com\/p\/CPYwshSpp0x\/\"><img loading=\"lazy\" class=\"wp-image-10283 aligncenter\" src=\"https:\/\/cinemachile.cl\/wp-content\/uploads\/2021\/05\/cch-retro.jpg\" alt=\"\" width=\"280\" height=\"280\" srcset=\"https:\/\/antes.cinemachile.cl\/wp-content\/uploads\/2021\/05\/cch-retro.jpg 1080w, https:\/\/antes.cinemachile.cl\/wp-content\/uploads\/2021\/05\/cch-retro-300x300.jpg 300w, https:\/\/antes.cinemachile.cl\/wp-content\/uploads\/2021\/05\/cch-retro-1024x1024.jpg 1024w, https:\/\/antes.cinemachile.cl\/wp-content\/uploads\/2021\/05\/cch-retro-150x150.jpg 150w, https:\/\/antes.cinemachile.cl\/wp-content\/uploads\/2021\/05\/cch-retro-768x768.jpg 768w, https:\/\/antes.cinemachile.cl\/wp-content\/uploads\/2021\/05\/cch-retro-700x700.jpg 700w\" sizes=\"(max-width: 280px) 100vw, 280px\" \/><\/a><\/p>\n<p><img loading=\"lazy\" class=\"alignnone size-full wp-image-10278\" src=\"https:\/\/cinemachile.cl\/wp-content\/uploads\/2021\/05\/titulo2-TOPFOCUS.png\" alt=\"\" width=\"800\" height=\"112\" srcset=\"https:\/\/antes.cinemachile.cl\/wp-content\/uploads\/2021\/05\/titulo2-TOPFOCUS.png 800w, https:\/\/antes.cinemachile.cl\/wp-content\/uploads\/2021\/05\/titulo2-TOPFOCUS-300x42.png 300w, https:\/\/antes.cinemachile.cl\/wp-content\/uploads\/2021\/05\/titulo2-TOPFOCUS-768x108.png 768w\" sizes=\"(max-width: 800px) 100vw, 800px\" \/><\/p>\n<p><span style=\"font-weight: 400;\">If you still don\u2019t follow us on Spotify, now is the time! Click below to listen to a new episode of CinemaChile Talks, where we chatted with Oscar nominee Marcela Santib\u00e1\u00f1ez (Micromundo Producciones), Roc\u00edo Jadue (Fabula), and Alejandra Garc\u00eda (Wood). Together we answered key questions about their personal experiences as producers, sharing laughs and exclusive anecdotes along the way. Don\u2019t miss it!<\/span><\/p>\n<p><img loading=\"lazy\" class=\"aligncenter wp-image-10281 \" src=\"https:\/\/cinemachile.cl\/wp-content\/uploads\/2021\/05\/highlights-16-300x232.jpg\" alt=\"\" width=\"309\" height=\"239\" srcset=\"https:\/\/antes.cinemachile.cl\/wp-content\/uploads\/2021\/05\/highlights-16-300x232.jpg 300w, https:\/\/antes.cinemachile.cl\/wp-content\/uploads\/2021\/05\/highlights-16.jpg 750w\" sizes=\"(max-width: 309px) 100vw, 309px\" \/><\/p>\n<div class=\"oceanwp-oembed-wrap clr\"><iframe loading=\"lazy\" title=\"Spotify Embed: CinemaChile Talks: Mujeres productoras y el futuro del cine chileno \" width=\"100%\" height=\"232\" allowtransparency=\"true\" frameborder=\"0\" allow=\"encrypted-media\" src=\"https:\/\/open.spotify.com\/embed-podcast\/episode\/3wGzFA3weB6XncWckWZatn?go=1&#038;utm_source=embed_v3&#038;t=0&#038;nd=1\"><\/iframe><\/div>\n<p><span style=\"font-weight: 400;\">Also, <span style=\"color: #ff0000;\"><a style=\"color: #ff0000;\" href=\"https:\/\/cinemachile.cl\/en\/el-estallido-the-new-documentary-series-by-btf-media\/\"><strong><em>El estallido<\/em><\/strong>, the new series by Emmy winner Hern\u00e1n Caffiero<\/a><\/span>, announced important news; and <span style=\"color: #ff0000;\"><a style=\"color: #ff0000;\" href=\"https:\/\/cinemachile.cl\/en\/espanol-malaga-2021-conoce-las-peliculas-chilenas-seleccionadas-en-el-festival-espanol\/\">4 films with Chilean participation are slated for M\u00e1laga.<\/a><\/span><\/span><\/p>\n<div id='gallery-2' class='gallery galleryid-10270 gallery-columns-2 gallery-size-medium'><figure class='gallery-item'>\n\t\t\t<div class='gallery-icon landscape'>\n\t\t\t\t<img width=\"300\" height=\"232\" src=\"https:\/\/antes.cinemachile.cl\/wp-content\/uploads\/2021\/05\/highlights-14-300x232.jpg\" class=\"attachment-medium size-medium\" alt=\"\" loading=\"lazy\" srcset=\"https:\/\/antes.cinemachile.cl\/wp-content\/uploads\/2021\/05\/highlights-14-300x232.jpg 300w, https:\/\/antes.cinemachile.cl\/wp-content\/uploads\/2021\/05\/highlights-14.jpg 750w\" sizes=\"(max-width: 300px) 100vw, 300px\" \/>\n\t\t\t<\/div><\/figure><figure class='gallery-item'>\n\t\t\t<div class='gallery-icon landscape'>\n\t\t\t\t<img width=\"300\" height=\"232\" src=\"https:\/\/antes.cinemachile.cl\/wp-content\/uploads\/2020\/05\/tap-bio-malaga-15-300x232.jpg\" class=\"attachment-medium size-medium\" alt=\"\" loading=\"lazy\" srcset=\"https:\/\/antes.cinemachile.cl\/wp-content\/uploads\/2020\/05\/tap-bio-malaga-15-300x232.jpg 300w, https:\/\/antes.cinemachile.cl\/wp-content\/uploads\/2020\/05\/tap-bio-malaga-15.jpg 750w\" sizes=\"(max-width: 300px) 100vw, 300px\" \/>\n\t\t\t<\/div><\/figure>\n\t\t<\/div>\n\n<p><img loading=\"lazy\" class=\"alignnone size-full wp-image-10284\" src=\"https:\/\/cinemachile.cl\/wp-content\/uploads\/2021\/05\/titulo3-NEWWAVE.png\" alt=\"\" width=\"800\" height=\"112\" srcset=\"https:\/\/antes.cinemachile.cl\/wp-content\/uploads\/2021\/05\/titulo3-NEWWAVE.png 800w, https:\/\/antes.cinemachile.cl\/wp-content\/uploads\/2021\/05\/titulo3-NEWWAVE-300x42.png 300w, https:\/\/antes.cinemachile.cl\/wp-content\/uploads\/2021\/05\/titulo3-NEWWAVE-768x108.png 768w\" sizes=\"(max-width: 800px) 100vw, 800px\" \/><img loading=\"lazy\" class=\"size-full wp-image-10285 aligncenter\" src=\"https:\/\/cinemachile.cl\/wp-content\/uploads\/2021\/05\/wrap-talents-gif.gif\" alt=\"\" width=\"800\" height=\"250\" \/><\/p>\n<p><span style=\"font-weight: 400;\">Valeria Hofmann (director) and Rodrigo D\u00edaz (producer) are the creators behind <\/span><b><i>The Ram\u2019s nap<\/i><\/b><span style=\"font-weight: 400;\">, selected in the Short Documentary Film Competition of M\u00e1laga. The striking film creates a visual map of emotional and\u00a0 familial ties crossed between Chile and Spain, discovering identity through food. With its European premiere slated for June 10th, it weaves together a reflection about the different ways that one can inhabit territories, memory, digital connections, the kitchen, and art.<\/span><\/p>\n<p><span style=\"font-weight: 400;\">\u201cThis selection is a great honor that will allow us to promote the work of Valeria and the production company Brisa at one of the most renowned festivals in the region, where\u00a0 such great Chilean titles have been screened in past years. It is without a doubt a very special selection because it\u2019s the first time the film will be seen in a movie theater since its premiere at FIDBA in September 2020,\u201d says D\u00edaz.<\/span><\/p>\n<p><span style=\"font-weight: 400;\">Hofmann is a Chilean screenwriter and director who focuses on themes that delve into\u00a0 topics of the body and technology. She\u2019s a director of the MAFI collective (Spanish acronym for \u201cFilmic Map of a Country\u201d), and was one of the participating directors of <\/span><b><i>Propaganda<\/i><\/b><span style=\"font-weight: 400;\"> (2013) and <\/span><b><i>Dios<\/i><\/b><span style=\"font-weight: 400;\"> (2019), both of which premiered at Visions Du R\u00e9el.<\/span><\/p>\n<p><span style=\"font-weight: 400;\">D\u00edaz is the producer behind one of the most successful Chilean short films as of late, <\/span><b><i>Austral Fever<\/i><\/b><span style=\"font-weight: 400;\"> (2019), premiering in Venice and screened at TIFF, San Sebasti\u00e1n, and NYFF, among others. In 2020 he founded the production company Parina Films, dedicated to the development and promotion of emerging talents.<\/span><\/p>\n<p class=\"responsive-video-wrap clr\"><iframe loading=\"lazy\" title=\"La Siesta del Carnero - Official Trailer\" src=\"https:\/\/player.vimeo.com\/video\/449244990?dnt=1&amp;app_id=122963\" width=\"1200\" height=\"675\" frameborder=\"0\" allow=\"autoplay; fullscreen; picture-in-picture\" allowfullscreen><\/iframe><\/p>\n<p><img loading=\"lazy\" class=\"alignnone size-full wp-image-10286\" src=\"https:\/\/cinemachile.cl\/wp-content\/uploads\/2021\/05\/titulo4-INMEMORIAM.png\" alt=\"\" width=\"800\" height=\"85\" srcset=\"https:\/\/antes.cinemachile.cl\/wp-content\/uploads\/2021\/05\/titulo4-INMEMORIAM.png 800w, https:\/\/antes.cinemachile.cl\/wp-content\/uploads\/2021\/05\/titulo4-INMEMORIAM-300x32.png 300w, https:\/\/antes.cinemachile.cl\/wp-content\/uploads\/2021\/05\/titulo4-INMEMORIAM-768x82.png 768w\" sizes=\"(max-width: 800px) 100vw, 800px\" \/><\/p>\n<p><span style=\"font-weight: 400;\">This month we honor the life of two great icons of Chilean theater and film, who created transcendental works during times of dictatorship and exile.<\/span><\/p>\n<p><span style=\"font-weight: 400;\">Sergio Navarro (1943-2021) was an acclaimed documentary filmmaker with a body of work that includes more than 20 titles, acutely observing Chilean society throughout all of his career. Steward of New Chilean Cinema, he co-directed the feature film <\/span><b><i>V\u00edas paralelas<\/i><\/b><span style=\"font-weight: 400;\"> (1975) with Cristi\u00e1n S\u00e1nchez. Up until his death he dedicated himself to imparting his experience at a multitude of schools and film workshops around the country.\u00a0<\/span><\/p>\n<p><span style=\"font-weight: 400;\">From an early age, Orietta Esc\u00e1mez (1938-2021) stood out for her acting abilities. With more than 50 years of experience, she participated in dozens of theater productions. Her film debut was in 1957 in <\/span><b><i>Tres miradas a la calle<\/i><\/b><span style=\"font-weight: 400;\"> by Naum Kramarenco, that portrayed domestic violence for the first time on screen. Her ascending career brought her to work with Ra\u00fal Ruiz on <\/span><b><i>La maleta<\/i><\/b><span style=\"font-weight: 400;\"> (1963), one of the most important Chilean short films in our history.<\/span><\/p>\n<p><span style=\"font-weight: 400;\">We mourn their loss and know that their memory will live on eternally.<\/span><\/p>\n<p><img loading=\"lazy\" class=\"size-full wp-image-10287 aligncenter\" src=\"https:\/\/cinemachile.cl\/wp-content\/uploads\/2021\/05\/IN-MEMORIAM.jpg\" alt=\"\" width=\"800\" height=\"250\" srcset=\"https:\/\/antes.cinemachile.cl\/wp-content\/uploads\/2021\/05\/IN-MEMORIAM.jpg 800w, https:\/\/antes.cinemachile.cl\/wp-content\/uploads\/2021\/05\/IN-MEMORIAM-300x94.jpg 300w, https:\/\/antes.cinemachile.cl\/wp-content\/uploads\/2021\/05\/IN-MEMORIAM-768x240.jpg 768w\" sizes=\"(max-width: 800px) 100vw, 800px\" \/><\/p>\n<!-- AddThis Advanced Settings generic via filter on the_content --><!-- AddThis Share Buttons generic via filter on the_content -->","protected":false},"excerpt":{"rendered":"<p>We made it through May! And as is already a tradition, we prepared a summary of last month\u2019s high points. Across the board, May was marked by the reactivation of our film industry. While some projects prepared their final details before filming, others finished shooting and entered post-production. Announcements included festival selections in Annecy and [&hellip;]<!-- AddThis Advanced Settings generic via filter on wp_trim_excerpt --><!-- AddThis Share Buttons generic via filter on wp_trim_excerpt --><\/p>\n","protected":false},"author":4,"featured_media":10273,"comment_status":"open","ping_status":"open","sticky":false,"template":"","format":"standard","meta":{"loftloader_page_shortcode":""},"categories":[1],"tags":[],"yoast_head":"<!-- This site is optimized with the Yoast SEO plugin v16.2 - https:\/\/yoast.com\/wordpress\/plugins\/seo\/ -->\n<title>Momentos peak del cine y las series chilenas en mayo<\/title>\n<meta name=\"description\" content=\"Momentos peak: El cine, las series y el talento chileno siguen brillando, esperando que podamos pronto celebrar estos triunfos juntos.\" \/>\n<meta name=\"robots\" content=\"index, follow, max-snippet:-1, max-image-preview:large, max-video-preview:-1\" \/>\n<link rel=\"canonical\" href=\"https:\/\/antes.cinemachile.cl\/?p=10270\" \/>\n<meta property=\"og:locale\" content=\"en_US\" \/>\n<meta property=\"og:type\" content=\"article\" \/>\n<meta property=\"og:title\" content=\"Momentos peak del cine y las series chilenas en mayo\" \/>\n<meta property=\"og:description\" content=\"Momentos peak: El cine, las series y el talento chileno siguen brillando, esperando que podamos pronto celebrar estos triunfos juntos.\" \/>\n<meta property=\"og:url\" content=\"https:\/\/antes.cinemachile.cl\/?p=10270\" \/>\n<meta property=\"article:publisher\" content=\"https:\/\/www.facebook.com\/cinemachile\" \/>\n<meta property=\"article:published_time\" content=\"2021-06-01T12:00:32+00:00\" \/>\n<meta property=\"article:modified_time\" content=\"2021-06-15T16:09:37+00:00\" \/>\n<meta property=\"og:image\" content=\"https:\/\/cinemachile.cl\/wp-content\/uploads\/2021\/05\/wrap-mayo_header.jpg\" \/>\n\t<meta property=\"og:image:width\" content=\"800\" \/>\n\t<meta property=\"og:image:height\" content=\"300\" \/>\n<meta name=\"twitter:card\" content=\"summary_large_image\" \/>\n<meta name=\"twitter:creator\" content=\"@cinemachile\" \/>\n<meta name=\"twitter:site\" content=\"@cinemachile\" \/>\n<meta name=\"twitter:label1\" content=\"Est. reading time\">\n\t<meta name=\"twitter:data1\" content=\"6 minutes\">\n<script type=\"application\/ld+json\" class=\"yoast-schema-graph\">{\"@context\":\"https:\/\/schema.org\",\"@graph\":[{\"@type\":\"Organization\",\"@id\":\"https:\/\/antes.cinemachile.cl\/#organization\",\"name\":\"CinemaChile\",\"url\":\"https:\/\/antes.cinemachile.cl\/\",\"sameAs\":[\"https:\/\/www.facebook.com\/cinemachile\",\"https:\/\/www.instagram.com\/cinemachile\/\",\"https:\/\/twitter.com\/cinemachile\"],\"logo\":{\"@type\":\"ImageObject\",\"@id\":\"https:\/\/antes.cinemachile.cl\/#logo\",\"inLanguage\":\"en-US\",\"url\":\"https:\/\/cinemachile.cl\/wp-content\/uploads\/2020\/06\/logo-cinema-gif.gif\",\"contentUrl\":\"https:\/\/cinemachile.cl\/wp-content\/uploads\/2020\/06\/logo-cinema-gif.gif\",\"width\":330,\"height\":150,\"caption\":\"CinemaChile\"},\"image\":{\"@id\":\"https:\/\/antes.cinemachile.cl\/#logo\"}},{\"@type\":\"WebSite\",\"@id\":\"https:\/\/antes.cinemachile.cl\/#website\",\"url\":\"https:\/\/antes.cinemachile.cl\/\",\"name\":\"\",\"description\":\"\",\"publisher\":{\"@id\":\"https:\/\/antes.cinemachile.cl\/#organization\"},\"potentialAction\":[{\"@type\":\"SearchAction\",\"target\":\"https:\/\/antes.cinemachile.cl\/?s={search_term_string}\",\"query-input\":\"required name=search_term_string\"}],\"inLanguage\":\"en-US\"},{\"@type\":\"ImageObject\",\"@id\":\"https:\/\/antes.cinemachile.cl\/?p=10270#primaryimage\",\"inLanguage\":\"en-US\",\"url\":\"https:\/\/antes.cinemachile.cl\/wp-content\/uploads\/2021\/05\/wrap-mayo_header.jpg\",\"contentUrl\":\"https:\/\/antes.cinemachile.cl\/wp-content\/uploads\/2021\/05\/wrap-mayo_header.jpg\",\"width\":800,\"height\":300},{\"@type\":\"WebPage\",\"@id\":\"https:\/\/antes.cinemachile.cl\/?p=10270#webpage\",\"url\":\"https:\/\/antes.cinemachile.cl\/?p=10270\",\"name\":\"Momentos peak del cine y las series chilenas en mayo\",\"isPartOf\":{\"@id\":\"https:\/\/antes.cinemachile.cl\/#website\"},\"primaryImageOfPage\":{\"@id\":\"https:\/\/antes.cinemachile.cl\/?p=10270#primaryimage\"},\"datePublished\":\"2021-06-01T12:00:32+00:00\",\"dateModified\":\"2021-06-15T16:09:37+00:00\",\"description\":\"Momentos peak: El cine, las series y el talento chileno siguen brillando, esperando que podamos pronto celebrar estos triunfos juntos.\",\"breadcrumb\":{\"@id\":\"https:\/\/antes.cinemachile.cl\/?p=10270#breadcrumb\"},\"inLanguage\":\"en-US\",\"potentialAction\":[{\"@type\":\"ReadAction\",\"target\":[\"https:\/\/antes.cinemachile.cl\/?p=10270\"]}]},{\"@type\":\"BreadcrumbList\",\"@id\":\"https:\/\/antes.cinemachile.cl\/?p=10270#breadcrumb\",\"itemListElement\":[{\"@type\":\"ListItem\",\"position\":1,\"item\":{\"@type\":\"WebPage\",\"@id\":\"https:\/\/antes.cinemachile.cl\/\",\"url\":\"https:\/\/antes.cinemachile.cl\/\",\"name\":\"Portada\"}},{\"@type\":\"ListItem\",\"position\":2,\"item\":{\"@id\":\"https:\/\/antes.cinemachile.cl\/?p=10270#webpage\"}}]},{\"@type\":\"Article\",\"@id\":\"https:\/\/antes.cinemachile.cl\/?p=10270#article\",\"isPartOf\":{\"@id\":\"https:\/\/antes.cinemachile.cl\/?p=10270#webpage\"},\"author\":{\"@id\":\"https:\/\/antes.cinemachile.cl\/#\/schema\/person\/ee02b79f2dae650098562382a24d21d1\"},\"headline\":\"The CinemaChile Monthly Wrap, May 2021\",\"datePublished\":\"2021-06-01T12:00:32+00:00\",\"dateModified\":\"2021-06-15T16:09:37+00:00\",\"mainEntityOfPage\":{\"@id\":\"https:\/\/antes.cinemachile.cl\/?p=10270#webpage\"},\"commentCount\":0,\"publisher\":{\"@id\":\"https:\/\/antes.cinemachile.cl\/#organization\"},\"image\":{\"@id\":\"https:\/\/antes.cinemachile.cl\/?p=10270#primaryimage\"},\"articleSection\":[\"Sin categor\\u00eda\"],\"inLanguage\":\"en-US\",\"potentialAction\":[{\"@type\":\"CommentAction\",\"name\":\"Comment\",\"target\":[\"https:\/\/antes.cinemachile.cl\/?p=10270#respond\"]}]},{\"@type\":\"Person\",\"@id\":\"https:\/\/antes.cinemachile.cl\/#\/schema\/person\/ee02b79f2dae650098562382a24d21d1\",\"name\":\"Prensa CinemaChile\",\"image\":{\"@type\":\"ImageObject\",\"@id\":\"https:\/\/antes.cinemachile.cl\/#personlogo\",\"inLanguage\":\"en-US\",\"url\":\"https:\/\/secure.gravatar.com\/avatar\/b3ccb455f578dd97b84c14103abb9dcb?s=96&d=mm&r=g\",\"contentUrl\":\"https:\/\/secure.gravatar.com\/avatar\/b3ccb455f578dd97b84c14103abb9dcb?s=96&d=mm&r=g\",\"caption\":\"Prensa CinemaChile\"}}]}<\/script>\n<!-- \/ Yoast SEO plugin. -->","_links":{"self":[{"href":"https:\/\/antes.cinemachile.cl\/en\/wp-json\/wp\/v2\/posts\/10270"}],"collection":[{"href":"https:\/\/antes.cinemachile.cl\/en\/wp-json\/wp\/v2\/posts"}],"about":[{"href":"https:\/\/antes.cinemachile.cl\/en\/wp-json\/wp\/v2\/types\/post"}],"author":[{"embeddable":true,"href":"https:\/\/antes.cinemachile.cl\/en\/wp-json\/wp\/v2\/users\/4"}],"replies":[{"embeddable":true,"href":"https:\/\/antes.cinemachile.cl\/en\/wp-json\/wp\/v2\/comments?post=10270"}],"version-history":[{"count":56,"href":"https:\/\/antes.cinemachile.cl\/en\/wp-json\/wp\/v2\/posts\/10270\/revisions"}],"predecessor-version":[{"id":10347,"href":"https:\/\/antes.cinemachile.cl\/en\/wp-json\/wp\/v2\/posts\/10270\/revisions\/10347"}],"wp:featuredmedia":[{"embeddable":true,"href":"https:\/\/antes.cinemachile.cl\/en\/wp-json\/wp\/v2\/media\/10273"}],"wp:attachment":[{"href":"https:\/\/antes.cinemachile.cl\/en\/wp-json\/wp\/v2\/media?parent=10270"}],"wp:term":[{"taxonomy":"category","embeddable":true,"href":"https:\/\/antes.cinemachile.cl\/en\/wp-json\/wp\/v2\/categories?post=10270"},{"taxonomy":"post_tag","embeddable":true,"href":"https:\/\/antes.cinemachile.cl\/en\/wp-json\/wp\/v2\/tags?post=10270"}],"curies":[{"name":"wp","href":"https:\/\/api.w.org\/{rel}","templated":true}]}}